{"id":52260,"date":"2025-04-06T21:41:19","date_gmt":"2025-04-07T00:41:19","guid":{"rendered":"https:\/\/radiorevelacionfm.cl\/?p=52260"},"modified":"2025-04-06T21:41:19","modified_gmt":"2025-04-07T00:41:19","slug":"indap-aysen-impulsa-programa-para-frenar-la-migracion-de-jovenes-rurales-y-apoyar-el-emprendimiento-en-el-agro","status":"publish","type":"post","link":"https:\/\/radiorevelacionfm.cl\/?p=52260","title":{"rendered":"Indap Ays\u00e9n impulsa programa para frenar la migraci\u00f3n de j\u00f3venes rurales y apoyar el emprendimiento en el agro"},"content":{"rendered":"<div class=\"flex_column av_one_full  flex_column_div av-zero-column-padding first  avia-builder-el-0  el_before_av_one_full  avia-builder-el-first  \" style='border-radius:0px; '><div  class='avia-image-container  av-styling-    avia-builder-el-1  avia-builder-el-no-sibling  avia-align-center '  itemprop=\"image\" itemscope=\"itemscope\" itemtype=\"https:\/\/schema.org\/ImageObject\"  ><div class='avia-image-container-inner'><div class='avia-image-overlay-wrap'><img decoding=\"async\" class='wp-image-52261 avia-img-lazy-loading-not-52261 avia_image' src=\"https:\/\/radiorevelacionfm.cl\/wp-content\/uploads\/2025\/04\/21-1-1.jpg\" alt='' title='2(1) (1) (1)' height=\"990\" width=\"792\"  itemprop=\"thumbnailUrl\" srcset=\"https:\/\/radiorevelacionfm.cl\/wp-content\/uploads\/2025\/04\/21-1-1.jpg 792w, https:\/\/radiorevelacionfm.cl\/wp-content\/uploads\/2025\/04\/21-1-1-240x300.jpg 240w, https:\/\/radiorevelacionfm.cl\/wp-content\/uploads\/2025\/04\/21-1-1-768x960.jpg 768w, https:\/\/radiorevelacionfm.cl\/wp-content\/uploads\/2025\/04\/21-1-1-564x705.jpg 564w, https:\/\/radiorevelacionfm.cl\/wp-content\/uploads\/2025\/04\/21-1-1-450x563.jpg 450w, https:\/\/radiorevelacionfm.cl\/wp-content\/uploads\/2025\/04\/21-1-1-600x750.jpg 600w\" sizes=\"(max-width: 792px) 100vw, 792px\" \/><\/div><\/div><\/div><\/div><div class=\"flex_column av_one_full  flex_column_div av-zero-column-padding first  avia-builder-el-2  el_after_av_one_full  el_before_av_one_full  column-top-margin\" style='border-radius:0px; '><section class=\"av_textblock_section \"  itemscope=\"itemscope\" itemtype=\"https:\/\/schema.org\/BlogPosting\" itemprop=\"blogPost\" ><div class='avia_textblock  '   itemprop=\"text\" ><p style=\"text-align: center;\"><strong><span style=\"font-size: 18pt;\">Indap Ays\u00e9n impulsa programa para frenar la migraci\u00f3n de j\u00f3venes rurales y apoyar el emprendimiento en el agro<\/span><\/strong><\/p>\n<div id=\"gtx-trans\" style=\"position: absolute; left: -50px; top: 4.31534px;\">\n<div class=\"gtx-trans-icon\"><\/div>\n<\/div>\n<\/div><\/section><\/div><div class=\"flex_column av_one_full  flex_column_div av-zero-column-padding first  avia-builder-el-4  el_after_av_one_full  el_before_av_hr  column-top-margin\" style='border-radius:0px; '><section class=\"av_textblock_section \"  itemscope=\"itemscope\" itemtype=\"https:\/\/schema.org\/BlogPosting\" itemprop=\"blogPost\" ><div class='avia_textblock  '   itemprop=\"text\" ><p style=\"text-align: justify;\">El programa \u00abMi Primer Negocio Rural\u00bb, impulsado por el Gobierno de Chile a trav\u00e9s de INDAP del Ministerio de Agricultura, busca fomentar la innovaci\u00f3n y fortalecer la econom\u00eda rural en la regi\u00f3n de Ays\u00e9n.<\/p>\n<p style=\"text-align: justify;\">En 2025, INDAP destinar\u00e1 m\u00e1s de $3 mil millones a nivel nacional, beneficiando a 500 j\u00f3venes de sectores rurales, incluyendo a emprendedores de Ays\u00e9n.<\/p>\n<p style=\"text-align: justify;\">Coyhaique, abril de 2025.- Con el objetivo de generar oportunidades para las nuevas generaciones en el campo y evitar la migraci\u00f3n hacia las ciudades, INDAP Ays\u00e9n ejecutar\u00e1 la implementaci\u00f3n del programa \u00abMi Primer Negocio Rural\u00bb en la regi\u00f3n. La iniciativa, que tuvo una fase piloto exitosa en 2024, permitir\u00e1 que m\u00e1s j\u00f3venes accedan a financiamiento y asesor\u00eda t\u00e9cnica para desarrollar sus emprendimientos agropecuarios.<\/p>\n<p style=\"text-align: justify;\">\u00abSabemos que muchos j\u00f3venes rurales enfrentan el dilema de quedarse en sus comunidades o migrar a la ciudad en busca de otras oportunidades. Y muchos j\u00f3venes nos han demostrado que es posible construir un futuro en el campo. Y desde INDAP nos ponemos a disposici\u00f3n con herramientas concretas que fortalezcan sus proyectos productivos y les permitan generar ingresos sostenibles\u00bb, se\u00f1al\u00f3 Yessica Lagos C\u00e1rdenas, directora regional de INDAP Ays\u00e9n.<\/p>\n<p style=\"text-align: justify;\">La migraci\u00f3n de j\u00f3venes rurales es una problem\u00e1tica que afecta a todo el pa\u00eds y que en Ays\u00e9n se vuelve particularmente desafiante debido a la geograf\u00eda y condiciones clim\u00e1ticas de la regi\u00f3n.<\/p>\n<p style=\"text-align: justify;\"><strong>Un programa con impacto directo en la regi\u00f3n<\/strong><\/p>\n<p style=\"text-align: justify;\">El programa abri\u00f3 su convocatoria el 24 de marzo y estar\u00e1 abierta hasta el 11 de abril, dirigida a j\u00f3venes entre 18 y 40 a\u00f1os que deseen emprender en negocios silvoagropecuarios o actividades conexas, entregando financiamiento no reembolsable y asesor\u00eda t\u00e9cnica. Su expansi\u00f3n a nivel nacional permitir\u00e1 que en Ays\u00e9n se destinen importantes recursos para el desarrollo de proyectos que fortalezcan el sector agropecuario local.<\/p>\n<p style=\"text-align: justify;\">En la regi\u00f3n, la implementaci\u00f3n de este programa se alinea con otras iniciativas del Gobierno enfocadas en la juventud rural, como la priorizaci\u00f3n de terrenos fiscales para j\u00f3venes y mujeres, el acceso a inversiones y cr\u00e9ditos preferenciales, y la futura presentaci\u00f3n de la Pol\u00edtica Nacional de Juventudes Rurales.<\/p>\n<p style=\"text-align: justify;\">Con esta iniciativa, INDAP Ays\u00e9n reafirma su compromiso con el fortalecimiento del mundo rural, asegurando que las nuevas generaciones cuenten con el respaldo necesario para quedarse y crecer en sus territorios. Para cualquier duda o consulta, las y los interesados pueden visitar la web <a href=\"https:\/\/www.indap.gob.cl\/convocatorias-mi-primer-negocio-rural-2025\">https:\/\/www.indap.gob.cl\/convocatorias-mi-primer-negocio-rural-2025<\/a>\u00a0o dirigirse a su Agencia de \u00c1rea m\u00e1s cercana o a la Direcci\u00f3n Regional de INDAP Ays\u00e9n.<\/p>\n<\/div><\/section><\/div><div  style='height:50px' class='hr hr-invisible   avia-builder-el-6  el_after_av_one_full  el_before_av_social_share '><span class='hr-inner ' ><span class='hr-inner-style'><\/span><\/span><\/div><\/p>\n<div  class='av-social-sharing-box  avia-builder-el-7  el_after_av_hr  el_before_av_hr  '><div class='av-share-box'><h5 class='av-share-link-description av-no-toc '>Compartir esta noticia<\/h5><ul class='av-share-box-list noLightbox'><li class='av-share-link av-social-link-facebook' ><a target=\"_blank\" aria-label=\"Compartir en Facebook\" href='https:\/\/www.facebook.com\/sharer.php?u=https:\/\/radiorevelacionfm.cl\/?p=52260&#038;t=Indap%20Ays%C3%A9n%20impulsa%20programa%20para%20frenar%20la%20migraci%C3%B3n%20de%20j%C3%B3venes%20rurales%20y%20apoyar%20el%20emprendimiento%20en%20el%20agro' aria-hidden='false' data-av_icon='\ue8f3' data-av_iconfont='entypo-fontello' title='' data-avia-related-tooltip='Compartir en Facebook' rel=\"noopener\"><span class='avia_hidden_link_text'>Compartir en Facebook<\/span><\/a><\/li><li class='av-share-link av-social-link-twitter' ><a target=\"_blank\" aria-label=\"Compartir en Twitter\" href='https:\/\/twitter.com\/share?text=Indap%20Ays%C3%A9n%20impulsa%20programa%20para%20frenar%20la%20migraci%C3%B3n%20de%20j%C3%B3venes%20rurales%20y%20apoyar%20el%20emprendimiento%20en%20el%20agro&#038;url=https:\/\/radiorevelacionfm.cl\/?p=52260' aria-hidden='false' data-av_icon='\ue8f1' data-av_iconfont='entypo-fontello' title='' data-avia-related-tooltip='Compartir en Twitter' rel=\"noopener\"><span class='avia_hidden_link_text'>Compartir en Twitter<\/span><\/a><\/li><li class='av-share-link av-social-link-whatsapp' ><a target=\"_blank\" aria-label=\"Compartir en Whatsapp\" href='https:\/\/api.whatsapp.com\/send?text=https:\/\/radiorevelacionfm.cl\/?p=52260' aria-hidden='false' data-av_icon='\uf232' data-av_iconfont='entypo-fontello' title='' data-avia-related-tooltip='Compartir en Whatsapp' rel=\"noopener\"><span class='avia_hidden_link_text'>Compartir en Whatsapp<\/span><\/a><\/li><li class='av-share-link av-social-link-linkedin' ><a target=\"_blank\" aria-label=\"Compartir en LinkedIn\" href='https:\/\/linkedin.com\/shareArticle?mini=true&#038;title=Indap%20Ays%C3%A9n%20impulsa%20programa%20para%20frenar%20la%20migraci%C3%B3n%20de%20j%C3%B3venes%20rurales%20y%20apoyar%20el%20emprendimiento%20en%20el%20agro&#038;url=https:\/\/radiorevelacionfm.cl\/?p=52260' aria-hidden='false' data-av_icon='\ue8fc' data-av_iconfont='entypo-fontello' title='' data-avia-related-tooltip='Compartir en LinkedIn' rel=\"noopener\"><span class='avia_hidden_link_text'>Compartir en LinkedIn<\/span><\/a><\/li><li class='av-share-link av-social-link-mail' ><a  aria-label=\"Compartir por correo\" href='mailto:?subject=Indap%20Ays%C3%A9n%20impulsa%20programa%20para%20frenar%20la%20migraci%C3%B3n%20de%20j%C3%B3venes%20rurales%20y%20apoyar%20el%20emprendimiento%20en%20el%20agro&#038;body=https:\/\/radiorevelacionfm.cl\/?p=52260' aria-hidden='false' data-av_icon='\ue805' data-av_iconfont='entypo-fontello' title='' data-avia-related-tooltip='Compartir por correo'><span class='avia_hidden_link_text'>Compartir por correo<\/span><\/a><\/li><\/ul><\/div><\/div>\n<div  style='height:50px' class='hr hr-invisible   avia-builder-el-8  el_after_av_social_share  el_before_av_comments_list '><span class='hr-inner ' ><span class='hr-inner-style'><\/span><\/span><\/div>\n<div  class='av-buildercomment  av-blog-meta-html-info-disabled av-blog-meta-tag-disabled  '><\/div>\n","protected":false},"excerpt":{"rendered":"","protected":false},"author":1,"featured_media":52261,"comment_status":"closed","ping_status":"closed","sticky":false,"template":"","format":"standard","meta":{"footnotes":""},"categories":[58],"tags":[],"class_list":["post-52260","post","type-post","status-publish","format-standard","has-post-thumbnail","hentry","category-agricultura"],"jetpack_featured_media_url":"https:\/\/radiorevelacionfm.cl\/wp-content\/uploads\/2025\/04\/21-1-1.jpg","_links":{"self":[{"href":"https:\/\/radiorevelacionfm.cl\/index.php?rest_route=\/wp\/v2\/posts\/52260","targetHints":{"allow":["GET"]}}],"collection":[{"href":"https:\/\/radiorevelacionfm.cl\/index.php?rest_route=\/wp\/v2\/posts"}],"about":[{"href":"https:\/\/radiorevelacionfm.cl\/index.php?rest_route=\/wp\/v2\/types\/post"}],"author":[{"embeddable":true,"href":"https:\/\/radiorevelacionfm.cl\/index.php?rest_route=\/wp\/v2\/users\/1"}],"replies":[{"embeddable":true,"href":"https:\/\/radiorevelacionfm.cl\/index.php?rest_route=%2Fwp%2Fv2%2Fcomments&post=52260"}],"version-history":[{"count":2,"href":"https:\/\/radiorevelacionfm.cl\/index.php?rest_route=\/wp\/v2\/posts\/52260\/revisions"}],"predecessor-version":[{"id":52263,"href":"https:\/\/radiorevelacionfm.cl\/index.php?rest_route=\/wp\/v2\/posts\/52260\/revisions\/52263"}],"wp:featuredmedia":[{"embeddable":true,"href":"https:\/\/radiorevelacionfm.cl\/index.php?rest_route=\/wp\/v2\/media\/52261"}],"wp:attachment":[{"href":"https:\/\/radiorevelacionfm.cl\/index.php?rest_route=%2Fwp%2Fv2%2Fmedia&parent=52260"}],"wp:term":[{"taxonomy":"category","embeddable":true,"href":"https:\/\/radiorevelacionfm.cl\/index.php?rest_route=%2Fwp%2Fv2%2Fcategories&post=52260"},{"taxonomy":"post_tag","embeddable":true,"href":"https:\/\/radiorevelacionfm.cl\/index.php?rest_route=%2Fwp%2Fv2%2Ftags&post=52260"}],"curies":[{"name":"wp","href":"https:\/\/api.w.org\/{rel}","templated":true}]}}