{"id":52256,"date":"2025-04-06T21:31:31","date_gmt":"2025-04-07T00:31:31","guid":{"rendered":"https:\/\/radiorevelacionfm.cl\/?p=52256"},"modified":"2025-04-06T21:31:31","modified_gmt":"2025-04-07T00:31:31","slug":"transicion-expres-en-puerto-guadal-copec-asume-operacion-de-estacion-de-servicio-luego-de-gestiones-del-gobierno","status":"publish","type":"post","link":"https:\/\/radiorevelacionfm.cl\/?p=52256","title":{"rendered":"Transici\u00f3n expr\u00e9s en Puerto Guadal: Copec asume operaci\u00f3n de estaci\u00f3n de servicio luego de gestiones del Gobierno"},"content":{"rendered":"<div class=\"flex_column av_one_full  flex_column_div av-zero-column-padding first  avia-builder-el-0  el_before_av_one_full  avia-builder-el-first  \" style='border-radius:0px; '><div  class='avia-image-container  av-styling-    avia-builder-el-1  avia-builder-el-no-sibling  avia-align-center '  itemprop=\"image\" itemscope=\"itemscope\" itemtype=\"https:\/\/schema.org\/ImageObject\"  ><div class='avia-image-container-inner'><div class='avia-image-overlay-wrap'><img decoding=\"async\" class='wp-image-52257 avia-img-lazy-loading-not-52257 avia_image' src=\"https:\/\/radiorevelacionfm.cl\/wp-content\/uploads\/2025\/04\/imagen-2-6-1-1_optimized-1.jpg\" alt='' title='imagen-2-(6)-(1)-(1)_optimized (1)' height=\"600\" width=\"1067\"  itemprop=\"thumbnailUrl\" srcset=\"https:\/\/radiorevelacionfm.cl\/wp-content\/uploads\/2025\/04\/imagen-2-6-1-1_optimized-1.jpg 1067w, https:\/\/radiorevelacionfm.cl\/wp-content\/uploads\/2025\/04\/imagen-2-6-1-1_optimized-1-300x169.jpg 300w, https:\/\/radiorevelacionfm.cl\/wp-content\/uploads\/2025\/04\/imagen-2-6-1-1_optimized-1-1030x579.jpg 1030w, https:\/\/radiorevelacionfm.cl\/wp-content\/uploads\/2025\/04\/imagen-2-6-1-1_optimized-1-768x432.jpg 768w, https:\/\/radiorevelacionfm.cl\/wp-content\/uploads\/2025\/04\/imagen-2-6-1-1_optimized-1-705x396.jpg 705w, https:\/\/radiorevelacionfm.cl\/wp-content\/uploads\/2025\/04\/imagen-2-6-1-1_optimized-1-450x253.jpg 450w, https:\/\/radiorevelacionfm.cl\/wp-content\/uploads\/2025\/04\/imagen-2-6-1-1_optimized-1-600x337.jpg 600w\" sizes=\"(max-width: 1067px) 100vw, 1067px\" \/><\/div><\/div><\/div><\/div><div class=\"flex_column av_one_full  flex_column_div av-zero-column-padding first  avia-builder-el-2  el_after_av_one_full  el_before_av_one_full  column-top-margin\" style='border-radius:0px; '><section class=\"av_textblock_section \"  itemscope=\"itemscope\" itemtype=\"https:\/\/schema.org\/BlogPosting\" itemprop=\"blogPost\" ><div class='avia_textblock  '   itemprop=\"text\" ><p style=\"text-align: center;\"><strong><span style=\"font-size: 18pt;\">Transici\u00f3n expr\u00e9s en Puerto Guadal: Copec asume operaci\u00f3n de estaci\u00f3n de servicio luego de gestiones del Gobierno<\/span><\/strong><\/p>\n<div id=\"gtx-trans\" style=\"position: absolute; left: -50px; top: 4.31534px;\">\n<div class=\"gtx-trans-icon\"><\/div>\n<\/div>\n<\/div><\/section><\/div><div class=\"flex_column av_one_full  flex_column_div av-zero-column-padding first  avia-builder-el-4  el_after_av_one_full  el_before_av_hr  column-top-margin\" style='border-radius:0px; '><section class=\"av_textblock_section \"  itemscope=\"itemscope\" itemtype=\"https:\/\/schema.org\/BlogPosting\" itemprop=\"blogPost\" ><div class='avia_textblock  '   itemprop=\"text\" ><p style=\"text-align: justify;\">Este s\u00e1bado 05 de abril, pasadas las 18:00 horas, la empresa Copec realiz\u00f3 la primera venta de combustible en la localidad de Puerto Guadal, restableciendo as\u00ed el suministro tras cuatro d\u00edas de suspensi\u00f3n producto del cierre de la estaci\u00f3n de servicio anterior.<\/p>\n<p style=\"text-align: justify;\">Este hito es fruto de un esfuerzo coordinado entre instituciones p\u00fablicas, la comunidad local y la empresa privada, que permiti\u00f3 concretar en tiempo r\u00e9cord la continuidad operativa del punto de venta, asegurando el abastecimiento en uno de los sectores aislados de la regi\u00f3n.<\/p>\n<p style=\"text-align: justify;\">La nueva operaci\u00f3n, asumida por Copec, se concret\u00f3 luego de gestiones coordinadas por la Secretar\u00eda Regional Ministerial de Energ\u00eda de Ays\u00e9n en el marco de la Mesa de Trabajo para Garantizar el Abastecimiento de Combustible en Puerto Guadal. Desde un inicio, la empresa manifest\u00f3 su disposici\u00f3n a colaborar, evaluando diversas alternativas para dar una soluci\u00f3n r\u00e1pida y segura, y optando finalmente por hacerse cargo\u00a0\u00a0\u00a0\u00a0 de la operaci\u00f3n de la estaci\u00f3n existente. \u00a0Gracias a esta colaboraci\u00f3n, se logr\u00f3 una transici\u00f3n \u00e1gil, minimizando los impactos para la comunidad.<\/p>\n<p style=\"text-align: justify;\">Copec alcanz\u00f3 un acuerdo con el operador anterior y due\u00f1o del terreno para continuar con la operaci\u00f3n del punto de venta por un per\u00edodo de cuatro a\u00f1os, lo que garantiza la continuidad del servicio y da certeza a la comunidad respecto del abastecimiento de combustible a mediano plazo.<\/p>\n<p style=\"text-align: justify;\">\u201cAqu\u00ed lo que hubo fue un trabajo coordinado entre todos los servicios vinculados al suministro de combustible en Puerto Guadal. Cuando nos enteramos que el concesionario abandonar\u00eda el lugar, coordinamos con el Seremi de Energ\u00eda, la Delegaci\u00f3n Presidencial Provincial de General Carrera y otros servicios, un plan para que el proceso de restablecimiento del suministro para la comunidad de Guadal fuera lo antes posible. Es as\u00ed como cumplimos ese objetivo diez d\u00edas antes del plazo. Eso es una demostraci\u00f3n de que nuestro gobierno, coordinadamente, soluciona los problemas de la gente. En este caso Puerto Guadal cuenta con un suministro estable y seguro para toda su comunidad\u201d, afirm\u00f3 Jorge D\u00edaz Guzm\u00e1n, Delegado Presidencial Regional de Ays\u00e9n.<\/p>\n<p style=\"text-align: justify;\">\u201cAdicionalmente, estamos contribuyendo al desarrollo econ\u00f3mico de Puerto Guadal y de toda la cuenca del Lago General Carrera, suministrando combustible para la industria del turismo, para el sector productivo y naturalmente para todos quienes viven y trabajan en esta localidad. Estamos comprometidos con el desarrollo de la cuenca del Lago General Carrera\u201d, agreg\u00f3 la autoridad.<\/p>\n<p style=\"text-align: justify;\">\u201cLo importante es que logramos minimizar el tiempo sin suministro en Puerto Guadal. Este resultado es fruto del compromiso de todos los actores involucrados, especialmente de la comunidad, y refleja c\u00f3mo el trabajo conjunto permite dar soluciones concretas y oportunas en el territorio. Destaco la colaboraci\u00f3n de Copec, del municipio y de los servicios p\u00fablicos que participaron activamente para hacer posible esta transici\u00f3n expr\u00e9s\u201d, se\u00f1al\u00f3 Tom\u00e1s Laibe, Seremi de Energ\u00eda\u00a0de\u00a0Ays\u00e9n.<\/p>\n<p style=\"text-align: justify;\">Por su parte, Felipe Christensen, presidente de la Junta de Vecinos N\u00b08 de Guadal, destac\u00f3: \u201cEstamos muy agradecidos de que se haya logrado una soluci\u00f3n r\u00e1pida. El combustible es esencial para la vida en localidades como la nuestra, y este resultado demuestra que cuando hay voluntad y di\u00e1logo, las cosas se pueden hacer bien y a tiempo. Agradezco a todas las autoridades involucradas por su compromiso, y tambi\u00e9n valoro el trabajo en conjunto con las organizaciones del territorio. Cuando actuamos unidos, las gestiones avanzan m\u00e1s r\u00e1pido y las soluciones llegan de manera\u00a0oportuna\u201d.<\/p>\n<p style=\"text-align: justify;\">Este resultado da cuenta de la importancia de contar con mecanismos de respuesta coordinada frente a situaciones cr\u00edticas de abastecimiento. El Gobierno seguir\u00e1 impulsando soluciones que garanticen la continuidad de servicios esenciales en zonas aisladas de la regi\u00f3n.<\/p>\n<\/div><\/section><\/div><div  style='height:50px' class='hr hr-invisible   avia-builder-el-6  el_after_av_one_full  el_before_av_social_share '><span class='hr-inner ' ><span class='hr-inner-style'><\/span><\/span><\/div><\/p>\n<div  class='av-social-sharing-box  avia-builder-el-7  el_after_av_hr  el_before_av_hr  '><div class='av-share-box'><h5 class='av-share-link-description av-no-toc '>Compartir esta noticia<\/h5><ul class='av-share-box-list noLightbox'><li class='av-share-link av-social-link-facebook' ><a target=\"_blank\" aria-label=\"Compartir en Facebook\" href='https:\/\/www.facebook.com\/sharer.php?u=https:\/\/radiorevelacionfm.cl\/?p=52256&#038;t=Transici%C3%B3n%20expr%C3%A9s%20en%20Puerto%20Guadal%3A%20Copec%20asume%20operaci%C3%B3n%20de%20estaci%C3%B3n%20de%20servicio%20luego%20de%20gestiones%20del%20Gobierno' aria-hidden='false' data-av_icon='\ue8f3' data-av_iconfont='entypo-fontello' title='' data-avia-related-tooltip='Compartir en Facebook' rel=\"noopener\"><span class='avia_hidden_link_text'>Compartir en Facebook<\/span><\/a><\/li><li class='av-share-link av-social-link-twitter' ><a target=\"_blank\" aria-label=\"Compartir en Twitter\" href='https:\/\/twitter.com\/share?text=Transici%C3%B3n%20expr%C3%A9s%20en%20Puerto%20Guadal%3A%20Copec%20asume%20operaci%C3%B3n%20de%20estaci%C3%B3n%20de%20servicio%20luego%20de%20gestiones%20del%20Gobierno&#038;url=https:\/\/radiorevelacionfm.cl\/?p=52256' aria-hidden='false' data-av_icon='\ue8f1' data-av_iconfont='entypo-fontello' title='' data-avia-related-tooltip='Compartir en Twitter' rel=\"noopener\"><span class='avia_hidden_link_text'>Compartir en Twitter<\/span><\/a><\/li><li class='av-share-link av-social-link-whatsapp' ><a target=\"_blank\" aria-label=\"Compartir en Whatsapp\" href='https:\/\/api.whatsapp.com\/send?text=https:\/\/radiorevelacionfm.cl\/?p=52256' aria-hidden='false' data-av_icon='\uf232' data-av_iconfont='entypo-fontello' title='' data-avia-related-tooltip='Compartir en Whatsapp' rel=\"noopener\"><span class='avia_hidden_link_text'>Compartir en Whatsapp<\/span><\/a><\/li><li class='av-share-link av-social-link-linkedin' ><a target=\"_blank\" aria-label=\"Compartir en LinkedIn\" href='https:\/\/linkedin.com\/shareArticle?mini=true&#038;title=Transici%C3%B3n%20expr%C3%A9s%20en%20Puerto%20Guadal%3A%20Copec%20asume%20operaci%C3%B3n%20de%20estaci%C3%B3n%20de%20servicio%20luego%20de%20gestiones%20del%20Gobierno&#038;url=https:\/\/radiorevelacionfm.cl\/?p=52256' aria-hidden='false' data-av_icon='\ue8fc' data-av_iconfont='entypo-fontello' title='' data-avia-related-tooltip='Compartir en LinkedIn' rel=\"noopener\"><span class='avia_hidden_link_text'>Compartir en LinkedIn<\/span><\/a><\/li><li class='av-share-link av-social-link-mail' ><a  aria-label=\"Compartir por correo\" href='mailto:?subject=Transici%C3%B3n%20expr%C3%A9s%20en%20Puerto%20Guadal%3A%20Copec%20asume%20operaci%C3%B3n%20de%20estaci%C3%B3n%20de%20servicio%20luego%20de%20gestiones%20del%20Gobierno&#038;body=https:\/\/radiorevelacionfm.cl\/?p=52256' aria-hidden='false' data-av_icon='\ue805' data-av_iconfont='entypo-fontello' title='' data-avia-related-tooltip='Compartir por correo'><span class='avia_hidden_link_text'>Compartir por correo<\/span><\/a><\/li><\/ul><\/div><\/div>\n<div  style='height:50px' class='hr hr-invisible   avia-builder-el-8  el_after_av_social_share  el_before_av_comments_list '><span class='hr-inner ' ><span class='hr-inner-style'><\/span><\/span><\/div>\n<div  class='av-buildercomment  av-blog-meta-html-info-disabled av-blog-meta-tag-disabled  '><\/div>\n","protected":false},"excerpt":{"rendered":"","protected":false},"author":1,"featured_media":52257,"comment_status":"closed","ping_status":"closed","sticky":false,"template":"","format":"standard","meta":{"footnotes":""},"categories":[38],"tags":[],"class_list":["post-52256","post","type-post","status-publish","format-standard","has-post-thumbnail","hentry","category-regional"],"jetpack_featured_media_url":"https:\/\/radiorevelacionfm.cl\/wp-content\/uploads\/2025\/04\/imagen-2-6-1-1_optimized-1.jpg","_links":{"self":[{"href":"https:\/\/radiorevelacionfm.cl\/index.php?rest_route=\/wp\/v2\/posts\/52256","targetHints":{"allow":["GET"]}}],"collection":[{"href":"https:\/\/radiorevelacionfm.cl\/index.php?rest_route=\/wp\/v2\/posts"}],"about":[{"href":"https:\/\/radiorevelacionfm.cl\/index.php?rest_route=\/wp\/v2\/types\/post"}],"author":[{"embeddable":true,"href":"https:\/\/radiorevelacionfm.cl\/index.php?rest_route=\/wp\/v2\/users\/1"}],"replies":[{"embeddable":true,"href":"https:\/\/radiorevelacionfm.cl\/index.php?rest_route=%2Fwp%2Fv2%2Fcomments&post=52256"}],"version-history":[{"count":2,"href":"https:\/\/radiorevelacionfm.cl\/index.php?rest_route=\/wp\/v2\/posts\/52256\/revisions"}],"predecessor-version":[{"id":52259,"href":"https:\/\/radiorevelacionfm.cl\/index.php?rest_route=\/wp\/v2\/posts\/52256\/revisions\/52259"}],"wp:featuredmedia":[{"embeddable":true,"href":"https:\/\/radiorevelacionfm.cl\/index.php?rest_route=\/wp\/v2\/media\/52257"}],"wp:attachment":[{"href":"https:\/\/radiorevelacionfm.cl\/index.php?rest_route=%2Fwp%2Fv2%2Fmedia&parent=52256"}],"wp:term":[{"taxonomy":"category","embeddable":true,"href":"https:\/\/radiorevelacionfm.cl\/index.php?rest_route=%2Fwp%2Fv2%2Fcategories&post=52256"},{"taxonomy":"post_tag","embeddable":true,"href":"https:\/\/radiorevelacionfm.cl\/index.php?rest_route=%2Fwp%2Fv2%2Ftags&post=52256"}],"curies":[{"name":"wp","href":"https:\/\/api.w.org\/{rel}","templated":true}]}}