{"id":52252,"date":"2025-04-06T21:10:30","date_gmt":"2025-04-07T00:10:30","guid":{"rendered":"https:\/\/radiorevelacionfm.cl\/?p=52252"},"modified":"2025-04-06T21:10:30","modified_gmt":"2025-04-07T00:10:30","slug":"inauguran-primer-centro-comunitario-de-cuidados-de-la-region-de-aysen","status":"publish","type":"post","link":"https:\/\/radiorevelacionfm.cl\/?p=52252","title":{"rendered":"Inauguran primer Centro Comunitario de Cuidados de la regi\u00f3n de Ays\u00e9n"},"content":{"rendered":"<div class=\"flex_column av_one_full  flex_column_div av-zero-column-padding first  avia-builder-el-0  el_before_av_one_full  avia-builder-el-first  \" style='border-radius:0px; '><div  class='avia-image-container  av-styling-    avia-builder-el-1  avia-builder-el-no-sibling  avia-align-center '  itemprop=\"image\" itemscope=\"itemscope\" itemtype=\"https:\/\/schema.org\/ImageObject\"  ><div class='avia-image-container-inner'><div class='avia-image-overlay-wrap'><img decoding=\"async\" class='wp-image-52253 avia-img-lazy-loading-not-52253 avia_image' src=\"https:\/\/radiorevelacionfm.cl\/wp-content\/uploads\/2025\/04\/inauguracion-1-1_optimized-1.jpeg\" alt='' title='inauguracion-1-(1)_optimized (1)' height=\"600\" width=\"800\"  itemprop=\"thumbnailUrl\" srcset=\"https:\/\/radiorevelacionfm.cl\/wp-content\/uploads\/2025\/04\/inauguracion-1-1_optimized-1.jpeg 800w, https:\/\/radiorevelacionfm.cl\/wp-content\/uploads\/2025\/04\/inauguracion-1-1_optimized-1-300x225.jpeg 300w, https:\/\/radiorevelacionfm.cl\/wp-content\/uploads\/2025\/04\/inauguracion-1-1_optimized-1-768x576.jpeg 768w, https:\/\/radiorevelacionfm.cl\/wp-content\/uploads\/2025\/04\/inauguracion-1-1_optimized-1-705x529.jpeg 705w, https:\/\/radiorevelacionfm.cl\/wp-content\/uploads\/2025\/04\/inauguracion-1-1_optimized-1-450x338.jpeg 450w, https:\/\/radiorevelacionfm.cl\/wp-content\/uploads\/2025\/04\/inauguracion-1-1_optimized-1-600x450.jpeg 600w\" sizes=\"(max-width: 800px) 100vw, 800px\" \/><\/div><\/div><\/div><\/div><div class=\"flex_column av_one_full  flex_column_div av-zero-column-padding first  avia-builder-el-2  el_after_av_one_full  el_before_av_one_full  column-top-margin\" style='border-radius:0px; '><section class=\"av_textblock_section \"  itemscope=\"itemscope\" itemtype=\"https:\/\/schema.org\/BlogPosting\" itemprop=\"blogPost\" ><div class='avia_textblock  '   itemprop=\"text\" ><p style=\"text-align: center;\"><strong><span style=\"font-size: 18pt;\">Inauguran primer Centro Comunitario de Cuidados de la regi\u00f3n de Ays\u00e9n<\/span><\/strong><\/p>\n<div id=\"gtx-trans\" style=\"position: absolute; left: -50px; top: 4.31534px;\">\n<div class=\"gtx-trans-icon\"><\/div>\n<\/div>\n<\/div><\/section><\/div><div class=\"flex_column av_one_full  flex_column_div av-zero-column-padding first  avia-builder-el-4  el_after_av_one_full  el_before_av_hr  column-top-margin\" style='border-radius:0px; '><section class=\"av_textblock_section \"  itemscope=\"itemscope\" itemtype=\"https:\/\/schema.org\/BlogPosting\" itemprop=\"blogPost\" ><div class='avia_textblock  '   itemprop=\"text\" ><p style=\"text-align: justify;\"><em>Con este centro, ya suman 15 centros a lo largo del pa\u00eds.<\/em><\/p>\n<p style=\"text-align: justify;\">En la comuna de Puerto Ays\u00e9n, el Gobierno inaugur\u00f3 el primer Centro Comunitario de Cuidados de la regi\u00f3n, espacio dedicado a cuidadoras y cuidadores de la zona, avanzando en el compromiso de llevar Chile Cuida a todos los rincones del pa\u00eds. La ceremonia estuvo encabezada por el vicepresidente de la Rep\u00fablica, \u00c1lvaro Elizalde, y la ministra de Desarrollo Social y Familia, Javiera Toro, junto a la subsecretaria de Servicios Sociales, Francisca Gallegos; la seremi de Vivienda de la regi\u00f3n, Paulina Ruz, la seremi de Desarrollo Social de la zona, Karina Acevedo, y el alcalde de Puerto Ays\u00e9n, Luis Mart\u00ednez.<\/p>\n<p style=\"text-align: justify;\">Los Centros Comunitarios de Cuidados son recintos que acogen, acompa\u00f1an y alivian a las personas cuidadoras, quienes pueden acceder a talleres, y compartir con otras personas cuidadoras, y al que pueden asistir con las personas que requieren cuidados, quienes recibir\u00e1n atenci\u00f3n especializada.<\/p>\n<p style=\"text-align: justify;\">El vicepresidente \u00c1lvaro Elizalde destac\u00f3 la importancia de esta pol\u00edtica p\u00fablica, se\u00f1alando que este nuevo recinto, \u00abm\u00e1s que un edificio, es un espacio que refleja una forma de entender la pol\u00edtica social en Chile. Espacios como este permiten que quienes cuidan y quienes requieren cuidados accedan a apoyo, contenci\u00f3n y tambi\u00e9n a tiempo para s\u00ed mismos\u00bb. \u00abTenemos que seguir construyendo un bienestar que no puede depender del lugar donde se nace o se vive, tiene que ser una garant\u00eda para todas las personas, tambi\u00e9n en las regiones extremas y aisladas, como es el caso de la Regi\u00f3n de Ays\u00e9n. La descentralizaci\u00f3n no se declara, se promueve. Cuidar, reconocer, apoyar y redistribuir el cuidado es una necesidad ineludible, porque nuestro pa\u00eds no puede avanzar si quienes cuidan se quedan atr\u00e1s (&#8230;) En eso consiste construir un pa\u00eds con mayor cohesi\u00f3n social, con menos desigualdades y en el que nos protegemos unos a otros\u00bb.<\/p>\n<p style=\"text-align: justify;\">\u00a0La ministra Javiera Toro, resalt\u00f3 que \u00abcada centro es distinto, porque nace de un proceso con participaci\u00f3n de las comunidades. Eso es justamente lo que queremos: que estos espacios tengan vida y pertenencia local. Aqu\u00ed, hasta 120 personas cuidadoras recibir\u00e1n apoyo social y profesional, mientras quienes requieren cuidados ser\u00e1n atendidos por personas capacitadas. Esto no solo mejora la calidad del cuidado, sino tambi\u00e9n la vida de las cuidadoras, que muchas veces no tienen quien las cuide.<\/p>\n<p style=\"text-align: justify;\">Este es un espacio para recuperar tiempo, salud y bienestar\u00bb Una de las cuidadoras beneficiarias, Aurora Mansilla, enfatiz\u00f3 que \u00abes un orgullo para m\u00ed ver este inmueble terminado, que era para nosotros un sue\u00f1o casi inalcanzable. Aqu\u00ed anduvimos much\u00edsimos vecinos haciendo los recorridos barriales. Lamentablemente algunos ya partieron, ya no est\u00e1n presentes y quiz\u00e1s se fueron con esa gota amarga de que esto no iba a ser realidad nunca, que era un sue\u00f1o. Y hoy d\u00eda, gracias a Dios, gracias a las pol\u00edticas de Estado, estamos inaugurando este centro que para nosotros como cuidadoras va a ser inmensamente importante\u00bb.<\/p>\n<p style=\"text-align: justify;\">\u00a0La subsecretaria Francisca Gallegos, resalt\u00f3 que \u00abestamos muy contentas porque Chile Cuida no solo est\u00e1 haciendo visible una realidad que hasta hace poco era invisible, sino que tambi\u00e9n, con esta inauguraci\u00f3n, est\u00e1 llegando donde el Estado no llegaba. Desde la Patagonia avanzamos poniendo en el centro a quienes cuidan y requieren cuidados\u00bb.<\/p>\n<p style=\"text-align: justify;\">\u00a0La seremi del Minvu, Paulina Ruz, sostuvo que \u00abeste Centro Comunitario de Cuidados nace bajo el alero del programa Quiero mi Barrio, que se trabaj\u00f3 junto al municipio de Ays\u00e9n, y lo centramos ac\u00e1 en un barrio hist\u00f3rico. Con esto cumplimos con el mandato del presidente Gabriel Boric de contribuir a la entrega de 100 centros, desaf\u00edo que es parte de la descentralizaci\u00f3n y de visibilizar un grupo de la poblaci\u00f3n que muchas veces no es tan visible como son las personas cuidadoras. Con esto creamos territorios m\u00e1s justos y m\u00e1s equitativos\u00bb.<\/p>\n<p style=\"text-align: justify;\">\u00a0El alcalde de Puerto Ays\u00e9n, Luis Mart\u00ednez, enfatiz\u00f3 que \u00abes un d\u00eda muy especial, donde estamos participando en la inauguraci\u00f3n de este Centro Comunitario de Cuidados, que ha sido una sumatoria de voluntades intersectoriales de los vecinos y de nuestros funcionarios municipales que hicieron el dise\u00f1o de este bonito lugar. Ahora viene el trabajo con los cuidadores, que va a ser virtuoso, de eso no nos cabe la menor duda, y para el que estaremos disponibles como municipio durante todo el tiempo que sea necesario\u00bb.<\/p>\n<p style=\"text-align: justify;\">DI\u00c1LOGO CON CUIDADORAS Y CUIDADORES<\/p>\n<p style=\"text-align: justify;\">Este jueves las autoridades sostuvieron un encuentro con cerca de 100 personas, entre ellas cuidadoras y cuidadores de la comuna de Coyhaique, para hablar del avance del Sistema Nacional de Apoyos y Cuidados. La seremi de Desarrollo Social y Familia de Ays\u00e9n, Karina Acevedo, detall\u00f3 que \u00abfue un di\u00e1logo tremendamente emotivo donde pudimos dar cuenta de lo que estamos haciendo con Chile Cuida. En la regi\u00f3n partimos con dos comunas cuando asumimos el gobierno, y hoy tenemos siete comunas que son parte del Sistema Nacional de Apoyos y Cuidados. Esperamos al t\u00e9rmino del Gobierno llegar a las 10 comunas de la Regi\u00f3n de Ays\u00e9n\u00bb. En la regi\u00f3n de Ays\u00e9n hay 1.111 personas cuidadoras inscritas en el Registro Social de Hogares, y se estima que existen m\u00e1s de 8 mil potenciales cuidadoras y cuidadores, por lo que las autoridades reiteraron el llamado a inscribirse y sacar la credencial en www.registrosocial.cl o en el municipio respectivo.<\/p>\n<\/div><\/section><\/div><div  style='height:50px' class='hr hr-invisible   avia-builder-el-6  el_after_av_one_full  el_before_av_social_share '><span class='hr-inner ' ><span class='hr-inner-style'><\/span><\/span><\/div><\/p>\n<div  class='av-social-sharing-box  avia-builder-el-7  el_after_av_hr  el_before_av_hr  '><div class='av-share-box'><h5 class='av-share-link-description av-no-toc '>Compartir esta noticia<\/h5><ul class='av-share-box-list noLightbox'><li class='av-share-link av-social-link-facebook' ><a target=\"_blank\" aria-label=\"Compartir en Facebook\" href='https:\/\/www.facebook.com\/sharer.php?u=https:\/\/radiorevelacionfm.cl\/?p=52252&#038;t=Inauguran%20primer%20Centro%20Comunitario%20de%20Cuidados%20de%20la%20regi%C3%B3n%20de%20Ays%C3%A9n' aria-hidden='false' data-av_icon='\ue8f3' data-av_iconfont='entypo-fontello' title='' data-avia-related-tooltip='Compartir en Facebook' rel=\"noopener\"><span class='avia_hidden_link_text'>Compartir en Facebook<\/span><\/a><\/li><li class='av-share-link av-social-link-twitter' ><a target=\"_blank\" aria-label=\"Compartir en Twitter\" href='https:\/\/twitter.com\/share?text=Inauguran%20primer%20Centro%20Comunitario%20de%20Cuidados%20de%20la%20regi%C3%B3n%20de%20Ays%C3%A9n&#038;url=https:\/\/radiorevelacionfm.cl\/?p=52252' aria-hidden='false' data-av_icon='\ue8f1' data-av_iconfont='entypo-fontello' title='' data-avia-related-tooltip='Compartir en Twitter' rel=\"noopener\"><span class='avia_hidden_link_text'>Compartir en Twitter<\/span><\/a><\/li><li class='av-share-link av-social-link-whatsapp' ><a target=\"_blank\" aria-label=\"Compartir en Whatsapp\" href='https:\/\/api.whatsapp.com\/send?text=https:\/\/radiorevelacionfm.cl\/?p=52252' aria-hidden='false' data-av_icon='\uf232' data-av_iconfont='entypo-fontello' title='' data-avia-related-tooltip='Compartir en Whatsapp' rel=\"noopener\"><span class='avia_hidden_link_text'>Compartir en Whatsapp<\/span><\/a><\/li><li class='av-share-link av-social-link-linkedin' ><a target=\"_blank\" aria-label=\"Compartir en LinkedIn\" href='https:\/\/linkedin.com\/shareArticle?mini=true&#038;title=Inauguran%20primer%20Centro%20Comunitario%20de%20Cuidados%20de%20la%20regi%C3%B3n%20de%20Ays%C3%A9n&#038;url=https:\/\/radiorevelacionfm.cl\/?p=52252' aria-hidden='false' data-av_icon='\ue8fc' data-av_iconfont='entypo-fontello' title='' data-avia-related-tooltip='Compartir en LinkedIn' rel=\"noopener\"><span class='avia_hidden_link_text'>Compartir en LinkedIn<\/span><\/a><\/li><li class='av-share-link av-social-link-mail' ><a  aria-label=\"Compartir por correo\" href='mailto:?subject=Inauguran%20primer%20Centro%20Comunitario%20de%20Cuidados%20de%20la%20regi%C3%B3n%20de%20Ays%C3%A9n&#038;body=https:\/\/radiorevelacionfm.cl\/?p=52252' aria-hidden='false' data-av_icon='\ue805' data-av_iconfont='entypo-fontello' title='' data-avia-related-tooltip='Compartir por correo'><span class='avia_hidden_link_text'>Compartir por correo<\/span><\/a><\/li><\/ul><\/div><\/div>\n<div  style='height:50px' class='hr hr-invisible   avia-builder-el-8  el_after_av_social_share  el_before_av_comments_list '><span class='hr-inner ' ><span class='hr-inner-style'><\/span><\/span><\/div>\n<div  class='av-buildercomment  av-blog-meta-html-info-disabled av-blog-meta-tag-disabled  '><\/div>\n","protected":false},"excerpt":{"rendered":"","protected":false},"author":1,"featured_media":52253,"comment_status":"closed","ping_status":"closed","sticky":false,"template":"","format":"standard","meta":{"footnotes":""},"categories":[38],"tags":[],"class_list":["post-52252","post","type-post","status-publish","format-standard","has-post-thumbnail","hentry","category-regional"],"jetpack_featured_media_url":"https:\/\/radiorevelacionfm.cl\/wp-content\/uploads\/2025\/04\/inauguracion-1-1_optimized-1.jpeg","_links":{"self":[{"href":"https:\/\/radiorevelacionfm.cl\/index.php?rest_route=\/wp\/v2\/posts\/52252","targetHints":{"allow":["GET"]}}],"collection":[{"href":"https:\/\/radiorevelacionfm.cl\/index.php?rest_route=\/wp\/v2\/posts"}],"about":[{"href":"https:\/\/radiorevelacionfm.cl\/index.php?rest_route=\/wp\/v2\/types\/post"}],"author":[{"embeddable":true,"href":"https:\/\/radiorevelacionfm.cl\/index.php?rest_route=\/wp\/v2\/users\/1"}],"replies":[{"embeddable":true,"href":"https:\/\/radiorevelacionfm.cl\/index.php?rest_route=%2Fwp%2Fv2%2Fcomments&post=52252"}],"version-history":[{"count":2,"href":"https:\/\/radiorevelacionfm.cl\/index.php?rest_route=\/wp\/v2\/posts\/52252\/revisions"}],"predecessor-version":[{"id":52255,"href":"https:\/\/radiorevelacionfm.cl\/index.php?rest_route=\/wp\/v2\/posts\/52252\/revisions\/52255"}],"wp:featuredmedia":[{"embeddable":true,"href":"https:\/\/radiorevelacionfm.cl\/index.php?rest_route=\/wp\/v2\/media\/52253"}],"wp:attachment":[{"href":"https:\/\/radiorevelacionfm.cl\/index.php?rest_route=%2Fwp%2Fv2%2Fmedia&parent=52252"}],"wp:term":[{"taxonomy":"category","embeddable":true,"href":"https:\/\/radiorevelacionfm.cl\/index.php?rest_route=%2Fwp%2Fv2%2Fcategories&post=52252"},{"taxonomy":"post_tag","embeddable":true,"href":"https:\/\/radiorevelacionfm.cl\/index.php?rest_route=%2Fwp%2Fv2%2Ftags&post=52252"}],"curies":[{"name":"wp","href":"https:\/\/api.w.org\/{rel}","templated":true}]}}