{"id":5225,"date":"2021-06-14T10:55:53","date_gmt":"2021-06-14T13:55:53","guid":{"rendered":"https:\/\/radiorevelacionfm.cl\/?p=5225"},"modified":"2021-06-14T17:12:51","modified_gmt":"2021-06-14T20:12:51","slug":"este-martes-senado-retoma-debate-de-proyecto-de-integracion-social-y-urbana","status":"publish","type":"post","link":"https:\/\/radiorevelacionfm.cl\/?p=5225","title":{"rendered":"Este martes Senado retoma debate de proyecto de Integraci\u00f3n Social y Urbana"},"content":{"rendered":"<div class=\"flex_column av_one_full  flex_column_div av-zero-column-padding first  avia-builder-el-0  el_before_av_one_full  avia-builder-el-first  \" style='border-radius:0px; '><div  class='avia-image-container  av-styling-    avia-builder-el-1  avia-builder-el-no-sibling  avia-align-center '  itemprop=\"image\" itemscope=\"itemscope\" itemtype=\"https:\/\/schema.org\/ImageObject\"  ><div class='avia-image-container-inner'><div class='avia-image-overlay-wrap'><img decoding=\"async\" class='wp-image-5231 avia-img-lazy-loading-not-5231 avia_image' src=\"https:\/\/radiorevelacionfm.cl\/wp-content\/uploads\/2021\/06\/SENADOR-DAVID-SANDOVAL-2-1-1.jpg\" alt='' title='SENADOR-DAVID-SANDOVAL (2) (1) (1)' height=\"590\" width=\"1078\"  itemprop=\"thumbnailUrl\" srcset=\"https:\/\/radiorevelacionfm.cl\/wp-content\/uploads\/2021\/06\/SENADOR-DAVID-SANDOVAL-2-1-1.jpg 1078w, https:\/\/radiorevelacionfm.cl\/wp-content\/uploads\/2021\/06\/SENADOR-DAVID-SANDOVAL-2-1-1-300x164.jpg 300w, https:\/\/radiorevelacionfm.cl\/wp-content\/uploads\/2021\/06\/SENADOR-DAVID-SANDOVAL-2-1-1-1030x564.jpg 1030w, https:\/\/radiorevelacionfm.cl\/wp-content\/uploads\/2021\/06\/SENADOR-DAVID-SANDOVAL-2-1-1-768x420.jpg 768w, https:\/\/radiorevelacionfm.cl\/wp-content\/uploads\/2021\/06\/SENADOR-DAVID-SANDOVAL-2-1-1-705x386.jpg 705w, https:\/\/radiorevelacionfm.cl\/wp-content\/uploads\/2021\/06\/SENADOR-DAVID-SANDOVAL-2-1-1-600x328.jpg 600w\" sizes=\"(max-width: 1078px) 100vw, 1078px\" \/><\/div><\/div><\/div><\/div><div class=\"flex_column av_one_full  flex_column_div av-zero-column-padding first  avia-builder-el-2  el_after_av_one_full  el_before_av_one_full  column-top-margin\" style='border-radius:0px; '><section class=\"av_textblock_section \"  itemscope=\"itemscope\" itemtype=\"https:\/\/schema.org\/BlogPosting\" itemprop=\"blogPost\" ><div class='avia_textblock  '   itemprop=\"text\" ><p style=\"text-align: center;\"><strong><span style=\"font-size: 18pt;\">Este martes Senado retoma debate de proyecto de Integraci\u00f3n Social y Urbana<\/span><\/strong><\/p>\n<div id=\"gtx-trans\" style=\"position: absolute; left: -50px; top: 4.31534px;\">\n<div class=\"gtx-trans-icon\"><\/div>\n<\/div>\n<\/div><\/section><\/div><\/p>\n<div class=\"flex_column av_one_full  flex_column_div av-zero-column-padding first  avia-builder-el-4  el_after_av_one_full  el_before_av_hr  column-top-margin\" style='border-radius:0px; '><section class=\"av_textblock_section \"  itemscope=\"itemscope\" itemtype=\"https:\/\/schema.org\/BlogPosting\" itemprop=\"blogPost\" ><div class='avia_textblock  '   itemprop=\"text\" ><p style=\"text-align: justify;\">Sandoval insisti\u00f3 que dejar esto para el debate constitucional no corresponde, recordando que \u00e9ste fue uno de los argumentos usados por senadores de oposici\u00f3n para rechazar la norma en comisi\u00f3n de vivienda de la C\u00e1mara Alta<\/p>\n<p style=\"text-align: justify;\">Este martes, se retomar\u00e1 el debate en el Senado del proyecto de ley sobre Integraci\u00f3n Social y Urbana, el cual seg\u00fan expres\u00f3 el senador David Sandoval apunta a \u201cque el Estado, el MINVU, asuma un rol m\u00e1s protag\u00f3nico en el dise\u00f1o de la pol\u00edtica p\u00fablica en materia de vivienda\u201d.<\/p>\n<p style=\"text-align: justify;\">En esa l\u00ednea, el parlamentario record\u00f3 que a nivel regional, hay 3.172 viviendas en condici\u00f3n de precariedad, seg\u00fan cifras de la C\u00e1mara Chilena de la Construcci\u00f3n (a nivel nacional, son poco m\u00e1s de 700 mil), lo cual hace necesario avanzar en esta norma. \u201cEsta ley apunta a eso, a resolver este tipo de situaciones. Esperamos que esa discusi\u00f3n se reinstale adecuadamente para poder reorientar esas cosas, porque estamos hablando de un tema que le afecta a las familias\u201d, indic\u00f3.<\/p>\n<p style=\"text-align: justify;\">Por lo mismo, insisti\u00f3 que este tema no puede postergarse y dejarlo para el debate constitucional, el cual fue uno de los argumentos que senadores de oposici\u00f3n utilizaron para rechazar la iniciativa en la comisi\u00f3n de Vivienda de la C\u00e1mara Alta. \u201cLa constituci\u00f3n no va a decir que cada chileno tendr\u00e1 derecho a una vivienda con determinadas caracter\u00edsticas, sino que por el contrario, lo que va a decir es el marco global respecto de los derechos que va a tener la gente como una pensi\u00f3n digna, educaci\u00f3n, medioambiente, etc\u201d, puntualiz\u00f3.<\/p>\n<p style=\"text-align: justify;\">Sandoval recalc\u00f3 que la ley tiene que tramitarse, pues hay que enfrentar el tema de la precariedad habitacional, recordando que en la regi\u00f3n muchas familias construyeron sus viviendas \u201csin pedirle un clavo al Estado\u201d. \u201cEl rechazo a este tipo de normas, termina por postergar que la gente pueda tener una soluci\u00f3n cuando es tan posible hacerlo\u201d, subray\u00f3.<\/p>\n<p style=\"text-align: justify;\">El legislador hab\u00eda se\u00f1alado hace algunas semanas que \u201cno queremos que los conjuntos habitacionales sociales terminen radic\u00e1ndose en la periferia, sin servicios esenciales\u201d, destacando por ello el profundo sentido social del proyecto<\/p>\n<p style=\"text-align: justify;\">\u201cLos actuales niveles de desarrollo, de pol\u00edtica en materia habitacional, hay que ponerle una inyecci\u00f3n muy fuerte\u201d, concluy\u00f3.<\/p>\n<\/div><\/section><\/div>\n<div  style='height:50px' class='hr hr-invisible   avia-builder-el-6  el_after_av_one_full  el_before_av_social_share '><span class='hr-inner ' ><span class='hr-inner-style'><\/span><\/span><\/div>\n<div  class='av-social-sharing-box  avia-builder-el-7  el_after_av_hr  el_before_av_hr  '><div class='av-share-box'><h5 class='av-share-link-description av-no-toc '>Compartir esta noticia<\/h5><ul class='av-share-box-list noLightbox'><li class='av-share-link av-social-link-facebook' ><a target=\"_blank\" aria-label=\"Compartir en Facebook\" href='https:\/\/www.facebook.com\/sharer.php?u=https:\/\/radiorevelacionfm.cl\/?p=5225&#038;t=Este%20martes%20Senado%20retoma%20debate%20de%20proyecto%20de%20Integraci%C3%B3n%20Social%20y%20Urbana' aria-hidden='false' data-av_icon='\ue8f3' data-av_iconfont='entypo-fontello' title='' data-avia-related-tooltip='Compartir en Facebook' rel=\"noopener\"><span class='avia_hidden_link_text'>Compartir en Facebook<\/span><\/a><\/li><li class='av-share-link av-social-link-twitter' ><a target=\"_blank\" aria-label=\"Compartir en Twitter\" href='https:\/\/twitter.com\/share?text=Este%20martes%20Senado%20retoma%20debate%20de%20proyecto%20de%20Integraci%C3%B3n%20Social%20y%20Urbana&#038;url=https:\/\/radiorevelacionfm.cl\/?p=5225' aria-hidden='false' data-av_icon='\ue8f1' data-av_iconfont='entypo-fontello' title='' data-avia-related-tooltip='Compartir en Twitter' rel=\"noopener\"><span class='avia_hidden_link_text'>Compartir en Twitter<\/span><\/a><\/li><li class='av-share-link av-social-link-whatsapp' ><a target=\"_blank\" aria-label=\"Compartir en Whatsapp\" href='https:\/\/api.whatsapp.com\/send?text=https:\/\/radiorevelacionfm.cl\/?p=5225' aria-hidden='false' data-av_icon='\uf232' data-av_iconfont='entypo-fontello' title='' data-avia-related-tooltip='Compartir en Whatsapp' rel=\"noopener\"><span class='avia_hidden_link_text'>Compartir en Whatsapp<\/span><\/a><\/li><li class='av-share-link av-social-link-linkedin' ><a target=\"_blank\" aria-label=\"Compartir en LinkedIn\" href='https:\/\/linkedin.com\/shareArticle?mini=true&#038;title=Este%20martes%20Senado%20retoma%20debate%20de%20proyecto%20de%20Integraci%C3%B3n%20Social%20y%20Urbana&#038;url=https:\/\/radiorevelacionfm.cl\/?p=5225' aria-hidden='false' data-av_icon='\ue8fc' data-av_iconfont='entypo-fontello' title='' data-avia-related-tooltip='Compartir en LinkedIn' rel=\"noopener\"><span class='avia_hidden_link_text'>Compartir en LinkedIn<\/span><\/a><\/li><li class='av-share-link av-social-link-mail' ><a  aria-label=\"Compartir por correo\" href='mailto:?subject=Este%20martes%20Senado%20retoma%20debate%20de%20proyecto%20de%20Integraci%C3%B3n%20Social%20y%20Urbana&#038;body=https:\/\/radiorevelacionfm.cl\/?p=5225' aria-hidden='false' data-av_icon='\ue805' data-av_iconfont='entypo-fontello' title='' data-avia-related-tooltip='Compartir por correo'><span class='avia_hidden_link_text'>Compartir por correo<\/span><\/a><\/li><\/ul><\/div><\/div>\n<div  style='height:50px' class='hr hr-invisible   avia-builder-el-8  el_after_av_social_share  el_before_av_comments_list '><span class='hr-inner ' ><span class='hr-inner-style'><\/span><\/span><\/div>\n<div  class='av-buildercomment  av-blog-meta-html-info-disabled av-blog-meta-tag-disabled  '><\/div>\n","protected":false},"excerpt":{"rendered":"","protected":false},"author":1,"featured_media":5231,"comment_status":"open","ping_status":"open","sticky":false,"template":"","format":"standard","meta":{"footnotes":""},"categories":[57],"tags":[],"class_list":["post-5225","post","type-post","status-publish","format-standard","has-post-thumbnail","hentry","category-vivienda"],"jetpack_featured_media_url":"https:\/\/radiorevelacionfm.cl\/wp-content\/uploads\/2021\/06\/SENADOR-DAVID-SANDOVAL-2-1-1.jpg","_links":{"self":[{"href":"https:\/\/radiorevelacionfm.cl\/index.php?rest_route=\/wp\/v2\/posts\/5225","targetHints":{"allow":["GET"]}}],"collection":[{"href":"https:\/\/radiorevelacionfm.cl\/index.php?rest_route=\/wp\/v2\/posts"}],"about":[{"href":"https:\/\/radiorevelacionfm.cl\/index.php?rest_route=\/wp\/v2\/types\/post"}],"author":[{"embeddable":true,"href":"https:\/\/radiorevelacionfm.cl\/index.php?rest_route=\/wp\/v2\/users\/1"}],"replies":[{"embeddable":true,"href":"https:\/\/radiorevelacionfm.cl\/index.php?rest_route=%2Fwp%2Fv2%2Fcomments&post=5225"}],"version-history":[{"count":3,"href":"https:\/\/radiorevelacionfm.cl\/index.php?rest_route=\/wp\/v2\/posts\/5225\/revisions"}],"predecessor-version":[{"id":5233,"href":"https:\/\/radiorevelacionfm.cl\/index.php?rest_route=\/wp\/v2\/posts\/5225\/revisions\/5233"}],"wp:featuredmedia":[{"embeddable":true,"href":"https:\/\/radiorevelacionfm.cl\/index.php?rest_route=\/wp\/v2\/media\/5231"}],"wp:attachment":[{"href":"https:\/\/radiorevelacionfm.cl\/index.php?rest_route=%2Fwp%2Fv2%2Fmedia&parent=5225"}],"wp:term":[{"taxonomy":"category","embeddable":true,"href":"https:\/\/radiorevelacionfm.cl\/index.php?rest_route=%2Fwp%2Fv2%2Fcategories&post=5225"},{"taxonomy":"post_tag","embeddable":true,"href":"https:\/\/radiorevelacionfm.cl\/index.php?rest_route=%2Fwp%2Fv2%2Ftags&post=5225"}],"curies":[{"name":"wp","href":"https:\/\/api.w.org\/{rel}","templated":true}]}}