{"id":52244,"date":"2025-04-06T12:52:34","date_gmt":"2025-04-06T15:52:34","guid":{"rendered":"https:\/\/radiorevelacionfm.cl\/?p=52244"},"modified":"2025-04-06T12:52:34","modified_gmt":"2025-04-06T15:52:34","slug":"familias-del-comite-union-y-esperanza-de-balmaceda-recibieron-subsidios-y-podran-iniciar-la-construccion-de-sus-casas","status":"publish","type":"post","link":"https:\/\/radiorevelacionfm.cl\/?p=52244","title":{"rendered":"Familias del Comit\u00e9 \u201cUni\u00f3n y Esperanza\u201d de Balmaceda recibieron subsidios y podr\u00e1n iniciar la construcci\u00f3n de sus casas"},"content":{"rendered":"<div class=\"flex_column av_one_full  flex_column_div av-zero-column-padding first  avia-builder-el-0  el_before_av_one_full  avia-builder-el-first  \" style='border-radius:0px; '><div  class='avia-image-container  av-styling-    avia-builder-el-1  avia-builder-el-no-sibling  avia-align-center '  itemprop=\"image\" itemscope=\"itemscope\" itemtype=\"https:\/\/schema.org\/ImageObject\"  ><div class='avia-image-container-inner'><div class='avia-image-overlay-wrap'><img decoding=\"async\" class='wp-image-52245 avia-img-lazy-loading-not-52245 avia_image' src=\"https:\/\/radiorevelacionfm.cl\/wp-content\/uploads\/2025\/04\/Seremi-de-Vivienda-1-1.jpg\" alt='' title='Seremi de Vivienda (1) (1)' height=\"600\" width=\"928\"  itemprop=\"thumbnailUrl\" srcset=\"https:\/\/radiorevelacionfm.cl\/wp-content\/uploads\/2025\/04\/Seremi-de-Vivienda-1-1.jpg 928w, https:\/\/radiorevelacionfm.cl\/wp-content\/uploads\/2025\/04\/Seremi-de-Vivienda-1-1-300x194.jpg 300w, https:\/\/radiorevelacionfm.cl\/wp-content\/uploads\/2025\/04\/Seremi-de-Vivienda-1-1-768x497.jpg 768w, https:\/\/radiorevelacionfm.cl\/wp-content\/uploads\/2025\/04\/Seremi-de-Vivienda-1-1-705x456.jpg 705w, https:\/\/radiorevelacionfm.cl\/wp-content\/uploads\/2025\/04\/Seremi-de-Vivienda-1-1-450x291.jpg 450w, https:\/\/radiorevelacionfm.cl\/wp-content\/uploads\/2025\/04\/Seremi-de-Vivienda-1-1-600x388.jpg 600w\" sizes=\"(max-width: 928px) 100vw, 928px\" \/><\/div><\/div><\/div><\/div><div class=\"flex_column av_one_full  flex_column_div av-zero-column-padding first  avia-builder-el-2  el_after_av_one_full  el_before_av_one_full  column-top-margin\" style='border-radius:0px; '><section class=\"av_textblock_section \"  itemscope=\"itemscope\" itemtype=\"https:\/\/schema.org\/BlogPosting\" itemprop=\"blogPost\" ><div class='avia_textblock  '   itemprop=\"text\" ><p style=\"text-align: center;\"><span style=\"font-size: 18pt;\"><strong>Familias del Comit\u00e9 \u201cUni\u00f3n y Esperanza\u201d de Balmaceda recibieron subsidios y podr\u00e1n iniciar la construcci\u00f3n de sus casas<\/strong><\/span><\/p>\n<div id=\"gtx-trans\" style=\"position: absolute; left: -50px; top: 4.31534px;\">\n<div class=\"gtx-trans-icon\"><\/div>\n<\/div>\n<\/div><\/section><\/div><div class=\"flex_column av_one_full  flex_column_div av-zero-column-padding first  avia-builder-el-4  el_after_av_one_full  el_before_av_hr  column-top-margin\" style='border-radius:0px; '><section class=\"av_textblock_section \"  itemscope=\"itemscope\" itemtype=\"https:\/\/schema.org\/BlogPosting\" itemprop=\"blogPost\" ><div class='avia_textblock  '   itemprop=\"text\" ><p style=\"text-align: justify;\">En una emotiva ceremonia el Ministerio de Vivienda y Urbanismo entreg\u00f3 el pasado jueves 101 certificados de subsidio a los integrantes del comit\u00e9 \u201cUni\u00f3n y Esperanza\u201d de Balmaceda, quienes de esta forma dan un gran paso hacia la pronta ejecuci\u00f3n de su proyecto habitacional. La actividad se desarroll\u00f3 en dependencias de la Escuela Jos\u00e9 Antol\u00edn Silva Orme\u00f1o y cont\u00f3 la participaci\u00f3n de autoridades regionales, locales y familiares de los beneficiarios, quienes actualmente residen tanto en Balmaceda como en Coyhaique.<\/p>\n<p style=\"text-align: justify;\">La Seremi de Vivienda y Urbanismo, Paulina Ruz Delf\u00edn, expres\u00f3 su satisfacci\u00f3n de compartir con las familias la esperada entrega de subsidios, que permitir\u00e1 iniciar la construcci\u00f3n de las viviendas en terrenos que fueron traspasados al comit\u00e9 por parte el Serviu regional.<\/p>\n<p style=\"text-align: justify;\">\u201cSe ha vivido un gran momento de alegr\u00eda con estas familias que ya est\u00e1 un paso m\u00e1s cerca de su casa. La verdad es que para nosotros es muy significativo, primero porque esto llega a reafirmar nuestro compromiso con las familias de la regi\u00f3n de descentralizar un poco el acceso a la vivienda traslad\u00e1ndonos a una localidad rural como es Balmaceda. Por otra parte, en forma pionera, vamos a incorporar en este conjunto habitacional una medida de seguridad con perspectiva de g\u00e9nero que son mirillas en las puertas de acceso, iniciativa que surge desde la Seremi de Vivienda en conjunto con la comunidad en la participaci\u00f3n ciudadana que tuvimos el a\u00f1o pasado. Y bueno, adem\u00e1s, porque pronto ya vamos a poder iniciar obras, ya que contamos con el permiso de edificaci\u00f3n emitido por la Direcci\u00f3n de Obras Municipales de Coyhaique. Estamos muy contentos, yo dir\u00eda mucha emoci\u00f3n por parte de las familias y de eso se trata, de poder cumplir con los compromisos contra\u00eddos y sacar adelante proyectos que estaban estancados desde hace tiempo y que gracias a este Gobierno los podremos hacer realidad.\u201d, precis\u00f3.<\/p>\n<p style=\"text-align: justify;\">De igual forma el alcalde Carlos Gatica destac\u00f3 los avances que se est\u00e1n logrando en la comuna, para mejorar la vida de miles de familias, algo que se consigue en base al trabajo conjunto entre el Minvu, el Municipio y la misma comunidad organizada. \u201cEstamos muy contentos por la entrega de estos subsidios, este es un trabajo que se ha desarrollado, primero liderado, por supuesto, por el Ministerio de Vivienda, y nosotros estamos trabajando junto a ellos, colaborando, apoyando, y hoy no tan solo se entregan los subsidios, sino que adem\u00e1s la buena noticia de lo que significa la entrega del permiso de edificaci\u00f3n, por lo tanto, ya en torno a un mes estar\u00edamos viendo el inicio en las construcciones de estas viviendas, lo que va a significar, por supuesto, el hogar definitivo y la mejora sustancial de la calidad de vida de todos ellos. As\u00ed que para ellos muchas bendiciones y el mejor de los deseos\u201d, manifest\u00f3.<\/p>\n<p style=\"text-align: justify;\">Sin duda los m\u00e1s felices eran los integrantes del comit\u00e9 Uni\u00f3n y Esperanza, tal como lo reflejan las palabras del presidente de la agrupaci\u00f3n, Francisco Sandoval. \u201cS\u00ed, obviamente, una felicidad inmensa. Es demasiado lo que se avanz\u00f3 de un d\u00eda para otro, est\u00e1 todo funcionando bien. Vamos camino ya a nuestras casas, as\u00ed que la alegr\u00eda es inmensa, de toda la familia. El trabajo en el comit\u00e9 ha ido bien y lo importante es que como dice el nombre del comit\u00e9, somos la Uni\u00f3n y Esperanza de todas nuestras casas\u201d, afirm\u00f3.<\/p>\n<p style=\"text-align: justify;\">Cabe consignar que la Entidad Patrocinante de este comit\u00e9 es Dalco Limitada, quienes los asesoran y apoyan en las diferentes etapas del proceso. La inversi\u00f3n para materializar este proyecto sobrepasa los 10 mil millones de pesos, donde se suman los ahorros de las familias m\u00e1s los aportes del Ministerio de Vivienda, que de esta forma sigue avanzando a paso firme hacia el cumplimiento de la meta regional trazada por el Gobierno en el Plan de Emergencia Habitacional, donde a la fecha se alcanza un 92,8 % con mil 201 viviendas entregadas, 719 en ejecuci\u00f3n y 758 que podr\u00e1n iniciar obras en los pr\u00f3ximos meses.<\/p>\n<\/div><\/section><\/div><div  style='height:50px' class='hr hr-invisible   avia-builder-el-6  el_after_av_one_full  el_before_av_social_share '><span class='hr-inner ' ><span class='hr-inner-style'><\/span><\/span><\/div><\/p>\n<div  class='av-social-sharing-box  avia-builder-el-7  el_after_av_hr  el_before_av_hr  '><div class='av-share-box'><h5 class='av-share-link-description av-no-toc '>Compartir esta noticia<\/h5><ul class='av-share-box-list noLightbox'><li class='av-share-link av-social-link-facebook' ><a target=\"_blank\" aria-label=\"Compartir en Facebook\" href='https:\/\/www.facebook.com\/sharer.php?u=https:\/\/radiorevelacionfm.cl\/?p=52244&#038;t=Familias%20del%20Comit%C3%A9%20%E2%80%9CUni%C3%B3n%20y%20Esperanza%E2%80%9D%20de%20Balmaceda%20recibieron%20subsidios%20y%20podr%C3%A1n%20iniciar%20la%20construcci%C3%B3n%20de%20sus%20casas' aria-hidden='false' data-av_icon='\ue8f3' data-av_iconfont='entypo-fontello' title='' data-avia-related-tooltip='Compartir en Facebook' rel=\"noopener\"><span class='avia_hidden_link_text'>Compartir en Facebook<\/span><\/a><\/li><li class='av-share-link av-social-link-twitter' ><a target=\"_blank\" aria-label=\"Compartir en Twitter\" href='https:\/\/twitter.com\/share?text=Familias%20del%20Comit%C3%A9%20%E2%80%9CUni%C3%B3n%20y%20Esperanza%E2%80%9D%20de%20Balmaceda%20recibieron%20subsidios%20y%20podr%C3%A1n%20iniciar%20la%20construcci%C3%B3n%20de%20sus%20casas&#038;url=https:\/\/radiorevelacionfm.cl\/?p=52244' aria-hidden='false' data-av_icon='\ue8f1' data-av_iconfont='entypo-fontello' title='' data-avia-related-tooltip='Compartir en Twitter' rel=\"noopener\"><span class='avia_hidden_link_text'>Compartir en Twitter<\/span><\/a><\/li><li class='av-share-link av-social-link-whatsapp' ><a target=\"_blank\" aria-label=\"Compartir en Whatsapp\" href='https:\/\/api.whatsapp.com\/send?text=https:\/\/radiorevelacionfm.cl\/?p=52244' aria-hidden='false' data-av_icon='\uf232' data-av_iconfont='entypo-fontello' title='' data-avia-related-tooltip='Compartir en Whatsapp' rel=\"noopener\"><span class='avia_hidden_link_text'>Compartir en Whatsapp<\/span><\/a><\/li><li class='av-share-link av-social-link-linkedin' ><a target=\"_blank\" aria-label=\"Compartir en LinkedIn\" href='https:\/\/linkedin.com\/shareArticle?mini=true&#038;title=Familias%20del%20Comit%C3%A9%20%E2%80%9CUni%C3%B3n%20y%20Esperanza%E2%80%9D%20de%20Balmaceda%20recibieron%20subsidios%20y%20podr%C3%A1n%20iniciar%20la%20construcci%C3%B3n%20de%20sus%20casas&#038;url=https:\/\/radiorevelacionfm.cl\/?p=52244' aria-hidden='false' data-av_icon='\ue8fc' data-av_iconfont='entypo-fontello' title='' data-avia-related-tooltip='Compartir en LinkedIn' rel=\"noopener\"><span class='avia_hidden_link_text'>Compartir en LinkedIn<\/span><\/a><\/li><li class='av-share-link av-social-link-mail' ><a  aria-label=\"Compartir por correo\" href='mailto:?subject=Familias%20del%20Comit%C3%A9%20%E2%80%9CUni%C3%B3n%20y%20Esperanza%E2%80%9D%20de%20Balmaceda%20recibieron%20subsidios%20y%20podr%C3%A1n%20iniciar%20la%20construcci%C3%B3n%20de%20sus%20casas&#038;body=https:\/\/radiorevelacionfm.cl\/?p=52244' aria-hidden='false' data-av_icon='\ue805' data-av_iconfont='entypo-fontello' title='' data-avia-related-tooltip='Compartir por correo'><span class='avia_hidden_link_text'>Compartir por correo<\/span><\/a><\/li><\/ul><\/div><\/div>\n<div  style='height:50px' class='hr hr-invisible   avia-builder-el-8  el_after_av_social_share  el_before_av_comments_list '><span class='hr-inner ' ><span class='hr-inner-style'><\/span><\/span><\/div>\n<div  class='av-buildercomment  av-blog-meta-html-info-disabled av-blog-meta-tag-disabled  '><\/div>\n","protected":false},"excerpt":{"rendered":"","protected":false},"author":1,"featured_media":52245,"comment_status":"closed","ping_status":"closed","sticky":false,"template":"","format":"standard","meta":{"footnotes":""},"categories":[57],"tags":[],"class_list":["post-52244","post","type-post","status-publish","format-standard","has-post-thumbnail","hentry","category-vivienda"],"jetpack_featured_media_url":"https:\/\/radiorevelacionfm.cl\/wp-content\/uploads\/2025\/04\/Seremi-de-Vivienda-1-1.jpg","_links":{"self":[{"href":"https:\/\/radiorevelacionfm.cl\/index.php?rest_route=\/wp\/v2\/posts\/52244","targetHints":{"allow":["GET"]}}],"collection":[{"href":"https:\/\/radiorevelacionfm.cl\/index.php?rest_route=\/wp\/v2\/posts"}],"about":[{"href":"https:\/\/radiorevelacionfm.cl\/index.php?rest_route=\/wp\/v2\/types\/post"}],"author":[{"embeddable":true,"href":"https:\/\/radiorevelacionfm.cl\/index.php?rest_route=\/wp\/v2\/users\/1"}],"replies":[{"embeddable":true,"href":"https:\/\/radiorevelacionfm.cl\/index.php?rest_route=%2Fwp%2Fv2%2Fcomments&post=52244"}],"version-history":[{"count":2,"href":"https:\/\/radiorevelacionfm.cl\/index.php?rest_route=\/wp\/v2\/posts\/52244\/revisions"}],"predecessor-version":[{"id":52247,"href":"https:\/\/radiorevelacionfm.cl\/index.php?rest_route=\/wp\/v2\/posts\/52244\/revisions\/52247"}],"wp:featuredmedia":[{"embeddable":true,"href":"https:\/\/radiorevelacionfm.cl\/index.php?rest_route=\/wp\/v2\/media\/52245"}],"wp:attachment":[{"href":"https:\/\/radiorevelacionfm.cl\/index.php?rest_route=%2Fwp%2Fv2%2Fmedia&parent=52244"}],"wp:term":[{"taxonomy":"category","embeddable":true,"href":"https:\/\/radiorevelacionfm.cl\/index.php?rest_route=%2Fwp%2Fv2%2Fcategories&post=52244"},{"taxonomy":"post_tag","embeddable":true,"href":"https:\/\/radiorevelacionfm.cl\/index.php?rest_route=%2Fwp%2Fv2%2Ftags&post=52244"}],"curies":[{"name":"wp","href":"https:\/\/api.w.org\/{rel}","templated":true}]}}