{"id":52235,"date":"2025-04-04T20:03:14","date_gmt":"2025-04-04T23:03:14","guid":{"rendered":"https:\/\/radiorevelacionfm.cl\/?p=52235"},"modified":"2025-04-04T20:03:14","modified_gmt":"2025-04-04T23:03:14","slug":"fiscalia-solicito-la-prision-preventiva-para-imputado-por-dos-robos-ocurridos-en-el-centro-de-coyhaique","status":"publish","type":"post","link":"https:\/\/radiorevelacionfm.cl\/?p=52235","title":{"rendered":"Fiscal\u00eda solicit\u00f3 la prisi\u00f3n preventiva para imputado por dos robos ocurridos en el centro de Coyhaique"},"content":{"rendered":"<div class=\"flex_column av_one_full  flex_column_div av-zero-column-padding first  avia-builder-el-0  el_before_av_one_full  avia-builder-el-first  \" style='border-radius:0px; '><div  class='avia-image-container  av-styling-    avia-builder-el-1  avia-builder-el-no-sibling  avia-align-center '  itemprop=\"image\" itemscope=\"itemscope\" itemtype=\"https:\/\/schema.org\/ImageObject\"  ><div class='avia-image-container-inner'><div class='avia-image-overlay-wrap'><img decoding=\"async\" class='wp-image-38114 avia-img-lazy-loading-not-38114 avia_image' src=\"https:\/\/radiorevelacionfm.cl\/wp-content\/uploads\/2023\/12\/Fiscalia3-1-1.jpeg\" alt='' title='Fiscalia3 (1) (1)' height=\"600\" width=\"942\"  itemprop=\"thumbnailUrl\" srcset=\"https:\/\/radiorevelacionfm.cl\/wp-content\/uploads\/2023\/12\/Fiscalia3-1-1.jpeg 942w, https:\/\/radiorevelacionfm.cl\/wp-content\/uploads\/2023\/12\/Fiscalia3-1-1-300x191.jpeg 300w, https:\/\/radiorevelacionfm.cl\/wp-content\/uploads\/2023\/12\/Fiscalia3-1-1-768x489.jpeg 768w, https:\/\/radiorevelacionfm.cl\/wp-content\/uploads\/2023\/12\/Fiscalia3-1-1-705x449.jpeg 705w, https:\/\/radiorevelacionfm.cl\/wp-content\/uploads\/2023\/12\/Fiscalia3-1-1-450x287.jpeg 450w, https:\/\/radiorevelacionfm.cl\/wp-content\/uploads\/2023\/12\/Fiscalia3-1-1-600x382.jpeg 600w\" sizes=\"(max-width: 942px) 100vw, 942px\" \/><\/div><\/div><\/div><\/div><div class=\"flex_column av_one_full  flex_column_div av-zero-column-padding first  avia-builder-el-2  el_after_av_one_full  el_before_av_one_full  column-top-margin\" style='border-radius:0px; '><section class=\"av_textblock_section \"  itemscope=\"itemscope\" itemtype=\"https:\/\/schema.org\/BlogPosting\" itemprop=\"blogPost\" ><div class='avia_textblock  '   itemprop=\"text\" ><p style=\"text-align: center;\"><span style=\"font-size: 18pt;\"><b>Fiscal\u00eda solicit\u00f3 la prisi\u00f3n preventiva para imputado por dos robos ocurridos en el centro de Coyhaique<\/b><\/span><\/p>\n<div id=\"gtx-trans\" style=\"position: absolute; left: -50px; top: 4.31534px;\">\n<div class=\"gtx-trans-icon\"><\/div>\n<\/div>\n<\/div><\/section><\/div><div class=\"flex_column av_one_full  flex_column_div av-zero-column-padding first  avia-builder-el-4  el_after_av_one_full  el_before_av_hr  column-top-margin\" style='border-radius:0px; '><section class=\"av_textblock_section \"  itemscope=\"itemscope\" itemtype=\"https:\/\/schema.org\/BlogPosting\" itemprop=\"blogPost\" ><div class='avia_textblock  '   itemprop=\"text\" ><p><em>Imputado es reincidente en el mismo tipo de delito.\u00a0<\/em><\/p>\n<p class=\"v1MsoNormal\" style=\"text-align: justify;\">\u201cEl imputado huye del lugar y es visto por vecinos y testigos, quienes lo sindican y posteriormente es detenido por personal de Carabineros\u201d, explic\u00f3 el Fiscal (s), Sebasti\u00e1n Vild\u00f3sola.<\/p>\n<p class=\"v1MsoNormal\" style=\"text-align: justify;\">La Fiscal\u00eda Local de Coyhaique solicit\u00f3 la prisi\u00f3n preventiva para un imputado de 23 a\u00f1os, como autor de dos delitos de robo ocurridos en el sector c\u00e9ntrico de Coyhaique, la noche del pasado martes.<\/p>\n<p class=\"v1MsoNormal\" style=\"text-align: justify;\">Seg\u00fan explic\u00f3 el fiscal (s), Sebasti\u00e1n Vild\u00f3sola, \u201cse formaliz\u00f3 investigaci\u00f3n en contra de un imputado var\u00f3n adulto y chileno por los delitos de robo en lugar habitado y robo en lugar no habitado, hechos ocurridos en la noche del 1 de abril de 2025 en el sector c\u00e9ntrico de Coyhaique\u201d.<\/p>\n<p class=\"v1MsoNormal\" style=\"text-align: justify;\">El abogado agreg\u00f3 que \u201cestos hechos afectaron a un domicilio particular hasta donde concurri\u00f3 el imputado, intentando ingresar al interior de la vivienda, forzando puertas y ventanas, no logrando el ingreso, para posteriormente sustraer desde una dependencia de dicho domicilio diversas herramientas, luego de lo cual salt\u00f3 una pandereta hasta un establecimiento educacional que colinda con dicha vivienda, desde donde tambi\u00e9n forz\u00f3 una bodega sustrayendo diversas herramientas igualmente\u201d.<\/p>\n<p class=\"v1MsoNormal\" style=\"text-align: justify;\">Luego, a\u00f1adi\u00f3 Sebasti\u00e1n Vild\u00f3sola, \u201cel imputado huye del lugar y es visto por vecinos y testigos, quienes lo sindican y posteriormente es detenido por personal de Carabineros\u201d.<\/p>\n<p class=\"v1MsoNormal\" style=\"text-align: justify;\">El persecutor penal asever\u00f3 que \u201ca prop\u00f3sito de los antecedentes expuestos en la audiencia, esta Fiscal\u00eda solicit\u00f3 la prisi\u00f3n preventiva del imputado por estimar que su libertad es un peligro para la seguridad de la sociedad y de las v\u00edctimas, teniendo en consideraci\u00f3n la pena asignada por ley al delito que uno de ellos tiene pena de crimen, adem\u00e1s de la forma comisiva y naturaleza de los il\u00edcitos, considerando igualmente que el imputado no goza de irreprochable conducta anterior; a mayor abundamiento, registra condena reciente por el mismo delito de robo en lugar habitado\u201d.<\/p>\n<p class=\"v1MsoNormal\" style=\"text-align: justify;\">En ese caso, \u201cel juez, acogiendo los argumentos de la Fiscal\u00eda, decret\u00f3 su prisi\u00f3n preventiva y un plazo investigaci\u00f3n de 90 d\u00edas. Las diligencias, encomendadas por la Fiscal\u00eda, est\u00e1n a cargo de la SIP de Carabineros Coyhaique y de Labocar\u201d, finaliz\u00f3 el fiscal (s), Sebasti\u00e1n Vild\u00f3sola.<\/p>\n<\/div><\/section><\/div><div  style='height:50px' class='hr hr-invisible   avia-builder-el-6  el_after_av_one_full  el_before_av_social_share '><span class='hr-inner ' ><span class='hr-inner-style'><\/span><\/span><\/div><\/p>\n<div  class='av-social-sharing-box  avia-builder-el-7  el_after_av_hr  el_before_av_hr  '><div class='av-share-box'><h5 class='av-share-link-description av-no-toc '>Compartir esta noticia<\/h5><ul class='av-share-box-list noLightbox'><li class='av-share-link av-social-link-facebook' ><a target=\"_blank\" aria-label=\"Compartir en Facebook\" href='https:\/\/www.facebook.com\/sharer.php?u=https:\/\/radiorevelacionfm.cl\/?p=52235&#038;t=Fiscal%C3%ADa%20solicit%C3%B3%20la%20prisi%C3%B3n%20preventiva%20para%20imputado%20por%20dos%20robos%20ocurridos%20en%20el%20centro%20de%20Coyhaique' aria-hidden='false' data-av_icon='\ue8f3' data-av_iconfont='entypo-fontello' title='' data-avia-related-tooltip='Compartir en Facebook' rel=\"noopener\"><span class='avia_hidden_link_text'>Compartir en Facebook<\/span><\/a><\/li><li class='av-share-link av-social-link-twitter' ><a target=\"_blank\" aria-label=\"Compartir en Twitter\" href='https:\/\/twitter.com\/share?text=Fiscal%C3%ADa%20solicit%C3%B3%20la%20prisi%C3%B3n%20preventiva%20para%20imputado%20por%20dos%20robos%20ocurridos%20en%20el%20centro%20de%20Coyhaique&#038;url=https:\/\/radiorevelacionfm.cl\/?p=52235' aria-hidden='false' data-av_icon='\ue8f1' data-av_iconfont='entypo-fontello' title='' data-avia-related-tooltip='Compartir en Twitter' rel=\"noopener\"><span class='avia_hidden_link_text'>Compartir en Twitter<\/span><\/a><\/li><li class='av-share-link av-social-link-whatsapp' ><a target=\"_blank\" aria-label=\"Compartir en Whatsapp\" href='https:\/\/api.whatsapp.com\/send?text=https:\/\/radiorevelacionfm.cl\/?p=52235' aria-hidden='false' data-av_icon='\uf232' data-av_iconfont='entypo-fontello' title='' data-avia-related-tooltip='Compartir en Whatsapp' rel=\"noopener\"><span class='avia_hidden_link_text'>Compartir en Whatsapp<\/span><\/a><\/li><li class='av-share-link av-social-link-linkedin' ><a target=\"_blank\" aria-label=\"Compartir en LinkedIn\" href='https:\/\/linkedin.com\/shareArticle?mini=true&#038;title=Fiscal%C3%ADa%20solicit%C3%B3%20la%20prisi%C3%B3n%20preventiva%20para%20imputado%20por%20dos%20robos%20ocurridos%20en%20el%20centro%20de%20Coyhaique&#038;url=https:\/\/radiorevelacionfm.cl\/?p=52235' aria-hidden='false' data-av_icon='\ue8fc' data-av_iconfont='entypo-fontello' title='' data-avia-related-tooltip='Compartir en LinkedIn' rel=\"noopener\"><span class='avia_hidden_link_text'>Compartir en LinkedIn<\/span><\/a><\/li><li class='av-share-link av-social-link-mail' ><a  aria-label=\"Compartir por correo\" href='mailto:?subject=Fiscal%C3%ADa%20solicit%C3%B3%20la%20prisi%C3%B3n%20preventiva%20para%20imputado%20por%20dos%20robos%20ocurridos%20en%20el%20centro%20de%20Coyhaique&#038;body=https:\/\/radiorevelacionfm.cl\/?p=52235' aria-hidden='false' data-av_icon='\ue805' data-av_iconfont='entypo-fontello' title='' data-avia-related-tooltip='Compartir por correo'><span class='avia_hidden_link_text'>Compartir por correo<\/span><\/a><\/li><\/ul><\/div><\/div>\n<div  style='height:50px' class='hr hr-invisible   avia-builder-el-8  el_after_av_social_share  el_before_av_comments_list '><span class='hr-inner ' ><span class='hr-inner-style'><\/span><\/span><\/div>\n<div  class='av-buildercomment  av-blog-meta-html-info-disabled av-blog-meta-tag-disabled  '><\/div>\n","protected":false},"excerpt":{"rendered":"","protected":false},"author":1,"featured_media":38114,"comment_status":"closed","ping_status":"closed","sticky":false,"template":"","format":"standard","meta":{"footnotes":""},"categories":[55],"tags":[],"class_list":["post-52235","post","type-post","status-publish","format-standard","has-post-thumbnail","hentry","category-justicia"],"jetpack_featured_media_url":"https:\/\/radiorevelacionfm.cl\/wp-content\/uploads\/2023\/12\/Fiscalia3-1-1.jpeg","_links":{"self":[{"href":"https:\/\/radiorevelacionfm.cl\/index.php?rest_route=\/wp\/v2\/posts\/52235","targetHints":{"allow":["GET"]}}],"collection":[{"href":"https:\/\/radiorevelacionfm.cl\/index.php?rest_route=\/wp\/v2\/posts"}],"about":[{"href":"https:\/\/radiorevelacionfm.cl\/index.php?rest_route=\/wp\/v2\/types\/post"}],"author":[{"embeddable":true,"href":"https:\/\/radiorevelacionfm.cl\/index.php?rest_route=\/wp\/v2\/users\/1"}],"replies":[{"embeddable":true,"href":"https:\/\/radiorevelacionfm.cl\/index.php?rest_route=%2Fwp%2Fv2%2Fcomments&post=52235"}],"version-history":[{"count":2,"href":"https:\/\/radiorevelacionfm.cl\/index.php?rest_route=\/wp\/v2\/posts\/52235\/revisions"}],"predecessor-version":[{"id":52238,"href":"https:\/\/radiorevelacionfm.cl\/index.php?rest_route=\/wp\/v2\/posts\/52235\/revisions\/52238"}],"wp:featuredmedia":[{"embeddable":true,"href":"https:\/\/radiorevelacionfm.cl\/index.php?rest_route=\/wp\/v2\/media\/38114"}],"wp:attachment":[{"href":"https:\/\/radiorevelacionfm.cl\/index.php?rest_route=%2Fwp%2Fv2%2Fmedia&parent=52235"}],"wp:term":[{"taxonomy":"category","embeddable":true,"href":"https:\/\/radiorevelacionfm.cl\/index.php?rest_route=%2Fwp%2Fv2%2Fcategories&post=52235"},{"taxonomy":"post_tag","embeddable":true,"href":"https:\/\/radiorevelacionfm.cl\/index.php?rest_route=%2Fwp%2Fv2%2Ftags&post=52235"}],"curies":[{"name":"wp","href":"https:\/\/api.w.org\/{rel}","templated":true}]}}