{"id":52224,"date":"2025-04-05T12:11:26","date_gmt":"2025-04-05T15:11:26","guid":{"rendered":"https:\/\/radiorevelacionfm.cl\/?p=52224"},"modified":"2025-04-05T12:11:26","modified_gmt":"2025-04-05T15:11:26","slug":"convocatoria-abierta-explora-aysen-invita-a-docentes-y-estudiantes-a-descubrir-la-biodiversidad-regional","status":"publish","type":"post","link":"https:\/\/radiorevelacionfm.cl\/?p=52224","title":{"rendered":"Convocatoria abierta: Explora Ays\u00e9n invita a docentes y estudiantes a descubrir la biodiversidad regional"},"content":{"rendered":"<div class=\"flex_column av_one_full  flex_column_div av-zero-column-padding first  avia-builder-el-0  el_before_av_one_full  avia-builder-el-first  \" style='border-radius:0px; '><div  class='avia-image-container  av-styling-    avia-builder-el-1  avia-builder-el-no-sibling  avia-align-center '  itemprop=\"image\" itemscope=\"itemscope\" itemtype=\"https:\/\/schema.org\/ImageObject\"  ><div class='avia-image-container-inner'><div class='avia-image-overlay-wrap'><img decoding=\"async\" class='wp-image-52227 avia-img-lazy-loading-not-52227 avia_image' src=\"https:\/\/radiorevelacionfm.cl\/wp-content\/uploads\/2025\/04\/6-768x580-1_optimized-1.jpg\" alt='' title='6-768x580-(1)_optimized (1)' height=\"605\" width=\"801\"  itemprop=\"thumbnailUrl\" srcset=\"https:\/\/radiorevelacionfm.cl\/wp-content\/uploads\/2025\/04\/6-768x580-1_optimized-1.jpg 801w, https:\/\/radiorevelacionfm.cl\/wp-content\/uploads\/2025\/04\/6-768x580-1_optimized-1-300x227.jpg 300w, https:\/\/radiorevelacionfm.cl\/wp-content\/uploads\/2025\/04\/6-768x580-1_optimized-1-768x580.jpg 768w, https:\/\/radiorevelacionfm.cl\/wp-content\/uploads\/2025\/04\/6-768x580-1_optimized-1-705x532.jpg 705w, https:\/\/radiorevelacionfm.cl\/wp-content\/uploads\/2025\/04\/6-768x580-1_optimized-1-450x340.jpg 450w, https:\/\/radiorevelacionfm.cl\/wp-content\/uploads\/2025\/04\/6-768x580-1_optimized-1-600x453.jpg 600w\" sizes=\"(max-width: 801px) 100vw, 801px\" \/><\/div><\/div><\/div><\/div><div class=\"flex_column av_one_full  flex_column_div av-zero-column-padding first  avia-builder-el-2  el_after_av_one_full  el_before_av_one_full  column-top-margin\" style='border-radius:0px; '><section class=\"av_textblock_section \"  itemscope=\"itemscope\" itemtype=\"https:\/\/schema.org\/BlogPosting\" itemprop=\"blogPost\" ><div class='avia_textblock  '   itemprop=\"text\" ><p style=\"text-align: center;\"><strong><span style=\"font-size: 18pt;\">Convocatoria abierta: Explora Ays\u00e9n invita a docentes y estudiantes a descubrir la biodiversidad regional<\/span><\/strong><\/p>\n<div id=\"gtx-trans\" style=\"position: absolute; left: -50px; top: 4.31534px;\">\n<div class=\"gtx-trans-icon\"><\/div>\n<\/div>\n<\/div><\/section><\/div><\/p>\n<div class=\"flex_column av_one_full  flex_column_div av-zero-column-padding first  avia-builder-el-4  el_after_av_one_full  el_before_av_hr  column-top-margin\" style='border-radius:0px; '><section class=\"av_textblock_section \"  itemscope=\"itemscope\" itemtype=\"https:\/\/schema.org\/BlogPosting\" itemprop=\"blogPost\" ><div class='avia_textblock  '   itemprop=\"text\" ><p style=\"text-align: justify;\"><em>Hasta el 11 de abril, docentes de primer ciclo b\u00e1sico de la Regi\u00f3n de Ays\u00e9n podr\u00e1n inscribirse, con sus cursos, en el programa Parques y Reservas como Laboratorio Natural, una iniciativa que promueve el conocimiento y valoraci\u00f3n del patrimonio natural de la regi\u00f3n.<\/em><\/p>\n<p style=\"text-align: justify;\">El programa, impulsado por el Proyecto Explora Ays\u00e9n del Ministerio de Ciencia, Tecnolog\u00eda, Conocimiento e Innovaci\u00f3n y el Campus Patagonia de la Universidad Austral de Chile, ofrece una experiencia de aprendizaje en la que estudiantes y docentes pueden conocer la biodiversidad regional a trav\u00e9s de recursos pedag\u00f3gicas inspirados en la flora y fauna presente en las \u00c1reas Silvestres Protegidas de la Regi\u00f3n de Ays\u00e9n.<\/p>\n<p style=\"text-align: justify;\">Las actividades del programa incluyen la participaci\u00f3n docente en una capacitaci\u00f3n metodol\u00f3gica, la entrega de material pedag\u00f3gico en las tem\u00e1ticas de aves, anfibios, mam\u00edferos o microbosques, su implementaci\u00f3n en el aula por parte de las y los docentes, y una experiencia al aire libre con docentes y estudiantes que hayan utilizado el material durante el periodo 2025.<\/p>\n<p style=\"text-align: justify;\"><strong>Aprendizaje inspirado en el\u00a0 entorno<\/strong><\/p>\n<p style=\"text-align: justify;\">El conjunto de recursos ofrecidos por Parques y Reservas como Laboratorio Natural incluye micro animaciones, l\u00e1minas de actividades, afiches con infograf\u00edas, gu\u00edas metodol\u00f3gicas, entre otros materiales que est\u00e1n inspirados en la Reserva Nacional Coyhaique, la Reserva Nacional R\u00edo Simpson, el Monumento Natural Dos Lagunas y el Parque Nacional Queulat.<\/p>\n<p style=\"text-align: justify;\"><strong>\u00bfC\u00f3mo postular?<\/strong><\/p>\n<p style=\"text-align: justify;\">Docentes de primer ciclo b\u00e1sico de establecimientos educacionales de la Regi\u00f3n de Ays\u00e9n pueden postular hasta el 11 de abril a trav\u00e9s de un formulario disponible en <a href=\"http:\/\/www.explora.cl\">www.explora.cl<\/a>.<\/p>\n<\/div><\/section><\/div>\n<div  style='height:50px' class='hr hr-invisible   avia-builder-el-6  el_after_av_one_full  el_before_av_social_share '><span class='hr-inner ' ><span class='hr-inner-style'><\/span><\/span><\/div>\n<div  class='av-social-sharing-box  avia-builder-el-7  el_after_av_hr  el_before_av_hr  '><div class='av-share-box'><h5 class='av-share-link-description av-no-toc '>Compartir esta noticia<\/h5><ul class='av-share-box-list noLightbox'><li class='av-share-link av-social-link-facebook' ><a target=\"_blank\" aria-label=\"Compartir en Facebook\" href='https:\/\/www.facebook.com\/sharer.php?u=https:\/\/radiorevelacionfm.cl\/?p=52224&#038;t=Convocatoria%20abierta%3A%20Explora%20Ays%C3%A9n%20invita%20a%20docentes%20y%20estudiantes%20a%20descubrir%20la%20biodiversidad%20regional' aria-hidden='false' data-av_icon='\ue8f3' data-av_iconfont='entypo-fontello' title='' data-avia-related-tooltip='Compartir en Facebook' rel=\"noopener\"><span class='avia_hidden_link_text'>Compartir en Facebook<\/span><\/a><\/li><li class='av-share-link av-social-link-twitter' ><a target=\"_blank\" aria-label=\"Compartir en Twitter\" href='https:\/\/twitter.com\/share?text=Convocatoria%20abierta%3A%20Explora%20Ays%C3%A9n%20invita%20a%20docentes%20y%20estudiantes%20a%20descubrir%20la%20biodiversidad%20regional&#038;url=https:\/\/radiorevelacionfm.cl\/?p=52224' aria-hidden='false' data-av_icon='\ue8f1' data-av_iconfont='entypo-fontello' title='' data-avia-related-tooltip='Compartir en Twitter' rel=\"noopener\"><span class='avia_hidden_link_text'>Compartir en Twitter<\/span><\/a><\/li><li class='av-share-link av-social-link-whatsapp' ><a target=\"_blank\" aria-label=\"Compartir en Whatsapp\" href='https:\/\/api.whatsapp.com\/send?text=https:\/\/radiorevelacionfm.cl\/?p=52224' aria-hidden='false' data-av_icon='\uf232' data-av_iconfont='entypo-fontello' title='' data-avia-related-tooltip='Compartir en Whatsapp' rel=\"noopener\"><span class='avia_hidden_link_text'>Compartir en Whatsapp<\/span><\/a><\/li><li class='av-share-link av-social-link-linkedin' ><a target=\"_blank\" aria-label=\"Compartir en LinkedIn\" href='https:\/\/linkedin.com\/shareArticle?mini=true&#038;title=Convocatoria%20abierta%3A%20Explora%20Ays%C3%A9n%20invita%20a%20docentes%20y%20estudiantes%20a%20descubrir%20la%20biodiversidad%20regional&#038;url=https:\/\/radiorevelacionfm.cl\/?p=52224' aria-hidden='false' data-av_icon='\ue8fc' data-av_iconfont='entypo-fontello' title='' data-avia-related-tooltip='Compartir en LinkedIn' rel=\"noopener\"><span class='avia_hidden_link_text'>Compartir en LinkedIn<\/span><\/a><\/li><li class='av-share-link av-social-link-mail' ><a  aria-label=\"Compartir por correo\" href='mailto:?subject=Convocatoria%20abierta%3A%20Explora%20Ays%C3%A9n%20invita%20a%20docentes%20y%20estudiantes%20a%20descubrir%20la%20biodiversidad%20regional&#038;body=https:\/\/radiorevelacionfm.cl\/?p=52224' aria-hidden='false' data-av_icon='\ue805' data-av_iconfont='entypo-fontello' title='' data-avia-related-tooltip='Compartir por correo'><span class='avia_hidden_link_text'>Compartir por correo<\/span><\/a><\/li><\/ul><\/div><\/div>\n<div  style='height:50px' class='hr hr-invisible   avia-builder-el-8  el_after_av_social_share  el_before_av_comments_list '><span class='hr-inner ' ><span class='hr-inner-style'><\/span><\/span><\/div>\n<div  class='av-buildercomment  av-blog-meta-html-info-disabled av-blog-meta-tag-disabled  '><\/div>\n","protected":false},"excerpt":{"rendered":"","protected":false},"author":1,"featured_media":52227,"comment_status":"closed","ping_status":"closed","sticky":false,"template":"","format":"standard","meta":{"footnotes":""},"categories":[49],"tags":[],"class_list":["post-52224","post","type-post","status-publish","format-standard","has-post-thumbnail","hentry","category-educacion"],"jetpack_featured_media_url":"https:\/\/radiorevelacionfm.cl\/wp-content\/uploads\/2025\/04\/6-768x580-1_optimized-1.jpg","_links":{"self":[{"href":"https:\/\/radiorevelacionfm.cl\/index.php?rest_route=\/wp\/v2\/posts\/52224","targetHints":{"allow":["GET"]}}],"collection":[{"href":"https:\/\/radiorevelacionfm.cl\/index.php?rest_route=\/wp\/v2\/posts"}],"about":[{"href":"https:\/\/radiorevelacionfm.cl\/index.php?rest_route=\/wp\/v2\/types\/post"}],"author":[{"embeddable":true,"href":"https:\/\/radiorevelacionfm.cl\/index.php?rest_route=\/wp\/v2\/users\/1"}],"replies":[{"embeddable":true,"href":"https:\/\/radiorevelacionfm.cl\/index.php?rest_route=%2Fwp%2Fv2%2Fcomments&post=52224"}],"version-history":[{"count":3,"href":"https:\/\/radiorevelacionfm.cl\/index.php?rest_route=\/wp\/v2\/posts\/52224\/revisions"}],"predecessor-version":[{"id":52240,"href":"https:\/\/radiorevelacionfm.cl\/index.php?rest_route=\/wp\/v2\/posts\/52224\/revisions\/52240"}],"wp:featuredmedia":[{"embeddable":true,"href":"https:\/\/radiorevelacionfm.cl\/index.php?rest_route=\/wp\/v2\/media\/52227"}],"wp:attachment":[{"href":"https:\/\/radiorevelacionfm.cl\/index.php?rest_route=%2Fwp%2Fv2%2Fmedia&parent=52224"}],"wp:term":[{"taxonomy":"category","embeddable":true,"href":"https:\/\/radiorevelacionfm.cl\/index.php?rest_route=%2Fwp%2Fv2%2Fcategories&post=52224"},{"taxonomy":"post_tag","embeddable":true,"href":"https:\/\/radiorevelacionfm.cl\/index.php?rest_route=%2Fwp%2Fv2%2Ftags&post=52224"}],"curies":[{"name":"wp","href":"https:\/\/api.w.org\/{rel}","templated":true}]}}