{"id":52221,"date":"2025-04-04T16:23:37","date_gmt":"2025-04-04T19:23:37","guid":{"rendered":"https:\/\/radiorevelacionfm.cl\/?p=52221"},"modified":"2025-04-04T16:23:37","modified_gmt":"2025-04-04T19:23:37","slug":"cambio-de-hora-en-chile-cuando-es-el-cambio-de-hora-y-en-que-regiones-se-mantiene-el-horario-de-verano","status":"publish","type":"post","link":"https:\/\/radiorevelacionfm.cl\/?p=52221","title":{"rendered":"Cambio de Hora en Chile: Cu\u00e1ndo es el cambio de hora y en qu\u00e9 regiones se mantiene el horario de verano"},"content":{"rendered":"<div class=\"flex_column av_one_full  flex_column_div av-zero-column-padding first  avia-builder-el-0  el_before_av_one_full  avia-builder-el-first  \" style='border-radius:0px; '><div  class='avia-image-container  av-styling-    avia-builder-el-1  avia-builder-el-no-sibling  avia-align-center '  itemprop=\"image\" itemscope=\"itemscope\" itemtype=\"https:\/\/schema.org\/ImageObject\"  ><div class='avia-image-container-inner'><div class='avia-image-overlay-wrap'><img decoding=\"async\" class='wp-image-41042 avia-img-lazy-loading-not-41042 avia_image' src=\"https:\/\/radiorevelacionfm.cl\/wp-content\/uploads\/2024\/04\/cambio-de-hora-2024-1-1.jpg\" alt='' title='cambio-de-hora-2024 (1) (1)' height=\"600\" width=\"900\"  itemprop=\"thumbnailUrl\" srcset=\"https:\/\/radiorevelacionfm.cl\/wp-content\/uploads\/2024\/04\/cambio-de-hora-2024-1-1.jpg 900w, https:\/\/radiorevelacionfm.cl\/wp-content\/uploads\/2024\/04\/cambio-de-hora-2024-1-1-300x200.jpg 300w, https:\/\/radiorevelacionfm.cl\/wp-content\/uploads\/2024\/04\/cambio-de-hora-2024-1-1-768x512.jpg 768w, https:\/\/radiorevelacionfm.cl\/wp-content\/uploads\/2024\/04\/cambio-de-hora-2024-1-1-705x470.jpg 705w, https:\/\/radiorevelacionfm.cl\/wp-content\/uploads\/2024\/04\/cambio-de-hora-2024-1-1-450x300.jpg 450w, https:\/\/radiorevelacionfm.cl\/wp-content\/uploads\/2024\/04\/cambio-de-hora-2024-1-1-600x400.jpg 600w\" sizes=\"(max-width: 900px) 100vw, 900px\" \/><\/div><\/div><\/div><\/div><div class=\"flex_column av_one_full  flex_column_div av-zero-column-padding first  avia-builder-el-2  el_after_av_one_full  el_before_av_one_full  column-top-margin\" style='border-radius:0px; '><section class=\"av_textblock_section \"  itemscope=\"itemscope\" itemtype=\"https:\/\/schema.org\/BlogPosting\" itemprop=\"blogPost\" ><div class='avia_textblock  '   itemprop=\"text\" ><p style=\"text-align: center;\"><strong><span style=\"font-size: 18pt;\">Cambio de Hora en Chile: Cu\u00e1ndo es el cambio de hora y en qu\u00e9 regiones se mantiene el horario de verano<\/span><\/strong><\/p>\n<div id=\"gtx-trans\" style=\"position: absolute; left: -50px; top: 4.31534px;\">\n<div class=\"gtx-trans-icon\"><\/div>\n<\/div>\n<\/div><\/section><\/div><div class=\"flex_column av_one_full  flex_column_div av-zero-column-padding first  avia-builder-el-4  el_after_av_one_full  el_before_av_hr  column-top-margin\" style='border-radius:0px; '><section class=\"av_textblock_section \"  itemscope=\"itemscope\" itemtype=\"https:\/\/schema.org\/BlogPosting\" itemprop=\"blogPost\" ><div class='avia_textblock  '   itemprop=\"text\" ><p style=\"text-align: justify;\">Este <strong>s\u00e1bado 5 de abril de 2025,<\/strong>\u00a0gran parte de Chile se preparar\u00e1 para el\u00a0<strong><a href=\"https:\/\/www.pauta.cl\/tag\/cambio-de-hora\/\">cambio de hora<\/a>,<\/strong>\u00a0dando paso al horario de invierno. Este ajuste, que implica\u00a0<strong>atrasar los relojes una hora,<\/strong> no se aplicar\u00e1 en todo el territorio nacional. En esta nota te contamos todo lo que necesitas saber sobre el <a href=\"https:\/\/www.pauta.cl\/tag\/cambio-de-hora\/\"><strong>cambio de hora en Chile 2025<\/strong><\/a>, incluyendo qu\u00e9 regiones no se cambiar\u00e1 la hora.<\/p>\n<p style=\"text-align: justify;\">En la mayor parte del pa\u00eds, cuando el reloj marque las<strong>\u00a000:00 horas del 5 de abril,<\/strong> se deber\u00e1<strong> atrasar el reloj en 1 hora, es decir, a las 23:00 horas.<\/strong><\/p>\n<p style=\"text-align: justify;\"><strong>\u00bfQu\u00e9 regiones no cambian el horario?<\/strong><\/p>\n<p style=\"text-align: justify;\">Aunque la mayor\u00eda del territorio chileno pasar\u00e1 al horario de invierno, hay excepciones importantes. Las siguientes regiones no deber\u00e1n modificar sus relojes y mantendr\u00e1n el horario de verano<\/p>\n<p style=\"text-align: justify;\">\u2013\u00a0<a href=\"https:\/\/www.bcn.cl\/siit\/nuestropais\/region11\">Regi\u00f3n de Ays\u00e9n<\/a><br \/>\n\u2013<a href=\"https:\/\/www.bcn.cl\/siit\/nuestropais\/region12\">\u00a0Regi\u00f3n de Magallanes y la Ant\u00e1rtica Chilena<\/a><\/p>\n<p style=\"text-align: justify;\">Estas zonas continuar\u00e1n con el huso horario UTC-3, mientras que el resto del pa\u00eds ajustar\u00e1 sus relojes. Pero, \u00bfQu\u00e9 pasa con el resto de Chile? A continuaci\u00f3n, te detallamos c\u00f3mo quedar\u00e1n los husos horarios tras el cambio.<\/p>\n<p style=\"text-align: justify;\">El<a href=\"https:\/\/www.pauta.cl\/tag\/cambio-de-hora\/\">\u00a0<strong>cambio de hora 2025<\/strong><\/a>\u00a0dejar\u00e1 los\u00a0<a href=\"https:\/\/www.horaoficial.cl\/\" target=\"_blank\" rel=\"noopener\"><strong>husos horarios<\/strong><\/a>\u00a0del pa\u00eds de la siguiente manera:<\/p>\n<p style=\"text-align: justify;\">1.\u00a0<strong>Chile Continental:<\/strong><br \/>\n&#8211; Atrasar\u00e1 una hora, pasando de UTC-3 a UTC-4.<br \/>\n&#8211; Esto aplica a la mayor\u00eda de las regiones, desde Arica hasta la Regi\u00f3n de Los Lagos.<\/p>\n<p style=\"text-align: justify;\">2.<strong>\u00a0Chile Insular Occidental (Isla de Pascua e Isla Salas y G\u00f3mez<\/strong>):<br \/>\n&#8211; Tambi\u00e9n atrasar\u00e1 una hora, pasando de<strong>\u00a0UTC-5 a UTC-6.<\/strong><\/p>\n<p style=\"text-align: justify;\">3.\u00a0<strong>Regiones de Ays\u00e9n y Magallanes<\/strong>:<br \/>\n&#8211; Mantendr\u00e1n el <strong>UTC-3,<\/strong>\u00a0sin cambios en sus relojes.<\/p>\n<p style=\"text-align: justify;\">Estas diferencias responden a decisiones del Gobierno basadas en factores geogr\u00e1ficos y clim\u00e1ticos, buscando optimizar la luz solar en cada zona.<\/p>\n<\/div><\/section><\/div><div  style='height:50px' class='hr hr-invisible   avia-builder-el-6  el_after_av_one_full  el_before_av_social_share '><span class='hr-inner ' ><span class='hr-inner-style'><\/span><\/span><\/div><\/p>\n<div  class='av-social-sharing-box  avia-builder-el-7  el_after_av_hr  el_before_av_hr  '><div class='av-share-box'><h5 class='av-share-link-description av-no-toc '>Compartir esta noticia<\/h5><ul class='av-share-box-list noLightbox'><li class='av-share-link av-social-link-facebook' ><a target=\"_blank\" aria-label=\"Compartir en Facebook\" href='https:\/\/www.facebook.com\/sharer.php?u=https:\/\/radiorevelacionfm.cl\/?p=52221&#038;t=Cambio%20de%20Hora%20en%20Chile%3A%20Cu%C3%A1ndo%20es%20el%20cambio%20de%20hora%20y%20en%20qu%C3%A9%20regiones%20se%20mantiene%20el%20horario%20de%20verano' aria-hidden='false' data-av_icon='\ue8f3' data-av_iconfont='entypo-fontello' title='' data-avia-related-tooltip='Compartir en Facebook' rel=\"noopener\"><span class='avia_hidden_link_text'>Compartir en Facebook<\/span><\/a><\/li><li class='av-share-link av-social-link-twitter' ><a target=\"_blank\" aria-label=\"Compartir en Twitter\" href='https:\/\/twitter.com\/share?text=Cambio%20de%20Hora%20en%20Chile%3A%20Cu%C3%A1ndo%20es%20el%20cambio%20de%20hora%20y%20en%20qu%C3%A9%20regiones%20se%20mantiene%20el%20horario%20de%20verano&#038;url=https:\/\/radiorevelacionfm.cl\/?p=52221' aria-hidden='false' data-av_icon='\ue8f1' data-av_iconfont='entypo-fontello' title='' data-avia-related-tooltip='Compartir en Twitter' rel=\"noopener\"><span class='avia_hidden_link_text'>Compartir en Twitter<\/span><\/a><\/li><li class='av-share-link av-social-link-whatsapp' ><a target=\"_blank\" aria-label=\"Compartir en Whatsapp\" href='https:\/\/api.whatsapp.com\/send?text=https:\/\/radiorevelacionfm.cl\/?p=52221' aria-hidden='false' data-av_icon='\uf232' data-av_iconfont='entypo-fontello' title='' data-avia-related-tooltip='Compartir en Whatsapp' rel=\"noopener\"><span class='avia_hidden_link_text'>Compartir en Whatsapp<\/span><\/a><\/li><li class='av-share-link av-social-link-linkedin' ><a target=\"_blank\" aria-label=\"Compartir en LinkedIn\" href='https:\/\/linkedin.com\/shareArticle?mini=true&#038;title=Cambio%20de%20Hora%20en%20Chile%3A%20Cu%C3%A1ndo%20es%20el%20cambio%20de%20hora%20y%20en%20qu%C3%A9%20regiones%20se%20mantiene%20el%20horario%20de%20verano&#038;url=https:\/\/radiorevelacionfm.cl\/?p=52221' aria-hidden='false' data-av_icon='\ue8fc' data-av_iconfont='entypo-fontello' title='' data-avia-related-tooltip='Compartir en LinkedIn' rel=\"noopener\"><span class='avia_hidden_link_text'>Compartir en LinkedIn<\/span><\/a><\/li><li class='av-share-link av-social-link-mail' ><a  aria-label=\"Compartir por correo\" href='mailto:?subject=Cambio%20de%20Hora%20en%20Chile%3A%20Cu%C3%A1ndo%20es%20el%20cambio%20de%20hora%20y%20en%20qu%C3%A9%20regiones%20se%20mantiene%20el%20horario%20de%20verano&#038;body=https:\/\/radiorevelacionfm.cl\/?p=52221' aria-hidden='false' data-av_icon='\ue805' data-av_iconfont='entypo-fontello' title='' data-avia-related-tooltip='Compartir por correo'><span class='avia_hidden_link_text'>Compartir por correo<\/span><\/a><\/li><\/ul><\/div><\/div>\n<div  style='height:50px' class='hr hr-invisible   avia-builder-el-8  el_after_av_social_share  el_before_av_comments_list '><span class='hr-inner ' ><span class='hr-inner-style'><\/span><\/span><\/div>\n<div  class='av-buildercomment  av-blog-meta-html-info-disabled av-blog-meta-tag-disabled  '><\/div>\n","protected":false},"excerpt":{"rendered":"","protected":false},"author":1,"featured_media":41042,"comment_status":"closed","ping_status":"closed","sticky":false,"template":"","format":"standard","meta":{"footnotes":""},"categories":[61],"tags":[],"class_list":["post-52221","post","type-post","status-publish","format-standard","has-post-thumbnail","hentry","category-nacional"],"jetpack_featured_media_url":"https:\/\/radiorevelacionfm.cl\/wp-content\/uploads\/2024\/04\/cambio-de-hora-2024-1-1.jpg","_links":{"self":[{"href":"https:\/\/radiorevelacionfm.cl\/index.php?rest_route=\/wp\/v2\/posts\/52221","targetHints":{"allow":["GET"]}}],"collection":[{"href":"https:\/\/radiorevelacionfm.cl\/index.php?rest_route=\/wp\/v2\/posts"}],"about":[{"href":"https:\/\/radiorevelacionfm.cl\/index.php?rest_route=\/wp\/v2\/types\/post"}],"author":[{"embeddable":true,"href":"https:\/\/radiorevelacionfm.cl\/index.php?rest_route=\/wp\/v2\/users\/1"}],"replies":[{"embeddable":true,"href":"https:\/\/radiorevelacionfm.cl\/index.php?rest_route=%2Fwp%2Fv2%2Fcomments&post=52221"}],"version-history":[{"count":2,"href":"https:\/\/radiorevelacionfm.cl\/index.php?rest_route=\/wp\/v2\/posts\/52221\/revisions"}],"predecessor-version":[{"id":52223,"href":"https:\/\/radiorevelacionfm.cl\/index.php?rest_route=\/wp\/v2\/posts\/52221\/revisions\/52223"}],"wp:featuredmedia":[{"embeddable":true,"href":"https:\/\/radiorevelacionfm.cl\/index.php?rest_route=\/wp\/v2\/media\/41042"}],"wp:attachment":[{"href":"https:\/\/radiorevelacionfm.cl\/index.php?rest_route=%2Fwp%2Fv2%2Fmedia&parent=52221"}],"wp:term":[{"taxonomy":"category","embeddable":true,"href":"https:\/\/radiorevelacionfm.cl\/index.php?rest_route=%2Fwp%2Fv2%2Fcategories&post=52221"},{"taxonomy":"post_tag","embeddable":true,"href":"https:\/\/radiorevelacionfm.cl\/index.php?rest_route=%2Fwp%2Fv2%2Ftags&post=52221"}],"curies":[{"name":"wp","href":"https:\/\/api.w.org\/{rel}","templated":true}]}}