{"id":52214,"date":"2025-04-04T17:31:49","date_gmt":"2025-04-04T20:31:49","guid":{"rendered":"https:\/\/radiorevelacionfm.cl\/?p=52214"},"modified":"2025-04-04T17:31:49","modified_gmt":"2025-04-04T20:31:49","slug":"fia-y-agricultura-destacan-a-mujeres-agroinnovadoras-2024-de-la-region-de-aysen","status":"publish","type":"post","link":"https:\/\/radiorevelacionfm.cl\/?p=52214","title":{"rendered":"FIA y Agricultura destacan a Mujeres AgroInnovadoras 2024 de la regi\u00f3n de Ays\u00e9n"},"content":{"rendered":"<div class=\"flex_column av_one_full  flex_column_div av-zero-column-padding first  avia-builder-el-0  el_before_av_one_full  avia-builder-el-first  \" style='border-radius:0px; '><div  class='avia-image-container  av-styling-    avia-builder-el-1  avia-builder-el-no-sibling  avia-align-center '  itemprop=\"image\" itemscope=\"itemscope\" itemtype=\"https:\/\/schema.org\/ImageObject\"  ><div class='avia-image-container-inner'><div class='avia-image-overlay-wrap'><img decoding=\"async\" class='wp-image-52215 avia-img-lazy-loading-not-52215 avia_image' src=\"https:\/\/radiorevelacionfm.cl\/wp-content\/uploads\/2025\/04\/image00006-1-1_optimized.jpeg\" alt='' title='image00006-(1)-(1)_optimized' height=\"600\" width=\"874\"  itemprop=\"thumbnailUrl\" srcset=\"https:\/\/radiorevelacionfm.cl\/wp-content\/uploads\/2025\/04\/image00006-1-1_optimized.jpeg 874w, https:\/\/radiorevelacionfm.cl\/wp-content\/uploads\/2025\/04\/image00006-1-1_optimized-300x206.jpeg 300w, https:\/\/radiorevelacionfm.cl\/wp-content\/uploads\/2025\/04\/image00006-1-1_optimized-768x527.jpeg 768w, https:\/\/radiorevelacionfm.cl\/wp-content\/uploads\/2025\/04\/image00006-1-1_optimized-705x484.jpeg 705w, https:\/\/radiorevelacionfm.cl\/wp-content\/uploads\/2025\/04\/image00006-1-1_optimized-450x309.jpeg 450w, https:\/\/radiorevelacionfm.cl\/wp-content\/uploads\/2025\/04\/image00006-1-1_optimized-600x412.jpeg 600w\" sizes=\"(max-width: 874px) 100vw, 874px\" \/><\/div><\/div><\/div><\/div><div class=\"flex_column av_one_full  flex_column_div av-zero-column-padding first  avia-builder-el-2  el_after_av_one_full  el_before_av_one_full  column-top-margin\" style='border-radius:0px; '><section class=\"av_textblock_section \"  itemscope=\"itemscope\" itemtype=\"https:\/\/schema.org\/BlogPosting\" itemprop=\"blogPost\" ><div class='avia_textblock  '   itemprop=\"text\" ><p style=\"text-align: center;\"><strong><span style=\"font-size: 18pt;\">FIA y Agricultura destacan a Mujeres AgroInnovadoras 2024 de la regi\u00f3n de Ays\u00e9n<\/span><\/strong><\/p>\n<div id=\"gtx-trans\" style=\"position: absolute; left: -50px; top: 4.31534px;\">\n<div class=\"gtx-trans-icon\"><\/div>\n<\/div>\n<\/div><\/section><\/div><div class=\"flex_column av_one_full  flex_column_div av-zero-column-padding first  avia-builder-el-4  el_after_av_one_full  el_before_av_hr  column-top-margin\" style='border-radius:0px; '><section class=\"av_textblock_section \"  itemscope=\"itemscope\" itemtype=\"https:\/\/schema.org\/BlogPosting\" itemprop=\"blogPost\" ><div class='avia_textblock  '   itemprop=\"text\" ><ul>\n<li style=\"text-align: justify;\"><em>El certamen permite reconocer su liderazgo en espacios vinculados al agro, ya sea desde la investigaci\u00f3n cient\u00edfica como el emprendimiento agr\u00edcola.<\/em><\/li>\n<\/ul>\n<p style=\"text-align: justify;\">En el marco del cierre del mes de la mujer, este jueves el seremi de Agricultura, Eugenio Ruiz Espinoza, y la representante regional de Fundaci\u00f3n para la Innovaci\u00f3n Agraria (FIA), Deysi Rubilar Vel\u00e1squez, encabez\u00f3 la premiaci\u00f3n regional \u00abMujer AgroInnovadora\u00bb 2024, reconocimiento que impulsa FIA del Ministerio de Agricultura en alianza con el Ministerio de Ciencia Tecnolog\u00eda, Conocimiento e Innovaci\u00f3n, y la Organizaci\u00f3n de las Naciones Unidas para la Alimentaci\u00f3n y la Agricultura (FAO).<\/p>\n<p style=\"text-align: justify;\">El encuentro se desarroll\u00f3 en las dependencias del edificio del Agro, en Coyhaique, y cont\u00f3 con la participaci\u00f3n de directoras y directores de los servicios de Agricultura, la seremi del Ministerio de la Mujer y Equidad de G\u00e9nero en Ays\u00e9n, Isidora Gacit\u00faa Goles, mujeres AgroInnovadoras reconocidas en 2023 y representante del Gobierno Regional.<\/p>\n<p style=\"text-align: justify;\">La agricultura moderna de m\u00ednimo impacto ecol\u00f3gico y el desarrollo de iniciativas ligadas a la biotecnolog\u00eda reproductiva ganadera fueron las victoriosas propuestas que permitieron sobresalir en las postulaciones acogidas durante el a\u00f1o pasado.<\/p>\n<p style=\"text-align: justify;\">En la oportunidad, el seremi Ruiz felicit\u00f3 a las ganadoras de este certamen y se\u00f1al\u00f3 que \u00abestamos muy contentos con esta iniciativa que junto a FIA nos permite visibilizar la acci\u00f3n y aporte que generan las mujeres de nuestra regi\u00f3n para el desarrollo del sector rural y cient\u00edfico. Este es el tercer a\u00f1o que reconocemos a una dupla en Ays\u00e9n y con mucho orgullo podemos dar cuenta que las mujeres de la Patagonia demuestran estar a la vanguardia de los procesos silvoagropecuarios. Invitamos a las mujeres campesinas y cient\u00edficas a que no dejen de postular y ser parte de las pr\u00f3ximas convocatorias que permiten sumarse a una gran red regional, nacional y con visibilidad internacional\u00bb.<\/p>\n<p style=\"text-align: justify;\">Por su parte, la representante regional de FIA indic\u00f3 que \u00abeste premio se enmarca en el Programa Mujer AgroInnovadora que tiene por objetivo promover iniciativas que desarrollan mujeres en el agro y aporten a nuestra cadena agroalimentaria nacional\u00bb.<\/p>\n<p style=\"text-align: justify;\"><strong>Mujeres Agroinnovadoras en la Patagonia<\/strong><\/p>\n<p style=\"text-align: justify;\">Como bien comunic\u00f3 Agricultura en febrero pasado, un total de 32 mujeres en el pa\u00eds obtuvieron el reconocimiento del Agro, donde 2 de estas residen en la regi\u00f3n de Ays\u00e9n:<\/p>\n<p style=\"text-align: justify;\">Nicole Reyes Batlle obtuvo el reconocimiento en la categor\u00eda Agricultura \u2013 Emprendedora.<\/p>\n<p style=\"text-align: justify;\">Innovadora agr\u00edcola, emprendedora sustentable e ingeniera agr\u00edcola de profesi\u00f3n, Nicole se vincul\u00f3 con el campo y la naturaleza desde su infancia, llev\u00e1ndola a fundar Huerto R\u00edo Jeinimeni, en Chile Chico, un modelo de agricultura regenerativa y biointensiva pionero en la zona. Esta propuesta innovadora se ha centrado en la producci\u00f3n de frutas y hortalizas de alta calidad<em>\u00a0<\/em>bajo los principios de la agroecolog\u00eda, adem\u00e1s de ser pionero en aplicar el m\u00e9todo\u00a0<em>\u00abthe market garden\u00bb<\/em>\u00a0para el desarrollo de una agricultura moderna con m\u00ednimo impacto ecol\u00f3gico.<\/p>\n<p style=\"text-align: justify;\">En la premiaci\u00f3n, Nicole agreg\u00f3 que \u00abme siento honrada de representar a la mujer de campo. Orgullos\u00edsima de todas las mujeres que se empoderan en el mundo rural y dan cuenta que s\u00ed podemos, somos capaces y tenemos un puesto o premio al que podemos acceder. Esta iniciativa (Huerto Jeinimeni) parti\u00f3 hace 5 a\u00f1os y ha sido todo un desaf\u00edo en temas de log\u00edstica y transporte al vivir tan lejos. Es una lucha de d\u00eda a d\u00eda para llegar a un equilibrio de valor de mercado\u00bb.<\/p>\n<p style=\"text-align: justify;\">\u00abLes digo a todas las mujeres de Chile y el mundo que se empoderen. Est\u00e1 demostrad\u00edsimo que somos capaces de lograr producir el campo. La ruralidad no es sin\u00f3nimo de pobreza. \u00a0Si bien es cierto, nos vemos siempre sucios y con tierra, pero les debe enorgullecer completamente. Vamos mujeres y seamos parte de esta linda y hermosa Red MAI\u00bb, expres\u00f3 Reyes Battle.<\/p>\n<p style=\"text-align: justify;\">Adicionalmente, Marilyn Tapia Montes obtuvo el reconocimiento en la categor\u00eda Acad\u00e9mica \u2013 Investigadora.<\/p>\n<p style=\"text-align: justify;\">M\u00e9dica veterinaria y diplomada en Gesti\u00f3n de la Producci\u00f3n Ovina \u2013 Bovina, Marilyn es una experta con 25 a\u00f1os de trayectoria en la regi\u00f3n. Su compromiso con el desarrollo agropecuario la ha llevado a especializarse en reproducci\u00f3n animal y mejoramiento gen\u00e9tico, brindando herramientas innovadoras a los productores locales.<\/p>\n<p style=\"text-align: justify;\">Desde su ingreso al Centro Regional INIA Tamel Aike del Minagri, y por medio de diferentes iniciativas, ha trabajado en la implementaci\u00f3n de t\u00e9cnicas avanzadas como inseminaci\u00f3n artificial, superovulaci\u00f3n y transferencia de embriones, acercando la biotecnolog\u00eda reproductiva a la ganader\u00eda de la regi\u00f3n. Su liderazgo y vocaci\u00f3n han sido fundamentales para la transformaci\u00f3n del sector, consolid\u00e1ndola como una referente en la mejora gen\u00e9tica regional.<\/p>\n<p style=\"text-align: justify;\">\u00abEstoy tremendamente contenta. La verdad es que las acad\u00e9micas e investigadoras que trabajamos en la regi\u00f3n somos pocas, especialmente en mi \u00e1mbito particular, pero esta es una invitaci\u00f3n a conectarse para que a futuro o en el mediano plazo podamos hacer iniciativas y fortalecer en la regi\u00f3n la mirada productiva. Hay que atreverse y todos tenemos algo que dejar y desde nuestro granito de arena cooperamos al desarrollo regional de Ays\u00e9n\u00bb, concluy\u00f3 Marilyn Tapia<strong>.<\/strong><\/p>\n<\/div><\/section><\/div><div  style='height:50px' class='hr hr-invisible   avia-builder-el-6  el_after_av_one_full  el_before_av_social_share '><span class='hr-inner ' ><span class='hr-inner-style'><\/span><\/span><\/div><\/p>\n<div  class='av-social-sharing-box  avia-builder-el-7  el_after_av_hr  el_before_av_hr  '><div class='av-share-box'><h5 class='av-share-link-description av-no-toc '>Compartir esta noticia<\/h5><ul class='av-share-box-list noLightbox'><li class='av-share-link av-social-link-facebook' ><a target=\"_blank\" aria-label=\"Compartir en Facebook\" href='https:\/\/www.facebook.com\/sharer.php?u=https:\/\/radiorevelacionfm.cl\/?p=52214&#038;t=FIA%20y%20Agricultura%20destacan%20a%20Mujeres%20AgroInnovadoras%202024%20de%20la%20regi%C3%B3n%20de%20Ays%C3%A9n' aria-hidden='false' data-av_icon='\ue8f3' data-av_iconfont='entypo-fontello' title='' data-avia-related-tooltip='Compartir en Facebook' rel=\"noopener\"><span class='avia_hidden_link_text'>Compartir en Facebook<\/span><\/a><\/li><li class='av-share-link av-social-link-twitter' ><a target=\"_blank\" aria-label=\"Compartir en Twitter\" href='https:\/\/twitter.com\/share?text=FIA%20y%20Agricultura%20destacan%20a%20Mujeres%20AgroInnovadoras%202024%20de%20la%20regi%C3%B3n%20de%20Ays%C3%A9n&#038;url=https:\/\/radiorevelacionfm.cl\/?p=52214' aria-hidden='false' data-av_icon='\ue8f1' data-av_iconfont='entypo-fontello' title='' data-avia-related-tooltip='Compartir en Twitter' rel=\"noopener\"><span class='avia_hidden_link_text'>Compartir en Twitter<\/span><\/a><\/li><li class='av-share-link av-social-link-whatsapp' ><a target=\"_blank\" aria-label=\"Compartir en Whatsapp\" href='https:\/\/api.whatsapp.com\/send?text=https:\/\/radiorevelacionfm.cl\/?p=52214' aria-hidden='false' data-av_icon='\uf232' data-av_iconfont='entypo-fontello' title='' data-avia-related-tooltip='Compartir en Whatsapp' rel=\"noopener\"><span class='avia_hidden_link_text'>Compartir en Whatsapp<\/span><\/a><\/li><li class='av-share-link av-social-link-linkedin' ><a target=\"_blank\" aria-label=\"Compartir en LinkedIn\" href='https:\/\/linkedin.com\/shareArticle?mini=true&#038;title=FIA%20y%20Agricultura%20destacan%20a%20Mujeres%20AgroInnovadoras%202024%20de%20la%20regi%C3%B3n%20de%20Ays%C3%A9n&#038;url=https:\/\/radiorevelacionfm.cl\/?p=52214' aria-hidden='false' data-av_icon='\ue8fc' data-av_iconfont='entypo-fontello' title='' data-avia-related-tooltip='Compartir en LinkedIn' rel=\"noopener\"><span class='avia_hidden_link_text'>Compartir en LinkedIn<\/span><\/a><\/li><li class='av-share-link av-social-link-mail' ><a  aria-label=\"Compartir por correo\" href='mailto:?subject=FIA%20y%20Agricultura%20destacan%20a%20Mujeres%20AgroInnovadoras%202024%20de%20la%20regi%C3%B3n%20de%20Ays%C3%A9n&#038;body=https:\/\/radiorevelacionfm.cl\/?p=52214' aria-hidden='false' data-av_icon='\ue805' data-av_iconfont='entypo-fontello' title='' data-avia-related-tooltip='Compartir por correo'><span class='avia_hidden_link_text'>Compartir por correo<\/span><\/a><\/li><\/ul><\/div><\/div>\n<div  style='height:50px' class='hr hr-invisible   avia-builder-el-8  el_after_av_social_share  el_before_av_comments_list '><span class='hr-inner ' ><span class='hr-inner-style'><\/span><\/span><\/div>\n<div  class='av-buildercomment  av-blog-meta-html-info-disabled av-blog-meta-tag-disabled  '><\/div>\n","protected":false},"excerpt":{"rendered":"","protected":false},"author":1,"featured_media":52215,"comment_status":"closed","ping_status":"closed","sticky":false,"template":"","format":"standard","meta":{"footnotes":""},"categories":[58],"tags":[],"class_list":["post-52214","post","type-post","status-publish","format-standard","has-post-thumbnail","hentry","category-agricultura"],"jetpack_featured_media_url":"https:\/\/radiorevelacionfm.cl\/wp-content\/uploads\/2025\/04\/image00006-1-1_optimized.jpeg","_links":{"self":[{"href":"https:\/\/radiorevelacionfm.cl\/index.php?rest_route=\/wp\/v2\/posts\/52214","targetHints":{"allow":["GET"]}}],"collection":[{"href":"https:\/\/radiorevelacionfm.cl\/index.php?rest_route=\/wp\/v2\/posts"}],"about":[{"href":"https:\/\/radiorevelacionfm.cl\/index.php?rest_route=\/wp\/v2\/types\/post"}],"author":[{"embeddable":true,"href":"https:\/\/radiorevelacionfm.cl\/index.php?rest_route=\/wp\/v2\/users\/1"}],"replies":[{"embeddable":true,"href":"https:\/\/radiorevelacionfm.cl\/index.php?rest_route=%2Fwp%2Fv2%2Fcomments&post=52214"}],"version-history":[{"count":2,"href":"https:\/\/radiorevelacionfm.cl\/index.php?rest_route=\/wp\/v2\/posts\/52214\/revisions"}],"predecessor-version":[{"id":52229,"href":"https:\/\/radiorevelacionfm.cl\/index.php?rest_route=\/wp\/v2\/posts\/52214\/revisions\/52229"}],"wp:featuredmedia":[{"embeddable":true,"href":"https:\/\/radiorevelacionfm.cl\/index.php?rest_route=\/wp\/v2\/media\/52215"}],"wp:attachment":[{"href":"https:\/\/radiorevelacionfm.cl\/index.php?rest_route=%2Fwp%2Fv2%2Fmedia&parent=52214"}],"wp:term":[{"taxonomy":"category","embeddable":true,"href":"https:\/\/radiorevelacionfm.cl\/index.php?rest_route=%2Fwp%2Fv2%2Fcategories&post=52214"},{"taxonomy":"post_tag","embeddable":true,"href":"https:\/\/radiorevelacionfm.cl\/index.php?rest_route=%2Fwp%2Fv2%2Ftags&post=52214"}],"curies":[{"name":"wp","href":"https:\/\/api.w.org\/{rel}","templated":true}]}}