{"id":52210,"date":"2025-04-04T15:19:26","date_gmt":"2025-04-04T18:19:26","guid":{"rendered":"https:\/\/radiorevelacionfm.cl\/?p=52210"},"modified":"2025-04-04T15:19:26","modified_gmt":"2025-04-04T18:19:26","slug":"programa-de-recambio-de-calefactores-elimina-oficialmente-10-000-estufas-a-lena-en-coyhaique","status":"publish","type":"post","link":"https:\/\/radiorevelacionfm.cl\/?p=52210","title":{"rendered":"Programa de recambio de calefactores elimina oficialmente 10.000 estufas a le\u00f1a en Coyhaique"},"content":{"rendered":"<div class=\"flex_column av_one_full  flex_column_div av-zero-column-padding first  avia-builder-el-0  el_before_av_one_full  avia-builder-el-first  \" style='border-radius:0px; '><div  class='avia-image-container  av-styling-    avia-builder-el-1  avia-builder-el-no-sibling  avia-align-center '  itemprop=\"image\" itemscope=\"itemscope\" itemtype=\"https:\/\/schema.org\/ImageObject\"  ><div class='avia-image-container-inner'><div class='avia-image-overlay-wrap'><img decoding=\"async\" class='wp-image-52211 avia-img-lazy-loading-not-52211 avia_image' src=\"https:\/\/radiorevelacionfm.cl\/wp-content\/uploads\/2025\/04\/3-2025-04-04t151743_optimized.697-1.jpg\" alt='' title='3---2025-04-04t151743_optimized.697-(1)' height=\"600\" width=\"800\"  itemprop=\"thumbnailUrl\" srcset=\"https:\/\/radiorevelacionfm.cl\/wp-content\/uploads\/2025\/04\/3-2025-04-04t151743_optimized.697-1.jpg 800w, https:\/\/radiorevelacionfm.cl\/wp-content\/uploads\/2025\/04\/3-2025-04-04t151743_optimized.697-1-300x225.jpg 300w, https:\/\/radiorevelacionfm.cl\/wp-content\/uploads\/2025\/04\/3-2025-04-04t151743_optimized.697-1-768x576.jpg 768w, https:\/\/radiorevelacionfm.cl\/wp-content\/uploads\/2025\/04\/3-2025-04-04t151743_optimized.697-1-705x529.jpg 705w, https:\/\/radiorevelacionfm.cl\/wp-content\/uploads\/2025\/04\/3-2025-04-04t151743_optimized.697-1-450x338.jpg 450w, https:\/\/radiorevelacionfm.cl\/wp-content\/uploads\/2025\/04\/3-2025-04-04t151743_optimized.697-1-600x450.jpg 600w\" sizes=\"(max-width: 800px) 100vw, 800px\" \/><\/div><\/div><\/div><\/div><div class=\"flex_column av_one_full  flex_column_div av-zero-column-padding first  avia-builder-el-2  el_after_av_one_full  el_before_av_one_full  column-top-margin\" style='border-radius:0px; '><section class=\"av_textblock_section \"  itemscope=\"itemscope\" itemtype=\"https:\/\/schema.org\/BlogPosting\" itemprop=\"blogPost\" ><div class='avia_textblock  '   itemprop=\"text\" ><p style=\"text-align: center;\"><strong><span style=\"font-size: 18pt;\">Programa de recambio de calefactores elimina oficialmente 10.000 estufas a le\u00f1a en Coyhaique<\/span><\/strong><\/p>\n<div id=\"gtx-trans\" style=\"position: absolute; left: -50px; top: 4.31534px;\">\n<div class=\"gtx-trans-icon\"><\/div>\n<\/div>\n<\/div><\/section><\/div><div class=\"flex_column av_one_full  flex_column_div av-zero-column-padding first  avia-builder-el-4  el_after_av_one_full  el_before_av_hr  column-top-margin\" style='border-radius:0px; '><section class=\"av_textblock_section \"  itemscope=\"itemscope\" itemtype=\"https:\/\/schema.org\/BlogPosting\" itemprop=\"blogPost\" ><div class='avia_textblock  '   itemprop=\"text\" ><p style=\"text-align: justify;\">El programa de recambio de calefactores, ejecutado por la Seremi del Medio Ambiente de la regi\u00f3n de Ays\u00e9n, con apoyo del Gobierno Regional y su Consejo, alcanz\u00f3 un nuevo hito esta semana, realizando la instalaci\u00f3n de calefacci\u00f3n sustentable n\u00famero 10.000 para la zona saturada de Coyhaique.<\/p>\n<p style=\"text-align: justify;\">El programa que pertenece al Plan de Descontaminaci\u00f3n Atmosf\u00e9rica de Coyhaique PDA, ten\u00eda una meta inicial para recambiar 10.000 estufas a le\u00f1a por calefacci\u00f3n sustentable, meta que fue actualizada con la publicaci\u00f3n del PDA por material particulado fino MP 2,5 \u00a0en 2019, que extendi\u00f3 dicha meta a 15.000 recambios, lo que deja al programa con un avance del 66% de la meta establecida a 8 a\u00f1os.<\/p>\n<p style=\"text-align: justify;\">Para la instalaci\u00f3n n\u00famero 10.000 que recay\u00f3 en la beneficiaria Rosa Valderrama, la comitiva liderada por la Ministra del Medio Ambiente, Maisa Rojas y el Gobernador regional, Marcelo Santana, llegaron hasta el domicilio para conversar con la familia beneficiada y adem\u00e1s asistir en el proceso de recambio.<\/p>\n<p style=\"text-align: justify;\">Si bien la se\u00f1ora Rosa se encontraba fuera de la regi\u00f3n, su hija, Andrea Gonz\u00e1lez, recibi\u00f3 a las autoridades y equipo instalador de la nueva calefacci\u00f3n sustentable \u201cestoy ac\u00e1 de representante, mi mam\u00e1 postul\u00f3 al recambio, justamente con la idea de descontaminar un poco Coyhaique (\u2026) la verdad es que usamos mucha le\u00f1a y \u00e9sta es una tremenda oportunidad que se nos brinda para poder contribuir tambi\u00e9n a un poco a la descontaminaci\u00f3n, as\u00ed que ah\u00ed se va la antigua\u201d, declar\u00f3 Andrea, indicando el equipo de combusti\u00f3n lenta que ya hab\u00eda sido desinstalado y se encontraba marcado y listo para su chatarrizaci\u00f3n.<\/p>\n<p style=\"text-align: justify;\">En su lugar se instal\u00f3 un equipo a pellet de alta potencia que contribuir\u00e1 a la disminuci\u00f3n de fuentes de emisi\u00f3n de material particulado por calefacci\u00f3n domiciliaria, principal fuente de contaminaci\u00f3n en la zona saturada de Coyhaique.<\/p>\n<p style=\"text-align: justify;\">La Ministra del Medio Ambiente, Maisa Rojas destac\u00f3 la instalaci\u00f3n 10.000 como un hito relevante para el Plan de Descontaminaci\u00f3n Atmosf\u00e9rica, \u201cCoyhaique tiene un problema de contaminaci\u00f3n que es un problema grave de salud p\u00fablica. La contaminaci\u00f3n del aire tiene efectos en la salud y, por lo tanto, una de las medidas que se implementa en este plan de descontaminaci\u00f3n es poder cambiar los calefactores a le\u00f1a a otro tipo de calefactores sustentables, en este caso una estufa a pellet. As\u00ed que muy contentos de que haya participado en el programa que tengan su nueva estufa instalada y nos ayuden\u00a0 a respirar un aire m\u00e1s limpio\u201d.<\/p>\n<p style=\"text-align: justify;\">Por su parte del Gobernador Regional, Marcelo Santana asegur\u00f3 que \u201cnosotros como Gobierno Regional estamos involucrados en la estrategia de recambio de calefactores de Coyhaique y de otras localidades de la regi\u00f3n de Ays\u00e9n. Y en ese sentido, lo que pretendemos, cierto, es apoyar esta estrategia que pueda brindar el efecto deseado tanto para la salud como para el medio ambiente\u201d, agregando que este es el hito 10.000 de un proceso que va a continuar en el tiempo.<\/p>\n<p style=\"text-align: justify;\">Efectivamente el programa de recambio de calefactores se encuentra en proceso de instalaci\u00f3n del segundo llamado y en proceso de verificaci\u00f3n de datos en domicilio del tercer llamado, de acuerdo a los fondos aprobados por el Gobierno Regional hay recursos disponibles para el recambio de al menos 1400 equipos por lo que se esperan nuevos llamados para el beneficio ambiental.<\/p>\n<p style=\"text-align: justify;\">Finalmente, las autoridades firmaron el acta de instalaci\u00f3n y cargaron el antiguo equipo para ser llevado a chatarrizaci\u00f3n, invitando a la comunidad a mantenerse atenta a la p\u00e1gina calefactores.mma.gob.cl, medio oficial de postulaci\u00f3n al programa de recambio.<\/p>\n<\/div><\/section><\/div><div  style='height:50px' class='hr hr-invisible   avia-builder-el-6  el_after_av_one_full  el_before_av_social_share '><span class='hr-inner ' ><span class='hr-inner-style'><\/span><\/span><\/div><\/p>\n<div  class='av-social-sharing-box  avia-builder-el-7  el_after_av_hr  el_before_av_hr  '><div class='av-share-box'><h5 class='av-share-link-description av-no-toc '>Compartir esta noticia<\/h5><ul class='av-share-box-list noLightbox'><li class='av-share-link av-social-link-facebook' ><a target=\"_blank\" aria-label=\"Compartir en Facebook\" href='https:\/\/www.facebook.com\/sharer.php?u=https:\/\/radiorevelacionfm.cl\/?p=52210&#038;t=Programa%20de%20recambio%20de%20calefactores%20elimina%20oficialmente%2010.000%20estufas%20a%20le%C3%B1a%20en%20Coyhaique' aria-hidden='false' data-av_icon='\ue8f3' data-av_iconfont='entypo-fontello' title='' data-avia-related-tooltip='Compartir en Facebook' rel=\"noopener\"><span class='avia_hidden_link_text'>Compartir en Facebook<\/span><\/a><\/li><li class='av-share-link av-social-link-twitter' ><a target=\"_blank\" aria-label=\"Compartir en Twitter\" href='https:\/\/twitter.com\/share?text=Programa%20de%20recambio%20de%20calefactores%20elimina%20oficialmente%2010.000%20estufas%20a%20le%C3%B1a%20en%20Coyhaique&#038;url=https:\/\/radiorevelacionfm.cl\/?p=52210' aria-hidden='false' data-av_icon='\ue8f1' data-av_iconfont='entypo-fontello' title='' data-avia-related-tooltip='Compartir en Twitter' rel=\"noopener\"><span class='avia_hidden_link_text'>Compartir en Twitter<\/span><\/a><\/li><li class='av-share-link av-social-link-whatsapp' ><a target=\"_blank\" aria-label=\"Compartir en Whatsapp\" href='https:\/\/api.whatsapp.com\/send?text=https:\/\/radiorevelacionfm.cl\/?p=52210' aria-hidden='false' data-av_icon='\uf232' data-av_iconfont='entypo-fontello' title='' data-avia-related-tooltip='Compartir en Whatsapp' rel=\"noopener\"><span class='avia_hidden_link_text'>Compartir en Whatsapp<\/span><\/a><\/li><li class='av-share-link av-social-link-linkedin' ><a target=\"_blank\" aria-label=\"Compartir en LinkedIn\" href='https:\/\/linkedin.com\/shareArticle?mini=true&#038;title=Programa%20de%20recambio%20de%20calefactores%20elimina%20oficialmente%2010.000%20estufas%20a%20le%C3%B1a%20en%20Coyhaique&#038;url=https:\/\/radiorevelacionfm.cl\/?p=52210' aria-hidden='false' data-av_icon='\ue8fc' data-av_iconfont='entypo-fontello' title='' data-avia-related-tooltip='Compartir en LinkedIn' rel=\"noopener\"><span class='avia_hidden_link_text'>Compartir en LinkedIn<\/span><\/a><\/li><li class='av-share-link av-social-link-mail' ><a  aria-label=\"Compartir por correo\" href='mailto:?subject=Programa%20de%20recambio%20de%20calefactores%20elimina%20oficialmente%2010.000%20estufas%20a%20le%C3%B1a%20en%20Coyhaique&#038;body=https:\/\/radiorevelacionfm.cl\/?p=52210' aria-hidden='false' data-av_icon='\ue805' data-av_iconfont='entypo-fontello' title='' data-avia-related-tooltip='Compartir por correo'><span class='avia_hidden_link_text'>Compartir por correo<\/span><\/a><\/li><\/ul><\/div><\/div>\n<div  style='height:50px' class='hr hr-invisible   avia-builder-el-8  el_after_av_social_share  el_before_av_comments_list '><span class='hr-inner ' ><span class='hr-inner-style'><\/span><\/span><\/div>\n<div  class='av-buildercomment  av-blog-meta-html-info-disabled av-blog-meta-tag-disabled  '><\/div>\n","protected":false},"excerpt":{"rendered":"","protected":false},"author":1,"featured_media":52211,"comment_status":"closed","ping_status":"closed","sticky":false,"template":"","format":"standard","meta":{"footnotes":""},"categories":[39],"tags":[],"class_list":["post-52210","post","type-post","status-publish","format-standard","has-post-thumbnail","hentry","category-medio-ambiente"],"jetpack_featured_media_url":"https:\/\/radiorevelacionfm.cl\/wp-content\/uploads\/2025\/04\/3-2025-04-04t151743_optimized.697-1.jpg","_links":{"self":[{"href":"https:\/\/radiorevelacionfm.cl\/index.php?rest_route=\/wp\/v2\/posts\/52210","targetHints":{"allow":["GET"]}}],"collection":[{"href":"https:\/\/radiorevelacionfm.cl\/index.php?rest_route=\/wp\/v2\/posts"}],"about":[{"href":"https:\/\/radiorevelacionfm.cl\/index.php?rest_route=\/wp\/v2\/types\/post"}],"author":[{"embeddable":true,"href":"https:\/\/radiorevelacionfm.cl\/index.php?rest_route=\/wp\/v2\/users\/1"}],"replies":[{"embeddable":true,"href":"https:\/\/radiorevelacionfm.cl\/index.php?rest_route=%2Fwp%2Fv2%2Fcomments&post=52210"}],"version-history":[{"count":2,"href":"https:\/\/radiorevelacionfm.cl\/index.php?rest_route=\/wp\/v2\/posts\/52210\/revisions"}],"predecessor-version":[{"id":52213,"href":"https:\/\/radiorevelacionfm.cl\/index.php?rest_route=\/wp\/v2\/posts\/52210\/revisions\/52213"}],"wp:featuredmedia":[{"embeddable":true,"href":"https:\/\/radiorevelacionfm.cl\/index.php?rest_route=\/wp\/v2\/media\/52211"}],"wp:attachment":[{"href":"https:\/\/radiorevelacionfm.cl\/index.php?rest_route=%2Fwp%2Fv2%2Fmedia&parent=52210"}],"wp:term":[{"taxonomy":"category","embeddable":true,"href":"https:\/\/radiorevelacionfm.cl\/index.php?rest_route=%2Fwp%2Fv2%2Fcategories&post=52210"},{"taxonomy":"post_tag","embeddable":true,"href":"https:\/\/radiorevelacionfm.cl\/index.php?rest_route=%2Fwp%2Fv2%2Ftags&post=52210"}],"curies":[{"name":"wp","href":"https:\/\/api.w.org\/{rel}","templated":true}]}}