{"id":52206,"date":"2025-04-04T15:02:47","date_gmt":"2025-04-04T18:02:47","guid":{"rendered":"https:\/\/radiorevelacionfm.cl\/?p=52206"},"modified":"2025-04-04T15:02:47","modified_gmt":"2025-04-04T18:02:47","slug":"uaysen-inaugura-equipo-de-alta-tecnologia-para-fortalecer-la-investigacion-cientifica-en-la-macrozona-austral","status":"publish","type":"post","link":"https:\/\/radiorevelacionfm.cl\/?p=52206","title":{"rendered":"UAys\u00e9n inaugura equipo de alta tecnolog\u00eda para fortalecer la investigaci\u00f3n cient\u00edfica en la Macrozona Austral"},"content":{"rendered":"<div class=\"flex_column av_one_full  flex_column_div av-zero-column-padding first  avia-builder-el-0  el_before_av_one_full  avia-builder-el-first  \" style='border-radius:0px; '><div  class='avia-image-container  av-styling-    avia-builder-el-1  avia-builder-el-no-sibling  avia-align-center '  itemprop=\"image\" itemscope=\"itemscope\" itemtype=\"https:\/\/schema.org\/ImageObject\"  ><div class='avia-image-container-inner'><div class='avia-image-overlay-wrap'><img decoding=\"async\" class='wp-image-52207 avia-img-lazy-loading-not-52207 avia_image' src=\"https:\/\/radiorevelacionfm.cl\/wp-content\/uploads\/2025\/04\/citometro1-1_optimized.jpeg\" alt='' title='citometro1-(1)_optimized' height=\"600\" width=\"900\"  itemprop=\"thumbnailUrl\" srcset=\"https:\/\/radiorevelacionfm.cl\/wp-content\/uploads\/2025\/04\/citometro1-1_optimized.jpeg 900w, https:\/\/radiorevelacionfm.cl\/wp-content\/uploads\/2025\/04\/citometro1-1_optimized-300x200.jpeg 300w, https:\/\/radiorevelacionfm.cl\/wp-content\/uploads\/2025\/04\/citometro1-1_optimized-768x512.jpeg 768w, https:\/\/radiorevelacionfm.cl\/wp-content\/uploads\/2025\/04\/citometro1-1_optimized-705x470.jpeg 705w, https:\/\/radiorevelacionfm.cl\/wp-content\/uploads\/2025\/04\/citometro1-1_optimized-450x300.jpeg 450w, https:\/\/radiorevelacionfm.cl\/wp-content\/uploads\/2025\/04\/citometro1-1_optimized-600x400.jpeg 600w\" sizes=\"(max-width: 900px) 100vw, 900px\" \/><\/div><\/div><\/div><\/div><div class=\"flex_column av_one_full  flex_column_div av-zero-column-padding first  avia-builder-el-2  el_after_av_one_full  el_before_av_one_full  column-top-margin\" style='border-radius:0px; '><section class=\"av_textblock_section \"  itemscope=\"itemscope\" itemtype=\"https:\/\/schema.org\/BlogPosting\" itemprop=\"blogPost\" ><div class='avia_textblock  '   itemprop=\"text\" ><p style=\"text-align: center;\"><strong><span style=\"font-size: 18pt;\">UAys\u00e9n inaugura\u00a0equipo de alta tecnolog\u00eda\u00a0para fortalecer la investigaci\u00f3n cient\u00edfica en la Macrozona Austral<\/span><\/strong><\/p>\n<\/div><\/section><\/div><div class=\"flex_column av_one_full  flex_column_div av-zero-column-padding first  avia-builder-el-4  el_after_av_one_full  el_before_av_hr  column-top-margin\" style='border-radius:0px; '><section class=\"av_textblock_section \"  itemscope=\"itemscope\" itemtype=\"https:\/\/schema.org\/BlogPosting\" itemprop=\"blogPost\" ><div class='avia_textblock  '   itemprop=\"text\" ><p style=\"text-align: justify;\"><em>La adquisici\u00f3n del Cit\u00f3metro de Flujo Multiespectral Cytek Aurora, marca un avance clave en el desarrollo de capacidades cient\u00edficas regionales en \u00e1reas como inmunolog\u00eda, oncolog\u00eda y biolog\u00eda celular, con impacto cl\u00ednico, productivo y acad\u00e9mico.<\/em><\/p>\n<p style=\"text-align: justify;\">En una ceremonia realizada en el Campus Lillo, la Universidad de Ays\u00e9n inaugur\u00f3 oficialmente el Cit\u00f3metro de Flujo Multiespectral Cytek Aurora, un equipo de \u00faltima generaci\u00f3n adquirido mediante el proyecto Fondequip EQM230139, adjudicado en el Concurso de Equipamiento Cient\u00edfico y Tecnol\u00f3gico Mediano 2023, de la Agencia Nacional de Investigaci\u00f3n y Desarrollo (ANID). Esta iniciativa busca potenciar la investigaci\u00f3n traslacional en la Macrozona Austral, posicionando a la universidad como un referente en an\u00e1lisis celular y molecular avanzado.<\/p>\n<p style=\"text-align: justify;\">El evento cont\u00f3 con la participaci\u00f3n del Administrador Provisional de la Universidad de Ays\u00e9n, Juan Pablo Prieto Cox; el Director General Acad\u00e9mico, Marco Vega L\u00f3pez; el Gerente General de GeneXpress, Danilo Mihovilovic; el Director Ejecutivo del CIEP, Gerard Olivar Tost; as\u00ed como representantes del Hospital Regional de Coyhaique y de diversas instituciones cient\u00edficas, acad\u00e9micas y del sector salud de la regi\u00f3n.<\/p>\n<p style=\"text-align: justify;\">Durante la actividad, el Dr. Aldo Villal\u00f3n, acad\u00e9mico del Departamento de Ciencias Naturales y Tecnolog\u00eda y coordinador del proyecto, explic\u00f3 la relevancia de esta tecnolog\u00eda para el desarrollo cient\u00edfico en la Patagonia. \u00abLo que estamos inaugurando hoy es la presencia y puesta en marcha del cit\u00f3metro de flujo multispectral. Esto significa que ahora podremos trabajar aqu\u00ed mismo en la regi\u00f3n con muestras que, hasta ahora, deb\u00edan enviarse fuera del territorio. Este equipamiento tiene aplicaciones cl\u00ednicas, en el sector productivo y en investigaci\u00f3n cient\u00edfica. Por lo tanto, nos posiciona en el centro de estos tres \u00e1mbitos, permiti\u00e9ndonos proyectarnos como un actor clave en su desarrollo\u00bb, se\u00f1al\u00f3 el acad\u00e9mico.<br \/>\nCabe se\u00f1alar que el cit\u00f3metro Cytek Aurora representa una herramienta de \u00faltima generaci\u00f3n, capaz de medir hasta 38 par\u00e1metros simult\u00e1neamente en una muestra, gracias a su configuraci\u00f3n multiespectral basada en tres l\u00e1seres (violeta, azul y rojo) y una matriz de fotodiodos de alta sensibilidad. Esta sofisticaci\u00f3n t\u00e9cnica permitir\u00e1 a la UAys\u00e9n y a investigadores de la Macrozona Austral analizar conjuntos de datos complejos y de alta resoluci\u00f3n, lo que abre m\u00faltiples posibilidades en el estudio de c\u00e9lulas inmunes, enfermedades como el c\u00e1ncer y afecciones autoinmunes, as\u00ed como en la caracterizaci\u00f3n del microambiente tumoral y la identificaci\u00f3n de biomarcadores clave para el diagn\u00f3stico y desarrollo de terapias m\u00e1s precisas.<\/p>\n<p style=\"text-align: justify;\">A su vez, esta tecnolog\u00eda permitir\u00e1, por ejemplo, analizar la respuesta inmune de pacientes a infecciones, tratamientos o vacunas, estudiar c\u00e9lulas poco frecuentes como c\u00e9lulas madre o tumorales circulantes, y avanzar en la comprensi\u00f3n de v\u00edas de se\u00f1alizaci\u00f3n intracelular. Adem\u00e1s, su compatibilidad con t\u00e9cnicas como la hibridaci\u00f3n fluorescente in situ (FISH) permitir\u00e1 combinar el an\u00e1lisis proteico con la expresi\u00f3n g\u00e9nica a nivel de c\u00e9lula \u00fanica. Todo esto fortalece la capacidad local para llevar adelante investigaci\u00f3n traslacional, conectando la ciencia b\u00e1sica con aplicaciones cl\u00ednicas y productivas concretas.<\/p>\n<p style=\"text-align: justify;\">En la ocasi\u00f3n, el Director General Acad\u00e9mico, Marco Vega L\u00f3pez, destac\u00f3 el significado institucional de esta adquisici\u00f3n. \u00abHoy hemos realizado el lanzamiento oficial del trabajo con nuestro cit\u00f3metro de flujo multiespectral, un equipamiento de alta fidelidad y tecnolog\u00eda avanzada que tendr\u00e1 un impacto muy positivo en nuestra universidad. Nos permitir\u00e1 impulsar la investigaci\u00f3n cient\u00edfica, formar a nuestros estudiantes en metodolog\u00edas avanzadas, especialmente en el \u00e1rea de la salud, y generar instancias de colaboraci\u00f3n con diversas instituciones regionales. Esta herramienta no solo nos fortalece como instituci\u00f3n acad\u00e9mica, sino que tambi\u00e9n nos abre posibilidades de conexi\u00f3n con servicios p\u00fablicos y otras universidades de la Macrozona Austral. Estamos muy contentos de ver concretado este proyecto, que ha requerido un largo periodo de trabajo liderado por el profesor Aldo Villal\u00f3n y su equipo. Hoy ya contamos con este equipo instalado, operativo, y listo para comenzar a ser utilizado en beneficio del desarrollo regional\u00bb, enfatiz\u00f3.<\/p>\n<p style=\"text-align: justify;\">Por su parte, el Gerente General de GeneXpress, Danilo Mihovilovic, valor\u00f3 el impacto de este avance para Ays\u00e9n. \u00abVinimos a acompa\u00f1ar a los investigadores que se adjudicaron el proyecto Fondequip en esta inauguraci\u00f3n y puesta en marcha del cit\u00f3metro de flujo espectral Cytek Aurora. Este equipo representa una incorporaci\u00f3n muy relevante, ya que es tecnolog\u00eda de \u00faltima generaci\u00f3n, con potencial para impulsar la innovaci\u00f3n, la investigaci\u00f3n, y el trabajo conjunto con sectores cl\u00ednicos e industriales de la regi\u00f3n. Su presencia en la Universidad de Ays\u00e9n facilita la integraci\u00f3n de la instituci\u00f3n con la comunidad cient\u00edfica, cl\u00ednica y social del territorio, fortaleciendo v\u00ednculos y fomentando nuevas oportunidades de colaboraci\u00f3n\u00bb.<\/p>\n<p style=\"text-align: justify;\">Durante la actividad, tambi\u00e9n particip\u00f3 Sergio Bustos Cris\u00f3stomo, especialista en aplicaciones en citometr\u00eda de flujo de GeneXpress, quien explic\u00f3 en detalle las funciones del equipo: \u00abEl cit\u00f3metro de flujo es un equipo que permite analizar part\u00edculas en suspensi\u00f3n, como c\u00e9lulas. Funciona impactando las c\u00e9lulas con un l\u00e1ser; estas emiten una fluorescencia que es detectada por fotodiodos, permitiendo identificar y diferenciar las part\u00edculas que se est\u00e1n analizando. Gracias a esta tecnolog\u00eda, es posible cuantificar y clasificar con precisi\u00f3n diferentes tipos celulares. Esta herramienta tiene un enorme valor hoy en d\u00eda. Actualmente, hospitales en red utilizan esta t\u00e9cnica para detectar distintos tipos de c\u00e1ncer, como leucemias o linfomas, de manera m\u00e1s precisa y r\u00e1pida. En regiones extremas como Ays\u00e9n, contar con esta tecnolog\u00eda permite descentralizar el diagn\u00f3stico, reducir derivaciones a grandes hospitales y mejorar los tiempos de respuesta para pacientes. Adem\u00e1s, puede articularse con sectores como la agroindustria, la investigaci\u00f3n cient\u00edfica y los hospitales, favoreciendo una respuesta m\u00e1s r\u00e1pida y efectiva frente a enfermedades complejas\u00bb, explic\u00f3.<\/p>\n<p style=\"text-align: justify;\">Con este paso, la Universidad de Ays\u00e9n fortalece su compromiso con una investigaci\u00f3n p\u00fablica, descentralizada y de excelencia, al servicio de la comunidad cient\u00edfica y de la poblaci\u00f3n de la regi\u00f3n y del pa\u00eds. El Cit\u00f3metro de Flujo Espectral Cytek Aurora no s\u00f3lo abre nuevas l\u00edneas de estudio, sino que instala capacidades permanentes para el an\u00e1lisis avanzado, la formaci\u00f3n de capital humano y el desarrollo de conocimiento con pertinencia territorial.<\/p>\n<\/div><\/section><\/div><div  style='height:50px' class='hr hr-invisible   avia-builder-el-6  el_after_av_one_full  el_before_av_social_share '><span class='hr-inner ' ><span class='hr-inner-style'><\/span><\/span><\/div><\/p>\n<div  class='av-social-sharing-box  avia-builder-el-7  el_after_av_hr  el_before_av_hr  '><div class='av-share-box'><h5 class='av-share-link-description av-no-toc '>Compartir esta noticia<\/h5><ul class='av-share-box-list noLightbox'><li class='av-share-link av-social-link-facebook' ><a target=\"_blank\" aria-label=\"Compartir en Facebook\" href='https:\/\/www.facebook.com\/sharer.php?u=https:\/\/radiorevelacionfm.cl\/?p=52206&#038;t=UAys%C3%A9n%20inaugura%20equipo%20de%20alta%20tecnolog%C3%ADa%20para%20fortalecer%20la%20investigaci%C3%B3n%20cient%C3%ADfica%20en%20la%20Macrozona%20Austral' aria-hidden='false' data-av_icon='\ue8f3' data-av_iconfont='entypo-fontello' title='' data-avia-related-tooltip='Compartir en Facebook' rel=\"noopener\"><span class='avia_hidden_link_text'>Compartir en Facebook<\/span><\/a><\/li><li class='av-share-link av-social-link-twitter' ><a target=\"_blank\" aria-label=\"Compartir en Twitter\" href='https:\/\/twitter.com\/share?text=UAys%C3%A9n%20inaugura%20equipo%20de%20alta%20tecnolog%C3%ADa%20para%20fortalecer%20la%20investigaci%C3%B3n%20cient%C3%ADfica%20en%20la%20Macrozona%20Austral&#038;url=https:\/\/radiorevelacionfm.cl\/?p=52206' aria-hidden='false' data-av_icon='\ue8f1' data-av_iconfont='entypo-fontello' title='' data-avia-related-tooltip='Compartir en Twitter' rel=\"noopener\"><span class='avia_hidden_link_text'>Compartir en Twitter<\/span><\/a><\/li><li class='av-share-link av-social-link-whatsapp' ><a target=\"_blank\" aria-label=\"Compartir en Whatsapp\" href='https:\/\/api.whatsapp.com\/send?text=https:\/\/radiorevelacionfm.cl\/?p=52206' aria-hidden='false' data-av_icon='\uf232' data-av_iconfont='entypo-fontello' title='' data-avia-related-tooltip='Compartir en Whatsapp' rel=\"noopener\"><span class='avia_hidden_link_text'>Compartir en Whatsapp<\/span><\/a><\/li><li class='av-share-link av-social-link-linkedin' ><a target=\"_blank\" aria-label=\"Compartir en LinkedIn\" href='https:\/\/linkedin.com\/shareArticle?mini=true&#038;title=UAys%C3%A9n%20inaugura%20equipo%20de%20alta%20tecnolog%C3%ADa%20para%20fortalecer%20la%20investigaci%C3%B3n%20cient%C3%ADfica%20en%20la%20Macrozona%20Austral&#038;url=https:\/\/radiorevelacionfm.cl\/?p=52206' aria-hidden='false' data-av_icon='\ue8fc' data-av_iconfont='entypo-fontello' title='' data-avia-related-tooltip='Compartir en LinkedIn' rel=\"noopener\"><span class='avia_hidden_link_text'>Compartir en LinkedIn<\/span><\/a><\/li><li class='av-share-link av-social-link-mail' ><a  aria-label=\"Compartir por correo\" href='mailto:?subject=UAys%C3%A9n%20inaugura%20equipo%20de%20alta%20tecnolog%C3%ADa%20para%20fortalecer%20la%20investigaci%C3%B3n%20cient%C3%ADfica%20en%20la%20Macrozona%20Austral&#038;body=https:\/\/radiorevelacionfm.cl\/?p=52206' aria-hidden='false' data-av_icon='\ue805' data-av_iconfont='entypo-fontello' title='' data-avia-related-tooltip='Compartir por correo'><span class='avia_hidden_link_text'>Compartir por correo<\/span><\/a><\/li><\/ul><\/div><\/div>\n<div  style='height:50px' class='hr hr-invisible   avia-builder-el-8  el_after_av_social_share  el_before_av_comments_list '><span class='hr-inner ' ><span class='hr-inner-style'><\/span><\/span><\/div>\n<div  class='av-buildercomment  av-blog-meta-html-info-disabled av-blog-meta-tag-disabled  '><\/div>\n","protected":false},"excerpt":{"rendered":"","protected":false},"author":1,"featured_media":52207,"comment_status":"closed","ping_status":"closed","sticky":false,"template":"","format":"standard","meta":{"footnotes":""},"categories":[49],"tags":[],"class_list":["post-52206","post","type-post","status-publish","format-standard","has-post-thumbnail","hentry","category-educacion"],"jetpack_featured_media_url":"https:\/\/radiorevelacionfm.cl\/wp-content\/uploads\/2025\/04\/citometro1-1_optimized.jpeg","_links":{"self":[{"href":"https:\/\/radiorevelacionfm.cl\/index.php?rest_route=\/wp\/v2\/posts\/52206","targetHints":{"allow":["GET"]}}],"collection":[{"href":"https:\/\/radiorevelacionfm.cl\/index.php?rest_route=\/wp\/v2\/posts"}],"about":[{"href":"https:\/\/radiorevelacionfm.cl\/index.php?rest_route=\/wp\/v2\/types\/post"}],"author":[{"embeddable":true,"href":"https:\/\/radiorevelacionfm.cl\/index.php?rest_route=\/wp\/v2\/users\/1"}],"replies":[{"embeddable":true,"href":"https:\/\/radiorevelacionfm.cl\/index.php?rest_route=%2Fwp%2Fv2%2Fcomments&post=52206"}],"version-history":[{"count":2,"href":"https:\/\/radiorevelacionfm.cl\/index.php?rest_route=\/wp\/v2\/posts\/52206\/revisions"}],"predecessor-version":[{"id":52209,"href":"https:\/\/radiorevelacionfm.cl\/index.php?rest_route=\/wp\/v2\/posts\/52206\/revisions\/52209"}],"wp:featuredmedia":[{"embeddable":true,"href":"https:\/\/radiorevelacionfm.cl\/index.php?rest_route=\/wp\/v2\/media\/52207"}],"wp:attachment":[{"href":"https:\/\/radiorevelacionfm.cl\/index.php?rest_route=%2Fwp%2Fv2%2Fmedia&parent=52206"}],"wp:term":[{"taxonomy":"category","embeddable":true,"href":"https:\/\/radiorevelacionfm.cl\/index.php?rest_route=%2Fwp%2Fv2%2Fcategories&post=52206"},{"taxonomy":"post_tag","embeddable":true,"href":"https:\/\/radiorevelacionfm.cl\/index.php?rest_route=%2Fwp%2Fv2%2Ftags&post=52206"}],"curies":[{"name":"wp","href":"https:\/\/api.w.org\/{rel}","templated":true}]}}