{"id":52202,"date":"2025-04-04T12:06:03","date_gmt":"2025-04-04T15:06:03","guid":{"rendered":"https:\/\/radiorevelacionfm.cl\/?p=52202"},"modified":"2025-04-04T12:06:03","modified_gmt":"2025-04-04T15:06:03","slug":"construccion-de-nuevo-aeropuerto-de-balmaceda-quintuplicara-su-capacidad-para-recibir-a-mas-de-1-millon-de-pasajeros-al-ano","status":"publish","type":"post","link":"https:\/\/radiorevelacionfm.cl\/?p=52202","title":{"rendered":"Construcci\u00f3n de nuevo Aeropuerto de Balmaceda quintuplicar\u00e1 su capacidad para recibir a m\u00e1s de 1 mill\u00f3n de pasajeros al a\u00f1o"},"content":{"rendered":"<div class=\"flex_column av_one_full  flex_column_div av-zero-column-padding first  avia-builder-el-0  el_before_av_one_full  avia-builder-el-first  \" style='border-radius:0px; '><div  class='avia-image-container  av-styling-    avia-builder-el-1  avia-builder-el-no-sibling  avia-align-center '  itemprop=\"image\" itemscope=\"itemscope\" itemtype=\"https:\/\/schema.org\/ImageObject\"  ><div class='avia-image-container-inner'><div class='avia-image-overlay-wrap'><img decoding=\"async\" class='wp-image-52203 avia-img-lazy-loading-not-52203 avia_image' src=\"https:\/\/radiorevelacionfm.cl\/wp-content\/uploads\/2025\/04\/img-20250404-wa0002-1-1_optimized-1.jpg\" alt='' title='img-20250404-wa0002-(1)-(1)_optimized (1)' height=\"600\" width=\"1067\"  itemprop=\"thumbnailUrl\" srcset=\"https:\/\/radiorevelacionfm.cl\/wp-content\/uploads\/2025\/04\/img-20250404-wa0002-1-1_optimized-1.jpg 1067w, https:\/\/radiorevelacionfm.cl\/wp-content\/uploads\/2025\/04\/img-20250404-wa0002-1-1_optimized-1-300x169.jpg 300w, https:\/\/radiorevelacionfm.cl\/wp-content\/uploads\/2025\/04\/img-20250404-wa0002-1-1_optimized-1-1030x579.jpg 1030w, https:\/\/radiorevelacionfm.cl\/wp-content\/uploads\/2025\/04\/img-20250404-wa0002-1-1_optimized-1-768x432.jpg 768w, https:\/\/radiorevelacionfm.cl\/wp-content\/uploads\/2025\/04\/img-20250404-wa0002-1-1_optimized-1-705x396.jpg 705w, https:\/\/radiorevelacionfm.cl\/wp-content\/uploads\/2025\/04\/img-20250404-wa0002-1-1_optimized-1-450x253.jpg 450w, https:\/\/radiorevelacionfm.cl\/wp-content\/uploads\/2025\/04\/img-20250404-wa0002-1-1_optimized-1-600x337.jpg 600w\" sizes=\"(max-width: 1067px) 100vw, 1067px\" \/><\/div><\/div><\/div><\/div><div class=\"flex_column av_one_full  flex_column_div av-zero-column-padding first  avia-builder-el-2  el_after_av_one_full  el_before_av_one_full  column-top-margin\" style='border-radius:0px; '><section class=\"av_textblock_section \"  itemscope=\"itemscope\" itemtype=\"https:\/\/schema.org\/BlogPosting\" itemprop=\"blogPost\" ><div class='avia_textblock  '   itemprop=\"text\" ><p style=\"text-align: center;\"><strong><span style=\"font-size: 18pt;\">Construcci\u00f3n de nuevo Aeropuerto de Balmaceda quintuplicar\u00e1 su capacidad para recibir a m\u00e1s de 1 mill\u00f3n de pasajeros al a\u00f1o<\/span><\/strong><\/p>\n<div id=\"gtx-trans\" style=\"position: absolute; left: -50px; top: 4.31534px;\">\n<div class=\"gtx-trans-icon\"><\/div>\n<\/div>\n<\/div><\/section><\/div><div class=\"flex_column av_one_full  flex_column_div av-zero-column-padding first  avia-builder-el-4  el_after_av_one_full  el_before_av_hr  column-top-margin\" style='border-radius:0px; '><section class=\"av_textblock_section \"  itemscope=\"itemscope\" itemtype=\"https:\/\/schema.org\/BlogPosting\" itemprop=\"blogPost\" ><div class='avia_textblock  '   itemprop=\"text\" ><p style=\"text-align: justify;\"><em>El proyecto concesionado, que busca potenciar la conectividad a\u00e9rea y el turismo en la Regi\u00f3n de Ays\u00e9n, contempla, entre otras obras, ampliar el edificio terminal de pasajeros de 2.400 m2 a 12.391 m2.<\/em><\/p>\n<p style=\"text-align: justify;\">Cerca de un 20% de avance tiene la construcci\u00f3n de la nueva infraestructura del Aer\u00f3dromo de Balmaceda ubicado en la comuna de Coyhaique, as\u00ed lo inform\u00f3 el subsecretario de Obras P\u00fablicas, Danilo N\u00fa\u00f1ez.<\/p>\n<p style=\"text-align: justify;\">La iniciativa concesionada, contempla ampliar el actual recinto terminal de pasajeros de 2.400 m2 a 12.391 m2, 5 nuevos puentes de embarque, nuevas vialidades y una nueva plataforma comercial, entre otros.<\/p>\n<p style=\"text-align: justify;\">Tambi\u00e9n contempla 100 nuevas plazas de estacionamientos de veh\u00edculos y se duplica el n\u00famero de estacionamiento para aeronaves comerciales, pasando de tres a seis, y se dispondr\u00e1 de trece nuevos estacionamientos para aviaci\u00f3n general.<\/p>\n<p style=\"text-align: justify;\">Estas obras permitir\u00e1n en el futuro recibir vuelos internacionales, mejorando el servicio y los tiempos de embarque y desembarque de los pasajeros.<\/p>\n<p style=\"text-align: justify;\">\u201cEstamos inspeccionando esta gran obra, por una inversi\u00f3n de US$50 millones, que estamos seguros le va a cambiar la cara a la puerta de entrada a la Patagonia en la Regi\u00f3n de Ays\u00e9n\u201d, inform\u00f3 el subsecretario de Obras P\u00fablicas, Danilo N\u00fa\u00f1ez.<\/p>\n<p style=\"text-align: justify;\">La autoridad nacional del MOP, explic\u00f3 que: \u201cEstamos trabajando a toda m\u00e1quina con la sociedad concesionaria y la empresa constructora para cumplir los plazos y tener el a\u00f1o 2027 en operaci\u00f3n este nuevo aeropuerto\u201d.<\/p>\n<p style=\"text-align: justify;\">\u201cEsta es un gran noticia para la econom\u00eda, la generaci\u00f3n de empleo y por cierto, para el desarrollo del turismo\u201d, agreg\u00f3 la autoridad del MOP.<\/p>\n<p style=\"text-align: justify;\">En tanto, la subsecretaria de Turismo, Ver\u00f3nica Pardo, destac\u00f3 que: \u201cEl desarrollo de esta tremenda infraestructura que hoy d\u00eda es la ampliaci\u00f3n de este Aer\u00f3dromo que adem\u00e1s, cumple con est\u00e1ndares internacionales desde la perspectiva del turista, como si fuera un Aeropuerto, va a permitir tambi\u00e9n que nosotros podamos llegar a tener conexiones internacionales\u201d.<\/p>\n<p style=\"text-align: justify;\">En paralelo a esta iniciativa concesionada, la Direcci\u00f3n de Aeropuertos del MOP desarrolla la normalizaci\u00f3n del \u00e1rea de movimiento que incluye la incorporaci\u00f3n del ILS (Instrument Landing System). Este sistema instrumental de aterrizaje permitir\u00e1 realizar operaciones de aterrizaje con baja visibilidad.<\/p>\n<\/div><\/section><\/div><div  style='height:50px' class='hr hr-invisible   avia-builder-el-6  el_after_av_one_full  el_before_av_social_share '><span class='hr-inner ' ><span class='hr-inner-style'><\/span><\/span><\/div><\/p>\n<div  class='av-social-sharing-box  avia-builder-el-7  el_after_av_hr  el_before_av_hr  '><div class='av-share-box'><h5 class='av-share-link-description av-no-toc '>Compartir esta noticia<\/h5><ul class='av-share-box-list noLightbox'><li class='av-share-link av-social-link-facebook' ><a target=\"_blank\" aria-label=\"Compartir en Facebook\" href='https:\/\/www.facebook.com\/sharer.php?u=https:\/\/radiorevelacionfm.cl\/?p=52202&#038;t=Construcci%C3%B3n%20de%20nuevo%20Aeropuerto%20de%20Balmaceda%20quintuplicar%C3%A1%20su%20capacidad%20para%20recibir%20a%20m%C3%A1s%20de%201%20mill%C3%B3n%20de%20pasajeros%20al%20a%C3%B1o' aria-hidden='false' data-av_icon='\ue8f3' data-av_iconfont='entypo-fontello' title='' data-avia-related-tooltip='Compartir en Facebook' rel=\"noopener\"><span class='avia_hidden_link_text'>Compartir en Facebook<\/span><\/a><\/li><li class='av-share-link av-social-link-twitter' ><a target=\"_blank\" aria-label=\"Compartir en Twitter\" href='https:\/\/twitter.com\/share?text=Construcci%C3%B3n%20de%20nuevo%20Aeropuerto%20de%20Balmaceda%20quintuplicar%C3%A1%20su%20capacidad%20para%20recibir%20a%20m%C3%A1s%20de%201%20mill%C3%B3n%20de%20pasajeros%20al%20a%C3%B1o&#038;url=https:\/\/radiorevelacionfm.cl\/?p=52202' aria-hidden='false' data-av_icon='\ue8f1' data-av_iconfont='entypo-fontello' title='' data-avia-related-tooltip='Compartir en Twitter' rel=\"noopener\"><span class='avia_hidden_link_text'>Compartir en Twitter<\/span><\/a><\/li><li class='av-share-link av-social-link-whatsapp' ><a target=\"_blank\" aria-label=\"Compartir en Whatsapp\" href='https:\/\/api.whatsapp.com\/send?text=https:\/\/radiorevelacionfm.cl\/?p=52202' aria-hidden='false' data-av_icon='\uf232' data-av_iconfont='entypo-fontello' title='' data-avia-related-tooltip='Compartir en Whatsapp' rel=\"noopener\"><span class='avia_hidden_link_text'>Compartir en Whatsapp<\/span><\/a><\/li><li class='av-share-link av-social-link-linkedin' ><a target=\"_blank\" aria-label=\"Compartir en LinkedIn\" href='https:\/\/linkedin.com\/shareArticle?mini=true&#038;title=Construcci%C3%B3n%20de%20nuevo%20Aeropuerto%20de%20Balmaceda%20quintuplicar%C3%A1%20su%20capacidad%20para%20recibir%20a%20m%C3%A1s%20de%201%20mill%C3%B3n%20de%20pasajeros%20al%20a%C3%B1o&#038;url=https:\/\/radiorevelacionfm.cl\/?p=52202' aria-hidden='false' data-av_icon='\ue8fc' data-av_iconfont='entypo-fontello' title='' data-avia-related-tooltip='Compartir en LinkedIn' rel=\"noopener\"><span class='avia_hidden_link_text'>Compartir en LinkedIn<\/span><\/a><\/li><li class='av-share-link av-social-link-mail' ><a  aria-label=\"Compartir por correo\" href='mailto:?subject=Construcci%C3%B3n%20de%20nuevo%20Aeropuerto%20de%20Balmaceda%20quintuplicar%C3%A1%20su%20capacidad%20para%20recibir%20a%20m%C3%A1s%20de%201%20mill%C3%B3n%20de%20pasajeros%20al%20a%C3%B1o&#038;body=https:\/\/radiorevelacionfm.cl\/?p=52202' aria-hidden='false' data-av_icon='\ue805' data-av_iconfont='entypo-fontello' title='' data-avia-related-tooltip='Compartir por correo'><span class='avia_hidden_link_text'>Compartir por correo<\/span><\/a><\/li><\/ul><\/div><\/div>\n<div  style='height:50px' class='hr hr-invisible   avia-builder-el-8  el_after_av_social_share  el_before_av_comments_list '><span class='hr-inner ' ><span class='hr-inner-style'><\/span><\/span><\/div>\n<div  class='av-buildercomment  av-blog-meta-html-info-disabled av-blog-meta-tag-disabled  '><\/div>\n","protected":false},"excerpt":{"rendered":"","protected":false},"author":1,"featured_media":52203,"comment_status":"closed","ping_status":"closed","sticky":false,"template":"","format":"standard","meta":{"footnotes":""},"categories":[38],"tags":[],"class_list":["post-52202","post","type-post","status-publish","format-standard","has-post-thumbnail","hentry","category-regional"],"jetpack_featured_media_url":"https:\/\/radiorevelacionfm.cl\/wp-content\/uploads\/2025\/04\/img-20250404-wa0002-1-1_optimized-1.jpg","_links":{"self":[{"href":"https:\/\/radiorevelacionfm.cl\/index.php?rest_route=\/wp\/v2\/posts\/52202","targetHints":{"allow":["GET"]}}],"collection":[{"href":"https:\/\/radiorevelacionfm.cl\/index.php?rest_route=\/wp\/v2\/posts"}],"about":[{"href":"https:\/\/radiorevelacionfm.cl\/index.php?rest_route=\/wp\/v2\/types\/post"}],"author":[{"embeddable":true,"href":"https:\/\/radiorevelacionfm.cl\/index.php?rest_route=\/wp\/v2\/users\/1"}],"replies":[{"embeddable":true,"href":"https:\/\/radiorevelacionfm.cl\/index.php?rest_route=%2Fwp%2Fv2%2Fcomments&post=52202"}],"version-history":[{"count":2,"href":"https:\/\/radiorevelacionfm.cl\/index.php?rest_route=\/wp\/v2\/posts\/52202\/revisions"}],"predecessor-version":[{"id":52205,"href":"https:\/\/radiorevelacionfm.cl\/index.php?rest_route=\/wp\/v2\/posts\/52202\/revisions\/52205"}],"wp:featuredmedia":[{"embeddable":true,"href":"https:\/\/radiorevelacionfm.cl\/index.php?rest_route=\/wp\/v2\/media\/52203"}],"wp:attachment":[{"href":"https:\/\/radiorevelacionfm.cl\/index.php?rest_route=%2Fwp%2Fv2%2Fmedia&parent=52202"}],"wp:term":[{"taxonomy":"category","embeddable":true,"href":"https:\/\/radiorevelacionfm.cl\/index.php?rest_route=%2Fwp%2Fv2%2Fcategories&post=52202"},{"taxonomy":"post_tag","embeddable":true,"href":"https:\/\/radiorevelacionfm.cl\/index.php?rest_route=%2Fwp%2Fv2%2Ftags&post=52202"}],"curies":[{"name":"wp","href":"https:\/\/api.w.org\/{rel}","templated":true}]}}