{"id":52198,"date":"2025-04-04T10:57:57","date_gmt":"2025-04-04T13:57:57","guid":{"rendered":"https:\/\/radiorevelacionfm.cl\/?p=52198"},"modified":"2025-04-04T10:57:57","modified_gmt":"2025-04-04T13:57:57","slug":"dirigentes-y-diputados-se-reunen-con-contralor-regional-por-discriminacion-que-afecta-a-funcionarios-de-jardines-vtf","status":"publish","type":"post","link":"https:\/\/radiorevelacionfm.cl\/?p=52198","title":{"rendered":"Dirigentes y diputados se re\u00fanen con Contralor Regional por discriminaci\u00f3n que afecta a funcionarios de jardines VTF"},"content":{"rendered":"<div class=\"flex_column av_one_full  flex_column_div av-zero-column-padding first  avia-builder-el-0  el_before_av_one_full  avia-builder-el-first  \" style='border-radius:0px; '><div  class='avia-image-container  av-styling-    avia-builder-el-1  avia-builder-el-no-sibling  avia-align-center '  itemprop=\"image\" itemscope=\"itemscope\" itemtype=\"https:\/\/schema.org\/ImageObject\"  ><div class='avia-image-container-inner'><div class='avia-image-overlay-wrap'><img decoding=\"async\" class='wp-image-52199 avia-img-lazy-loading-not-52199 avia_image' src=\"https:\/\/radiorevelacionfm.cl\/wp-content\/uploads\/2025\/04\/FOTO-REU-JARDINES-VTF-1-1.jpeg\" alt='' title='FOTO REU JARDINES VTF (1) (1)' height=\"600\" width=\"800\"  itemprop=\"thumbnailUrl\" srcset=\"https:\/\/radiorevelacionfm.cl\/wp-content\/uploads\/2025\/04\/FOTO-REU-JARDINES-VTF-1-1.jpeg 800w, https:\/\/radiorevelacionfm.cl\/wp-content\/uploads\/2025\/04\/FOTO-REU-JARDINES-VTF-1-1-300x225.jpeg 300w, https:\/\/radiorevelacionfm.cl\/wp-content\/uploads\/2025\/04\/FOTO-REU-JARDINES-VTF-1-1-768x576.jpeg 768w, https:\/\/radiorevelacionfm.cl\/wp-content\/uploads\/2025\/04\/FOTO-REU-JARDINES-VTF-1-1-705x529.jpeg 705w, https:\/\/radiorevelacionfm.cl\/wp-content\/uploads\/2025\/04\/FOTO-REU-JARDINES-VTF-1-1-450x338.jpeg 450w, https:\/\/radiorevelacionfm.cl\/wp-content\/uploads\/2025\/04\/FOTO-REU-JARDINES-VTF-1-1-600x450.jpeg 600w\" sizes=\"(max-width: 800px) 100vw, 800px\" \/><\/div><\/div><\/div><\/div><div class=\"flex_column av_one_full  flex_column_div av-zero-column-padding first  avia-builder-el-2  el_after_av_one_full  el_before_av_one_full  column-top-margin\" style='border-radius:0px; '><section class=\"av_textblock_section \"  itemscope=\"itemscope\" itemtype=\"https:\/\/schema.org\/BlogPosting\" itemprop=\"blogPost\" ><div class='avia_textblock  '   itemprop=\"text\" ><p style=\"text-align: center;\"><strong><span style=\"font-size: 18pt;\">Dirigentes y diputados se re\u00fanen con Contralor Regional por discriminaci\u00f3n que afecta a funcionarios de jardines VTF<\/span><\/strong><\/p>\n<div id=\"gtx-trans\" style=\"position: absolute; left: -50px; top: 4.31534px;\">\n<div class=\"gtx-trans-icon\"><\/div>\n<\/div>\n<\/div><\/section><\/div><div class=\"flex_column av_one_full  flex_column_div av-zero-column-padding first  avia-builder-el-4  el_after_av_one_full  el_before_av_hr  column-top-margin\" style='border-radius:0px; '><section class=\"av_textblock_section \"  itemscope=\"itemscope\" itemtype=\"https:\/\/schema.org\/BlogPosting\" itemprop=\"blogPost\" ><div class='avia_textblock  '   itemprop=\"text\" ><p style=\"text-align: justify;\"><em>Dictamen de Contralor\u00eda dej\u00f3 sin efecto la entrega de bono de Zonas Extremas, el que se ven\u00eda entregando desde el a\u00f1o 2015.\u00a0<\/em><\/p>\n<p style=\"text-align: justify;\">Los diputados Miguel \u00c1ngel Calisto, Marcia Raphael y Ren\u00e9 Alinco se reunieron junto a dirigentes de los funcionarios de Jardines VTF (V\u00eda Transferencia de Fondos), con el Contralor Regional, Ricardo Hevia, para plantearle su discrepancia con el dictamen de Contralor\u00eda que dej\u00f3 sin Bono de Zonas Extremas a los funcionarios de este tipo de recintos educacionales.<\/p>\n<p style=\"text-align: justify;\">Seg\u00fan el diputado Miguel \u00c1ngel Calisto, \u00abciertamente no compartimos el criterio de la Contralor\u00eda General de la Rep\u00fablica, quien una vez m\u00e1s hace un cuestionamiento respecto a este bono que han recibido los funcionarios de la educaci\u00f3n y los funcionarios de jardines VTF\u00bb.<\/p>\n<p style=\"text-align: justify;\">\u00abContralor\u00eda se\u00f1ala expl\u00edcitamente en su dictamen de que el legislador no fue lo suficientemente claro en la ley, pero\u00a0 nosotros\u00a0 con varias leyes en mano, incluyendo la Ley de Reajuste al Sector P\u00fablico, en el art\u00edculo 30 se define de manera expl\u00edcita que todos los funcionarios del Estado van a recibir los beneficios y, en este caso, a ellos ya les corresponde por esa ley\u00bb, afirma.<\/p>\n<p style=\"text-align: justify;\">Calisto agreg\u00f3 que \u00abtampoco hay una visi\u00f3n espec\u00edfica donde se le niegue el beneficio. Es m\u00e1s, hace referencia al C\u00f3digo del Trabajo, el que es expl\u00edcito en se\u00f1alar que cuando un gremio o un sector recibe una asignaci\u00f3n por m\u00e1s de tres veces es un derecho adquirido, y nosotros estamos convencidos de ello. Vamos a ir a la Contralor\u00eda General con argumentos jur\u00eddicos de peso para no tener que recurrir, ciertamente, a la modificaci\u00f3n de la ley\u00bb.<\/p>\n<p style=\"text-align: justify;\">La diputada Marcia Raphael indic\u00f3 \u00abhoy d\u00eda se les desconoce un bono que ellas, por derecho adquirido, ya lo tienen desde hace m\u00e1s de 10 a\u00f1os. Por lo tanto, estuvimos en una reuni\u00f3n con el Contralor y con su abogado, y nos qued\u00f3 claro un poco cu\u00e1l es el problema, y\u00a0 vamos a ir a la Contralor\u00eda General de la Rep\u00fablica en Santiago, para enfrentar este problema y poder darle soluci\u00f3n\u00bb.<\/p>\n<p style=\"text-align: justify;\">\u00abExiste una ley frente al traspaso del municipio a los SLEP,\u00a0 que se realiz\u00f3 en el a\u00f1o 2023, respecto al reconocimiento de todos los sueldos que tienen los funcionarios de VTF,\u00a0 de todos los sueldos que tuvieron antes de 6 meses de ser traspasados. Ah\u00ed tambi\u00e9n se considera el bono. Por lo tanto, vamos a hacer que se priorice esa ley frente a otra en donde no se lo reconoce, para que, finalmente, este derecho adquirido que han tenido durante 10 a\u00f1os, lo sigan teniendo\u00bb, se\u00f1al\u00f3 la legisladora.<\/p>\n<p style=\"text-align: justify;\">Por su parte, Claudia Ruiz, Presidenta de la Asociaci\u00f3n de Funcionarios de Jardines Infantiles v\u00eda Transferencia de Fondo, se\u00f1al\u00f3 que\u00a0 \u00abnuevamente estamos aqu\u00ed en Contralor\u00eda por la discriminaci\u00f3n que sufrimos. No se nos reconoce el derecho adquirido, ya que\u00a0 en el a\u00f1o 2013 empezamos una lucha, una pelea para que podamos ser reconocidos y nos paguen el bono Zonas Extremas\u00bb.<\/p>\n<p style=\"text-align: justify;\">\u00abA nosotros\u00a0 nos dejaron fuera y dimos una lucha y lo obtuvimos desde el a\u00f1o 2015, hasta diciembre de 2024, cuando nuevamente Contralor\u00eda saca un dictamen donde nos deja solo fuera de este bono. Se trata de un beneficio que para muchos, la mayor\u00eda de los funcionarios es un sueldo m\u00e1s en el mes de marzo, junio, septiembre y diciembre\u00bb, se\u00f1al\u00f3.<\/p>\n<p style=\"text-align: justify;\">Finalmente, la dirigenta se\u00f1al\u00f3 que \u00ablamentablemente no salimos con muy buenas noticias de aqu\u00ed ya que tenemos que recurrir a la Contralor\u00eda Nacional a ver qu\u00e9 resuelven ellos, pero aqu\u00ed estamos nuevamente preocupados, esperando soluciones positivas para nosotros. A ver qu\u00e9 nos responde Contralor\u00eda Nacional\u00bb.<\/p>\n<\/div><\/section><\/div><div  style='height:50px' class='hr hr-invisible   avia-builder-el-6  el_after_av_one_full  el_before_av_social_share '><span class='hr-inner ' ><span class='hr-inner-style'><\/span><\/span><\/div><\/p>\n<div  class='av-social-sharing-box  avia-builder-el-7  el_after_av_hr  el_before_av_hr  '><div class='av-share-box'><h5 class='av-share-link-description av-no-toc '>Compartir esta noticia<\/h5><ul class='av-share-box-list noLightbox'><li class='av-share-link av-social-link-facebook' ><a target=\"_blank\" aria-label=\"Compartir en Facebook\" href='https:\/\/www.facebook.com\/sharer.php?u=https:\/\/radiorevelacionfm.cl\/?p=52198&#038;t=Dirigentes%20y%20diputados%20se%20re%C3%BAnen%20con%20Contralor%20Regional%20por%20discriminaci%C3%B3n%20que%20afecta%20a%20funcionarios%20de%20jardines%20VTF' aria-hidden='false' data-av_icon='\ue8f3' data-av_iconfont='entypo-fontello' title='' data-avia-related-tooltip='Compartir en Facebook' rel=\"noopener\"><span class='avia_hidden_link_text'>Compartir en Facebook<\/span><\/a><\/li><li class='av-share-link av-social-link-twitter' ><a target=\"_blank\" aria-label=\"Compartir en Twitter\" href='https:\/\/twitter.com\/share?text=Dirigentes%20y%20diputados%20se%20re%C3%BAnen%20con%20Contralor%20Regional%20por%20discriminaci%C3%B3n%20que%20afecta%20a%20funcionarios%20de%20jardines%20VTF&#038;url=https:\/\/radiorevelacionfm.cl\/?p=52198' aria-hidden='false' data-av_icon='\ue8f1' data-av_iconfont='entypo-fontello' title='' data-avia-related-tooltip='Compartir en Twitter' rel=\"noopener\"><span class='avia_hidden_link_text'>Compartir en Twitter<\/span><\/a><\/li><li class='av-share-link av-social-link-whatsapp' ><a target=\"_blank\" aria-label=\"Compartir en Whatsapp\" href='https:\/\/api.whatsapp.com\/send?text=https:\/\/radiorevelacionfm.cl\/?p=52198' aria-hidden='false' data-av_icon='\uf232' data-av_iconfont='entypo-fontello' title='' data-avia-related-tooltip='Compartir en Whatsapp' rel=\"noopener\"><span class='avia_hidden_link_text'>Compartir en Whatsapp<\/span><\/a><\/li><li class='av-share-link av-social-link-linkedin' ><a target=\"_blank\" aria-label=\"Compartir en LinkedIn\" href='https:\/\/linkedin.com\/shareArticle?mini=true&#038;title=Dirigentes%20y%20diputados%20se%20re%C3%BAnen%20con%20Contralor%20Regional%20por%20discriminaci%C3%B3n%20que%20afecta%20a%20funcionarios%20de%20jardines%20VTF&#038;url=https:\/\/radiorevelacionfm.cl\/?p=52198' aria-hidden='false' data-av_icon='\ue8fc' data-av_iconfont='entypo-fontello' title='' data-avia-related-tooltip='Compartir en LinkedIn' rel=\"noopener\"><span class='avia_hidden_link_text'>Compartir en LinkedIn<\/span><\/a><\/li><li class='av-share-link av-social-link-mail' ><a  aria-label=\"Compartir por correo\" href='mailto:?subject=Dirigentes%20y%20diputados%20se%20re%C3%BAnen%20con%20Contralor%20Regional%20por%20discriminaci%C3%B3n%20que%20afecta%20a%20funcionarios%20de%20jardines%20VTF&#038;body=https:\/\/radiorevelacionfm.cl\/?p=52198' aria-hidden='false' data-av_icon='\ue805' data-av_iconfont='entypo-fontello' title='' data-avia-related-tooltip='Compartir por correo'><span class='avia_hidden_link_text'>Compartir por correo<\/span><\/a><\/li><\/ul><\/div><\/div>\n<div  style='height:50px' class='hr hr-invisible   avia-builder-el-8  el_after_av_social_share  el_before_av_comments_list '><span class='hr-inner ' ><span class='hr-inner-style'><\/span><\/span><\/div>\n<div  class='av-buildercomment  av-blog-meta-html-info-disabled av-blog-meta-tag-disabled  '><\/div>\n","protected":false},"excerpt":{"rendered":"","protected":false},"author":1,"featured_media":52199,"comment_status":"closed","ping_status":"closed","sticky":false,"template":"","format":"standard","meta":{"footnotes":""},"categories":[38],"tags":[],"class_list":["post-52198","post","type-post","status-publish","format-standard","has-post-thumbnail","hentry","category-regional"],"jetpack_featured_media_url":"https:\/\/radiorevelacionfm.cl\/wp-content\/uploads\/2025\/04\/FOTO-REU-JARDINES-VTF-1-1.jpeg","_links":{"self":[{"href":"https:\/\/radiorevelacionfm.cl\/index.php?rest_route=\/wp\/v2\/posts\/52198","targetHints":{"allow":["GET"]}}],"collection":[{"href":"https:\/\/radiorevelacionfm.cl\/index.php?rest_route=\/wp\/v2\/posts"}],"about":[{"href":"https:\/\/radiorevelacionfm.cl\/index.php?rest_route=\/wp\/v2\/types\/post"}],"author":[{"embeddable":true,"href":"https:\/\/radiorevelacionfm.cl\/index.php?rest_route=\/wp\/v2\/users\/1"}],"replies":[{"embeddable":true,"href":"https:\/\/radiorevelacionfm.cl\/index.php?rest_route=%2Fwp%2Fv2%2Fcomments&post=52198"}],"version-history":[{"count":2,"href":"https:\/\/radiorevelacionfm.cl\/index.php?rest_route=\/wp\/v2\/posts\/52198\/revisions"}],"predecessor-version":[{"id":52201,"href":"https:\/\/radiorevelacionfm.cl\/index.php?rest_route=\/wp\/v2\/posts\/52198\/revisions\/52201"}],"wp:featuredmedia":[{"embeddable":true,"href":"https:\/\/radiorevelacionfm.cl\/index.php?rest_route=\/wp\/v2\/media\/52199"}],"wp:attachment":[{"href":"https:\/\/radiorevelacionfm.cl\/index.php?rest_route=%2Fwp%2Fv2%2Fmedia&parent=52198"}],"wp:term":[{"taxonomy":"category","embeddable":true,"href":"https:\/\/radiorevelacionfm.cl\/index.php?rest_route=%2Fwp%2Fv2%2Fcategories&post=52198"},{"taxonomy":"post_tag","embeddable":true,"href":"https:\/\/radiorevelacionfm.cl\/index.php?rest_route=%2Fwp%2Fv2%2Ftags&post=52198"}],"curies":[{"name":"wp","href":"https:\/\/api.w.org\/{rel}","templated":true}]}}