{"id":52193,"date":"2025-04-04T10:38:37","date_gmt":"2025-04-04T13:38:37","guid":{"rendered":"https:\/\/radiorevelacionfm.cl\/?p=52193"},"modified":"2025-04-04T10:41:13","modified_gmt":"2025-04-04T13:41:13","slug":"parque-nacional-cerro-castillo-avanza-en-proceso-para-certificarse-bajo-lista-verde-de-la-uicn","status":"publish","type":"post","link":"https:\/\/radiorevelacionfm.cl\/?p=52193","title":{"rendered":"Parque Nacional Cerro Castillo avanza en proceso para certificarse bajo Lista Verde de la UICN"},"content":{"rendered":"<div class=\"flex_column av_one_full  flex_column_div av-zero-column-padding first  avia-builder-el-0  el_before_av_one_full  avia-builder-el-first  \" style='border-radius:0px; '><div  class='avia-image-container  av-styling-    avia-builder-el-1  avia-builder-el-no-sibling  avia-align-center '  itemprop=\"image\" itemscope=\"itemscope\" itemtype=\"https:\/\/schema.org\/ImageObject\"  ><div class='avia-image-container-inner'><div class='avia-image-overlay-wrap'><img decoding=\"async\" class='wp-image-52194 avia-img-lazy-loading-not-52194 avia_image' src=\"https:\/\/radiorevelacionfm.cl\/wp-content\/uploads\/2025\/04\/54427140077_8cb80ebbe0_c-1-1.jpg\" alt='' title='54427140077_8cb80ebbe0_c (1) (1)' height=\"600\" width=\"901\"  itemprop=\"thumbnailUrl\" srcset=\"https:\/\/radiorevelacionfm.cl\/wp-content\/uploads\/2025\/04\/54427140077_8cb80ebbe0_c-1-1.jpg 901w, https:\/\/radiorevelacionfm.cl\/wp-content\/uploads\/2025\/04\/54427140077_8cb80ebbe0_c-1-1-300x200.jpg 300w, https:\/\/radiorevelacionfm.cl\/wp-content\/uploads\/2025\/04\/54427140077_8cb80ebbe0_c-1-1-768x511.jpg 768w, https:\/\/radiorevelacionfm.cl\/wp-content\/uploads\/2025\/04\/54427140077_8cb80ebbe0_c-1-1-705x469.jpg 705w, https:\/\/radiorevelacionfm.cl\/wp-content\/uploads\/2025\/04\/54427140077_8cb80ebbe0_c-1-1-450x300.jpg 450w, https:\/\/radiorevelacionfm.cl\/wp-content\/uploads\/2025\/04\/54427140077_8cb80ebbe0_c-1-1-600x400.jpg 600w\" sizes=\"(max-width: 901px) 100vw, 901px\" \/><\/div><\/div><\/div><\/div>\n<div class=\"flex_column av_one_full  flex_column_div av-zero-column-padding first  avia-builder-el-2  el_after_av_one_full  el_before_av_one_full  column-top-margin\" style='border-radius:0px; '><section class=\"av_textblock_section \"  itemscope=\"itemscope\" itemtype=\"https:\/\/schema.org\/BlogPosting\" itemprop=\"blogPost\" ><div class='avia_textblock  '   itemprop=\"text\" ><p style=\"text-align: center;\" align=\"center\"><strong><span style=\"font-size: 18pt;\">Parque Nacional Cerro Castillo avanza en proceso para certificarse bajo Lista Verde de la UICN<\/span><\/strong><\/p>\n<div id=\"gtx-trans\" style=\"position: absolute; left: -50px; top: 4.31534px;\">\n<div class=\"gtx-trans-icon\"><\/div>\n<\/div>\n<\/div><\/section><\/div>\n<div class=\"flex_column av_one_full  flex_column_div av-zero-column-padding first  avia-builder-el-4  el_after_av_one_full  el_before_av_hr  column-top-margin\" style='border-radius:0px; '><section class=\"av_textblock_section \"  itemscope=\"itemscope\" itemtype=\"https:\/\/schema.org\/BlogPosting\" itemprop=\"blogPost\" ><div class='avia_textblock  '   itemprop=\"text\" ><p style=\"text-align: justify;\">La revisi\u00f3n de aspectos claves en la gesti\u00f3n efectiva del Parque Nacional Cerro Castillo, necesarios para cumplir los indicadores del est\u00e1ndar Lista Verde de la Uni\u00f3n Internacional para la Conservaci\u00f3n de la Naturaleza (UICN), fue el objetivo de la visita de campo realizada por el Grupo de Expertos Evaluadores de la Lista Verde para Chile (EAGL) a esta \u00e1rea protegida del Estado.<\/p>\n<p style=\"text-align: justify;\">El modelo de gobernanza participativa e inclusiva, los planes de manejo del parque y los resultados sobre la conservaci\u00f3n de su biodiversidad, entre otros indicadores de gesti\u00f3n efectiva, fueron evaluados en conjunto con el equipo de la Corporaci\u00f3n Nacional Forestal (CONAF),entidad que administra este parque nacional, y con actores locales, destac\u00e1ndose los avances en la implementaci\u00f3n de buenas pr\u00e1cticas para la conservaci\u00f3n de la biodiversidad y la participaci\u00f3n de las comunidades en la gesti\u00f3n del \u00e1rea protegida.<\/p>\n<p style=\"text-align: justify;\">Para el gerente de \u00c1reas Silvestres Protegidas de CONAF, V\u00edctor Lagos, esta actividad \u201cconstituye un paso significativo para cumplir con nuestro prop\u00f3sito de incorporar \u00e1reas protegidas del Estado administradas por CONAF, a la Lista Verde de la UICN. En tiempos de traspaso de las \u00e1reas protegidas a una nueva institucionalidad, resulta muy pertinente el poner en evidencia el est\u00e1ndar de gesti\u00f3n de nuestras \u00e1reas protegidas, pero tambi\u00e9n desafiarnos a su mantenci\u00f3n y proyecci\u00f3n en el Servicio de Biodiversidad y \u00c1reas Protegidas (SBAP)\u00bb.<\/p>\n<p style=\"text-align: justify;\">El Parque Nacional Cerro Castillo, ubicado en la Regi\u00f3n de Ays\u00e9n, es reconocido por su riqueza ecol\u00f3gica y paisaj\u00edstica, adem\u00e1s de ser un h\u00e1bitat fundamental para especies emblem\u00e1ticas como el huemul (<i>Hippocamelus bisulcus<\/i>). Su postulaci\u00f3n a la Lista Verde de UICN se inici\u00f3 el a\u00f1o 2022 y\u00a0 representa un compromiso con la mejora continua de su manejo a trav\u00e9s de la aplicaci\u00f3n de este est\u00e1ndar internacional de gesti\u00f3n efectiva de \u00e1reas protegidas que busca garantizar que estas \u00e1reas sean gestionadas de manera efectiva y equitativa, asegurando la conservaci\u00f3n a largo plazo de sus valores naturales y culturales.<\/p>\n<p style=\"text-align: justify;\">Desde su postulaci\u00f3n han sucedido varios hitos que acercan al parque a su certificaci\u00f3n bajo el est\u00e1ndar Lista Verde, siendo la evaluaci\u00f3n del EAGL\u00a0 un paso determinante, porque proporciona una visi\u00f3n objetiva sobre los avances y desaf\u00edos a\u00fan pendientes.<\/p>\n<p style=\"text-align: justify;\">En este proceso, CONAF cuenta con la colaboraci\u00f3n y asesor\u00eda del Programa Austral Patagonia de la Universidad Austral de Chile, que tambi\u00e9n impulsa un trabajo importante de comunidades portales, y de The Pew Charitable Trust (Pew).<\/p>\n<p style=\"text-align: justify;\">\u201cEn este parque se ha estado implementando un modelo de gesti\u00f3n basado en una visi\u00f3n moderna de desarrollo y manejo de las \u00e1reas protegidas y hoy, gracias al arduo esfuerzo y trabajo de funcionarios y guardaparques de CONAF, el \u00e1rea est\u00e1 cada vez m\u00e1s cerca de alcanzar los requerimientos para ser una de las primeras \u00e1reas protegidas de Chile listada bajo la Lista Verde. Es un orgullo para nosotros haber contribuido en este proceso\u201d, se\u00f1al\u00f3 Aldo Far\u00edas, coordinador de conservaci\u00f3n del Programa Austral Patagonia de la UACh.<\/p>\n<p style=\"text-align: justify;\">Lista Verde funciona como un sistema que permite a las \u00e1reas postulantes identificar sus falencias en gesti\u00f3n y gobernanza, y las acompa\u00f1a en el desarrollo de las mejoras necesarias para lograr la conservaci\u00f3n efectiva de la naturaleza y sus diversos beneficios ecol\u00f3gicos, socioecon\u00f3micos, culturales y espirituales. La gesti\u00f3n \u00f3ptima es medida por un est\u00e1ndar que cuenta con 4 macro componentes, 17 criterios y 50 indicadores desarrollados y aprobados por los miembros de la UICN. Cumpliendo con este est\u00e1ndar, el \u00e1rea protegida puede integrar la Lista Verde de \u00c1reas Protegidas y Conservadas a nivel mundial.<\/p>\n<p style=\"text-align: justify;\">Para CONAF y el equipo del Parque Nacional Cerro Castillo la vista de los integrantes del EAGL de Chile y el apoyo de las instituciones y personas que han acompa\u00f1ado este proceso es muy importante, ya que se espera que los resultados de la evaluaci\u00f3n contribuyan a fortalecer la gesti\u00f3n del parque y a consolidar su reconocimiento como un modelo de conservaci\u00f3n en Chile y a nivel internacional.<\/p>\n<\/div><\/section><\/div><div  style='height:50px' class='hr hr-invisible   avia-builder-el-6  el_after_av_one_full  el_before_av_social_share '><span class='hr-inner ' ><span class='hr-inner-style'><\/span><\/span><\/div><\/p>\n<div  class='av-social-sharing-box  avia-builder-el-7  el_after_av_hr  el_before_av_hr  '><div class='av-share-box'><h5 class='av-share-link-description av-no-toc '>Compartir esta noticia<\/h5><ul class='av-share-box-list noLightbox'><li class='av-share-link av-social-link-facebook' ><a target=\"_blank\" aria-label=\"Compartir en Facebook\" href='https:\/\/www.facebook.com\/sharer.php?u=https:\/\/radiorevelacionfm.cl\/?p=52193&#038;t=Parque%20Nacional%20Cerro%20Castillo%20avanza%20en%20proceso%20para%20certificarse%20bajo%20Lista%20Verde%20de%20la%20UICN' aria-hidden='false' data-av_icon='\ue8f3' data-av_iconfont='entypo-fontello' title='' data-avia-related-tooltip='Compartir en Facebook' rel=\"noopener\"><span class='avia_hidden_link_text'>Compartir en Facebook<\/span><\/a><\/li><li class='av-share-link av-social-link-twitter' ><a target=\"_blank\" aria-label=\"Compartir en Twitter\" href='https:\/\/twitter.com\/share?text=Parque%20Nacional%20Cerro%20Castillo%20avanza%20en%20proceso%20para%20certificarse%20bajo%20Lista%20Verde%20de%20la%20UICN&#038;url=https:\/\/radiorevelacionfm.cl\/?p=52193' aria-hidden='false' data-av_icon='\ue8f1' data-av_iconfont='entypo-fontello' title='' data-avia-related-tooltip='Compartir en Twitter' rel=\"noopener\"><span class='avia_hidden_link_text'>Compartir en Twitter<\/span><\/a><\/li><li class='av-share-link av-social-link-whatsapp' ><a target=\"_blank\" aria-label=\"Compartir en Whatsapp\" href='https:\/\/api.whatsapp.com\/send?text=https:\/\/radiorevelacionfm.cl\/?p=52193' aria-hidden='false' data-av_icon='\uf232' data-av_iconfont='entypo-fontello' title='' data-avia-related-tooltip='Compartir en Whatsapp' rel=\"noopener\"><span class='avia_hidden_link_text'>Compartir en Whatsapp<\/span><\/a><\/li><li class='av-share-link av-social-link-linkedin' ><a target=\"_blank\" aria-label=\"Compartir en LinkedIn\" href='https:\/\/linkedin.com\/shareArticle?mini=true&#038;title=Parque%20Nacional%20Cerro%20Castillo%20avanza%20en%20proceso%20para%20certificarse%20bajo%20Lista%20Verde%20de%20la%20UICN&#038;url=https:\/\/radiorevelacionfm.cl\/?p=52193' aria-hidden='false' data-av_icon='\ue8fc' data-av_iconfont='entypo-fontello' title='' data-avia-related-tooltip='Compartir en LinkedIn' rel=\"noopener\"><span class='avia_hidden_link_text'>Compartir en LinkedIn<\/span><\/a><\/li><li class='av-share-link av-social-link-mail' ><a  aria-label=\"Compartir por correo\" href='mailto:?subject=Parque%20Nacional%20Cerro%20Castillo%20avanza%20en%20proceso%20para%20certificarse%20bajo%20Lista%20Verde%20de%20la%20UICN&#038;body=https:\/\/radiorevelacionfm.cl\/?p=52193' aria-hidden='false' data-av_icon='\ue805' data-av_iconfont='entypo-fontello' title='' data-avia-related-tooltip='Compartir por correo'><span class='avia_hidden_link_text'>Compartir por correo<\/span><\/a><\/li><\/ul><\/div><\/div>\n<div  style='height:50px' class='hr hr-invisible   avia-builder-el-8  el_after_av_social_share  el_before_av_comments_list '><span class='hr-inner ' ><span class='hr-inner-style'><\/span><\/span><\/div>\n<div  class='av-buildercomment  av-blog-meta-html-info-disabled av-blog-meta-tag-disabled  '><\/div>\n","protected":false},"excerpt":{"rendered":"","protected":false},"author":1,"featured_media":52194,"comment_status":"closed","ping_status":"closed","sticky":false,"template":"","format":"standard","meta":{"footnotes":""},"categories":[38],"tags":[],"class_list":["post-52193","post","type-post","status-publish","format-standard","has-post-thumbnail","hentry","category-regional"],"jetpack_featured_media_url":"https:\/\/radiorevelacionfm.cl\/wp-content\/uploads\/2025\/04\/54427140077_8cb80ebbe0_c-1-1.jpg","_links":{"self":[{"href":"https:\/\/radiorevelacionfm.cl\/index.php?rest_route=\/wp\/v2\/posts\/52193","targetHints":{"allow":["GET"]}}],"collection":[{"href":"https:\/\/radiorevelacionfm.cl\/index.php?rest_route=\/wp\/v2\/posts"}],"about":[{"href":"https:\/\/radiorevelacionfm.cl\/index.php?rest_route=\/wp\/v2\/types\/post"}],"author":[{"embeddable":true,"href":"https:\/\/radiorevelacionfm.cl\/index.php?rest_route=\/wp\/v2\/users\/1"}],"replies":[{"embeddable":true,"href":"https:\/\/radiorevelacionfm.cl\/index.php?rest_route=%2Fwp%2Fv2%2Fcomments&post=52193"}],"version-history":[{"count":3,"href":"https:\/\/radiorevelacionfm.cl\/index.php?rest_route=\/wp\/v2\/posts\/52193\/revisions"}],"predecessor-version":[{"id":52196,"href":"https:\/\/radiorevelacionfm.cl\/index.php?rest_route=\/wp\/v2\/posts\/52193\/revisions\/52196"}],"wp:featuredmedia":[{"embeddable":true,"href":"https:\/\/radiorevelacionfm.cl\/index.php?rest_route=\/wp\/v2\/media\/52194"}],"wp:attachment":[{"href":"https:\/\/radiorevelacionfm.cl\/index.php?rest_route=%2Fwp%2Fv2%2Fmedia&parent=52193"}],"wp:term":[{"taxonomy":"category","embeddable":true,"href":"https:\/\/radiorevelacionfm.cl\/index.php?rest_route=%2Fwp%2Fv2%2Fcategories&post=52193"},{"taxonomy":"post_tag","embeddable":true,"href":"https:\/\/radiorevelacionfm.cl\/index.php?rest_route=%2Fwp%2Fv2%2Ftags&post=52193"}],"curies":[{"name":"wp","href":"https:\/\/api.w.org\/{rel}","templated":true}]}}