{"id":5219,"date":"2021-06-13T21:39:02","date_gmt":"2021-06-14T00:39:02","guid":{"rendered":"https:\/\/radiorevelacionfm.cl\/?p=5219"},"modified":"2021-06-13T21:39:02","modified_gmt":"2021-06-14T00:39:02","slug":"sernameg-inicia-escuela-mujer-emprende-2021","status":"publish","type":"post","link":"https:\/\/radiorevelacionfm.cl\/?p=5219","title":{"rendered":"SernamEG inicia Escuela Mujer Emprende 2021"},"content":{"rendered":"<div class=\"flex_column av_one_full  flex_column_div av-zero-column-padding first  avia-builder-el-0  el_before_av_one_full  avia-builder-el-first  \" style='border-radius:0px; '><div  class='avia-image-container  av-styling-    avia-builder-el-1  avia-builder-el-no-sibling  avia-align-center '  itemprop=\"image\" itemscope=\"itemscope\" itemtype=\"https:\/\/schema.org\/ImageObject\"  ><div class='avia-image-container-inner'><div class='avia-image-overlay-wrap'><img decoding=\"async\" class='wp-image-5220 avia-img-lazy-loading-not-5220 avia_image' src=\"https:\/\/radiorevelacionfm.cl\/wp-content\/uploads\/2021\/06\/Escuela-Mujer-Emprende-SernamEG-1-1-1.jpg\" alt='' title='Escuela Mujer Emprende SernamEG (1) (1) (1)' height=\"600\" width=\"1381\"  itemprop=\"thumbnailUrl\" srcset=\"https:\/\/radiorevelacionfm.cl\/wp-content\/uploads\/2021\/06\/Escuela-Mujer-Emprende-SernamEG-1-1-1.jpg 1381w, https:\/\/radiorevelacionfm.cl\/wp-content\/uploads\/2021\/06\/Escuela-Mujer-Emprende-SernamEG-1-1-1-300x130.jpg 300w, https:\/\/radiorevelacionfm.cl\/wp-content\/uploads\/2021\/06\/Escuela-Mujer-Emprende-SernamEG-1-1-1-1030x448.jpg 1030w, https:\/\/radiorevelacionfm.cl\/wp-content\/uploads\/2021\/06\/Escuela-Mujer-Emprende-SernamEG-1-1-1-768x334.jpg 768w, https:\/\/radiorevelacionfm.cl\/wp-content\/uploads\/2021\/06\/Escuela-Mujer-Emprende-SernamEG-1-1-1-705x306.jpg 705w, https:\/\/radiorevelacionfm.cl\/wp-content\/uploads\/2021\/06\/Escuela-Mujer-Emprende-SernamEG-1-1-1-600x261.jpg 600w\" sizes=\"(max-width: 1381px) 100vw, 1381px\" \/><\/div><\/div><\/div><\/div><div class=\"flex_column av_one_full  flex_column_div av-zero-column-padding first  avia-builder-el-2  el_after_av_one_full  el_before_av_one_full  column-top-margin\" style='border-radius:0px; '><section class=\"av_textblock_section \"  itemscope=\"itemscope\" itemtype=\"https:\/\/schema.org\/BlogPosting\" itemprop=\"blogPost\" ><div class='avia_textblock  '   itemprop=\"text\" ><p style=\"text-align: center;\"><strong><span style=\"font-size: 18pt;\">SernamEG inicia Escuela Mujer Emprende 2021<\/span><\/strong><\/p>\n<div id=\"gtx-trans\" style=\"position: absolute; left: -50px; top: 4.31534px;\">\n<div class=\"gtx-trans-icon\"><\/div>\n<\/div>\n<\/div><\/section><\/div><div class=\"flex_column av_one_full  flex_column_div av-zero-column-padding first  avia-builder-el-4  el_after_av_one_full  el_before_av_hr  column-top-margin\" style='border-radius:0px; '><section class=\"av_textblock_section \"  itemscope=\"itemscope\" itemtype=\"https:\/\/schema.org\/BlogPosting\" itemprop=\"blogPost\" ><div class='avia_textblock  '   itemprop=\"text\" ><p style=\"font-weight: 400; text-align: justify;\">Mujeres de Las Guaitecas, R\u00edo Ib\u00e1\u00f1ez, Murta, Cochrane, Puerto Guadal, Chile Chico, Puerto Cisnes, Puerto Ays\u00e9n y Coyhaique participaron del lanzamiento de la Escuela Mujer Emprende, del Servicio Nacional de la Mujer y la Equidad de G\u00e9nero. Iniciativa ejecutada por la Corporaci\u00f3n Sim\u00f3n de Cirene y que busca otorgar herramientas t\u00e9cnicas y de gesti\u00f3n para emprendedoras, a fin de fortalecer sus competencias y habilidades; potenciando el crecimiento, viabilidad y sostenibilidad de sus negocios. Asimismo, posibilita el acceso a espacios de formaci\u00f3n para generar comercializaci\u00f3n.<\/p>\n<p style=\"font-weight: 400; text-align: justify;\">En la ceremonia virtual de bienvenida, la Seremi de la Mujer y Equidad de G\u00e9nero, B\u00e1rbara Ort\u00fazar Candia, dijo: \u201cesta es una buena instancia donde pueden seguir desarrollando sus habilidades, el c\u00f3mo poder digitalizar y publicitar de mejor manera sus emprendimientos, porque ser emprendedora es muy dif\u00edcil, m\u00e1s por ejemplo en una regi\u00f3n como la nuestra que queda lejos de todo, en donde poder capacitarse es m\u00e1s complejo; ya sea por los insumos o materiales. As\u00ed que las llamo a que lo aprovechen y puedan seguir fortaleciendo sus negocios. Sabemos que esto es importante para el desarrollo personal y tambi\u00e9n econ\u00f3mico para sus familias\u201d.<\/p>\n<p style=\"font-weight: 400; text-align: justify;\">El objetivo de la Escuela Mujer Emprende es la profesionalizaci\u00f3n de los emprendimientos, consolidando y profundizando conocimientos a trav\u00e9s del empoderamiento personal y relacional; abordando las brechas y las barreras de g\u00e9nero que afectan la sostenibilidad y desarrollo de los emprendimientos femeninos.<\/p>\n<p style=\"font-weight: 400; text-align: justify;\">La Directora Regional de SernamEG, Elizabeth Guti\u00e9rrez Eggers, se refiri\u00f3 al significado del emprendimiento para las mujeres, explicando que \u201cal revisar la literatura sobre este tema, una se puede dar cuenta que las y los emprendedoras\/es son personas so\u00f1adoras y que aman aquello que hacen. Emprender no s\u00f3lo significa visualizar un emprendimiento o tener una idea de negocio para obtener recursos econ\u00f3micos, sino que es una forma de vida. Entonces, la tarea es mucho m\u00e1s relevante, porque trabajamos con y para personas. Es importante mencionar que las mujeres la llevan en esta \u00e1rea, \u00a0porque representan el 60% de los microemprendimientos en Chile, as\u00ed que las insto para avanzar a otros niveles de desarrollo y a utilizar las herramientas que les entrega la Escuela Mujer Emprende para que puedan construir la mejor versi\u00f3n de ustedes como emprendedoras\u201d.<\/p>\n<p style=\"font-weight: 400; text-align: justify;\">La Escuela Mujer Emprende se viene desarrollando desde hace varios a\u00f1os y anualmente se capacitan entre 40 a 60 mujeres en la regi\u00f3n de Ays\u00e9n. En la ceremonia de bienvenida la ex &#8211;\u00a0\u00a0 participante, Judith Verdugo Maldonado, entreg\u00f3 su testimonio. \u201cTres a\u00f1os he participado en la Escuela, todas esas experiencias fueron diferentes y aprend\u00ed mucho, por ejemplo, a sacar costos, vender mis productos y hacer el dise\u00f1o de mis tarjetas. Tambi\u00e9n, particip\u00e9 en encuentros de mujeres en Puerto Ib\u00e1\u00f1ez y Puerto Chacabuco. Asimismo, he obtenido varios logros, porque con la pandemia en un principio me cost\u00f3 con el tema de las redes sociales y con la Escuela pude aprender marketing digital. As\u00ed que quiero incentivar a las mujeres a que sigan especializando, porque en un emprendimiento, no es s\u00f3lo el trabajo que una hace y vende; sino que se necesita aprender sobre administraci\u00f3n y c\u00f3mo llegar a obtener m\u00e1s clientes\u201d, precis\u00f3.<\/p>\n<p style=\"font-weight: 400; text-align: justify;\">Este 2021 en la Escuela Mujer Emprende participan 60 personas, quienes cumplir\u00e1n su ciclo de aprendizaje en noviembre. Consta de cursos de marketing digital, gesti\u00f3n, proyectos y exportaci\u00f3n de productos; esta etapa finaliza en septiembre con un encuentro regional. En octubre y noviembre se contempla la realizaci\u00f3n de los denominados acompa\u00f1amientos personalizados que consisten en el apoyo a las participantes en la formulaci\u00f3n y organizaci\u00f3n de sus planes de negocios.<\/p>\n<\/div><\/section><\/div><div  style='height:50px' class='hr hr-invisible   avia-builder-el-6  el_after_av_one_full  el_before_av_social_share '><span class='hr-inner ' ><span class='hr-inner-style'><\/span><\/span><\/div><\/p>\n<div  class='av-social-sharing-box  avia-builder-el-7  el_after_av_hr  el_before_av_hr  '><div class='av-share-box'><h5 class='av-share-link-description av-no-toc '>Compartir esta noticia<\/h5><ul class='av-share-box-list noLightbox'><li class='av-share-link av-social-link-facebook' ><a target=\"_blank\" aria-label=\"Compartir en Facebook\" href='https:\/\/www.facebook.com\/sharer.php?u=https:\/\/radiorevelacionfm.cl\/?p=5219&#038;t=SernamEG%20inicia%20Escuela%20Mujer%20Emprende%202021' aria-hidden='false' data-av_icon='\ue8f3' data-av_iconfont='entypo-fontello' title='' data-avia-related-tooltip='Compartir en Facebook' rel=\"noopener\"><span class='avia_hidden_link_text'>Compartir en Facebook<\/span><\/a><\/li><li class='av-share-link av-social-link-twitter' ><a target=\"_blank\" aria-label=\"Compartir en Twitter\" href='https:\/\/twitter.com\/share?text=SernamEG%20inicia%20Escuela%20Mujer%20Emprende%202021&#038;url=https:\/\/radiorevelacionfm.cl\/?p=5219' aria-hidden='false' data-av_icon='\ue8f1' data-av_iconfont='entypo-fontello' title='' data-avia-related-tooltip='Compartir en Twitter' rel=\"noopener\"><span class='avia_hidden_link_text'>Compartir en Twitter<\/span><\/a><\/li><li class='av-share-link av-social-link-whatsapp' ><a target=\"_blank\" aria-label=\"Compartir en Whatsapp\" href='https:\/\/api.whatsapp.com\/send?text=https:\/\/radiorevelacionfm.cl\/?p=5219' aria-hidden='false' data-av_icon='\uf232' data-av_iconfont='entypo-fontello' title='' data-avia-related-tooltip='Compartir en Whatsapp' rel=\"noopener\"><span class='avia_hidden_link_text'>Compartir en Whatsapp<\/span><\/a><\/li><li class='av-share-link av-social-link-linkedin' ><a target=\"_blank\" aria-label=\"Compartir en LinkedIn\" href='https:\/\/linkedin.com\/shareArticle?mini=true&#038;title=SernamEG%20inicia%20Escuela%20Mujer%20Emprende%202021&#038;url=https:\/\/radiorevelacionfm.cl\/?p=5219' aria-hidden='false' data-av_icon='\ue8fc' data-av_iconfont='entypo-fontello' title='' data-avia-related-tooltip='Compartir en LinkedIn' rel=\"noopener\"><span class='avia_hidden_link_text'>Compartir en LinkedIn<\/span><\/a><\/li><li class='av-share-link av-social-link-mail' ><a  aria-label=\"Compartir por correo\" href='mailto:?subject=SernamEG%20inicia%20Escuela%20Mujer%20Emprende%202021&#038;body=https:\/\/radiorevelacionfm.cl\/?p=5219' aria-hidden='false' data-av_icon='\ue805' data-av_iconfont='entypo-fontello' title='' data-avia-related-tooltip='Compartir por correo'><span class='avia_hidden_link_text'>Compartir por correo<\/span><\/a><\/li><\/ul><\/div><\/div>\n<div  style='height:50px' class='hr hr-invisible   avia-builder-el-8  el_after_av_social_share  el_before_av_comments_list '><span class='hr-inner ' ><span class='hr-inner-style'><\/span><\/span><\/div>\n<div  class='av-buildercomment  av-blog-meta-html-info-disabled av-blog-meta-tag-disabled  '><\/div>\n","protected":false},"excerpt":{"rendered":"","protected":false},"author":1,"featured_media":5220,"comment_status":"open","ping_status":"open","sticky":false,"template":"","format":"standard","meta":{"footnotes":""},"categories":[38],"tags":[],"class_list":["post-5219","post","type-post","status-publish","format-standard","has-post-thumbnail","hentry","category-regional"],"jetpack_featured_media_url":"https:\/\/radiorevelacionfm.cl\/wp-content\/uploads\/2021\/06\/Escuela-Mujer-Emprende-SernamEG-1-1-1.jpg","_links":{"self":[{"href":"https:\/\/radiorevelacionfm.cl\/index.php?rest_route=\/wp\/v2\/posts\/5219","targetHints":{"allow":["GET"]}}],"collection":[{"href":"https:\/\/radiorevelacionfm.cl\/index.php?rest_route=\/wp\/v2\/posts"}],"about":[{"href":"https:\/\/radiorevelacionfm.cl\/index.php?rest_route=\/wp\/v2\/types\/post"}],"author":[{"embeddable":true,"href":"https:\/\/radiorevelacionfm.cl\/index.php?rest_route=\/wp\/v2\/users\/1"}],"replies":[{"embeddable":true,"href":"https:\/\/radiorevelacionfm.cl\/index.php?rest_route=%2Fwp%2Fv2%2Fcomments&post=5219"}],"version-history":[{"count":1,"href":"https:\/\/radiorevelacionfm.cl\/index.php?rest_route=\/wp\/v2\/posts\/5219\/revisions"}],"predecessor-version":[{"id":5221,"href":"https:\/\/radiorevelacionfm.cl\/index.php?rest_route=\/wp\/v2\/posts\/5219\/revisions\/5221"}],"wp:featuredmedia":[{"embeddable":true,"href":"https:\/\/radiorevelacionfm.cl\/index.php?rest_route=\/wp\/v2\/media\/5220"}],"wp:attachment":[{"href":"https:\/\/radiorevelacionfm.cl\/index.php?rest_route=%2Fwp%2Fv2%2Fmedia&parent=5219"}],"wp:term":[{"taxonomy":"category","embeddable":true,"href":"https:\/\/radiorevelacionfm.cl\/index.php?rest_route=%2Fwp%2Fv2%2Fcategories&post=5219"},{"taxonomy":"post_tag","embeddable":true,"href":"https:\/\/radiorevelacionfm.cl\/index.php?rest_route=%2Fwp%2Fv2%2Ftags&post=5219"}],"curies":[{"name":"wp","href":"https:\/\/api.w.org\/{rel}","templated":true}]}}