{"id":52186,"date":"2025-04-04T10:19:43","date_gmt":"2025-04-04T13:19:43","guid":{"rendered":"https:\/\/radiorevelacionfm.cl\/?p=52186"},"modified":"2025-04-04T10:19:43","modified_gmt":"2025-04-04T13:19:43","slug":"sandoval-tras-reunirse-con-directivos-de-emporcha-a-traves-de-puerto-chacabuco-se-realiza-gran-parte-del-cabotaje-de-la-region-y-es-un-indicador-super-preciso-de-que-esta-pasando-en-aysen-l","status":"publish","type":"post","link":"https:\/\/radiorevelacionfm.cl\/?p=52186","title":{"rendered":"Sandoval tras reunirse con directivos de EMPORCHA: \u201cA trav\u00e9s de Puerto Chacabuco se realiza gran parte del cabotaje de la regi\u00f3n y es un indicador s\u00faper preciso de qu\u00e9 est\u00e1 pasando en Ays\u00e9n, lo que evidentemente nos preocupa\u201d"},"content":{"rendered":"<div class=\"flex_column av_one_full  flex_column_div av-zero-column-padding first  avia-builder-el-0  el_before_av_one_full  avia-builder-el-first  \" style='border-radius:0px; '><div  class='avia-image-container  av-styling-    avia-builder-el-1  avia-builder-el-no-sibling  avia-align-center '  itemprop=\"image\" itemscope=\"itemscope\" itemtype=\"https:\/\/schema.org\/ImageObject\"  ><div class='avia-image-container-inner'><div class='avia-image-overlay-wrap'><img decoding=\"async\" class='wp-image-52187 avia-img-lazy-loading-not-52187 avia_image' src=\"https:\/\/radiorevelacionfm.cl\/wp-content\/uploads\/2025\/04\/IMG_6779-1-1.jpg\" alt='' title='IMG_6779 (1) (1)' height=\"600\" width=\"900\"  itemprop=\"thumbnailUrl\" srcset=\"https:\/\/radiorevelacionfm.cl\/wp-content\/uploads\/2025\/04\/IMG_6779-1-1.jpg 900w, https:\/\/radiorevelacionfm.cl\/wp-content\/uploads\/2025\/04\/IMG_6779-1-1-300x200.jpg 300w, https:\/\/radiorevelacionfm.cl\/wp-content\/uploads\/2025\/04\/IMG_6779-1-1-768x512.jpg 768w, https:\/\/radiorevelacionfm.cl\/wp-content\/uploads\/2025\/04\/IMG_6779-1-1-705x470.jpg 705w, https:\/\/radiorevelacionfm.cl\/wp-content\/uploads\/2025\/04\/IMG_6779-1-1-450x300.jpg 450w, https:\/\/radiorevelacionfm.cl\/wp-content\/uploads\/2025\/04\/IMG_6779-1-1-600x400.jpg 600w\" sizes=\"(max-width: 900px) 100vw, 900px\" \/><\/div><\/div><\/div><\/div><div class=\"flex_column av_one_full  flex_column_div av-zero-column-padding first  avia-builder-el-2  el_after_av_one_full  el_before_av_one_full  column-top-margin\" style='border-radius:0px; '><section class=\"av_textblock_section \"  itemscope=\"itemscope\" itemtype=\"https:\/\/schema.org\/BlogPosting\" itemprop=\"blogPost\" ><div class='avia_textblock  '   itemprop=\"text\" ><p style=\"text-align: center;\"><strong><span style=\"font-size: 18pt;\">Sandoval tras reunirse con directivos de EMPORCHA: \u201cA trav\u00e9s de Puerto Chacabuco se realiza gran parte del cabotaje de la regi\u00f3n y es un indicador s\u00faper preciso de qu\u00e9 est\u00e1 pasando en Ays\u00e9n, lo que evidentemente nos preocupa\u201d<\/span><\/strong><\/p>\n<div id=\"gtx-trans\" style=\"position: absolute; left: -50px; top: 4.31534px;\">\n<div class=\"gtx-trans-icon\"><\/div>\n<\/div>\n<\/div><\/section><\/div><div class=\"flex_column av_one_full  flex_column_div av-zero-column-padding first  avia-builder-el-4  el_after_av_one_full  el_before_av_hr  column-top-margin\" style='border-radius:0px; '><section class=\"av_textblock_section \"  itemscope=\"itemscope\" itemtype=\"https:\/\/schema.org\/BlogPosting\" itemprop=\"blogPost\" ><div class='avia_textblock  '   itemprop=\"text\" ><p style=\"text-align: justify;\">\u201cA trav\u00e9s de Puerto Chacabuco se realiza gran parte del cabotaje de nuestra regi\u00f3n y por lo tanto es un indicador s\u00faper preciso de qu\u00e9 est\u00e1 pasando en Ays\u00e9n y evidentemente nos preocupa\u201d. As\u00ed lo se\u00f1al\u00f3 el senador David Sandoval luego de reunirse en los \u00faltimos d\u00edas con el presidente del directorio de EMPORCHA, Enrique Runin, y el gerente general de la entidad, Felipe Candia.<\/p>\n<p style=\"text-align: justify;\">Al respecto, el parlamentario, destac\u00f3 que el puerto \u201ces un punto estrat\u00e9gico\u201d y por lo mismo \u201cnos preocupa c\u00f3mo mejoramos el mecanismo de generar las actividades que la zona necesita\u201d, enfatizando que \u201cno se est\u00e1 creciendo como queremos\u201d.<\/p>\n<p style=\"text-align: justify;\">Para Sandoval, en la regi\u00f3n existe un tremendo potencial \u201cy como bien dec\u00eda el ministro (de Hacienda) Mario Marcel, hasta cuando la regi\u00f3n de Ays\u00e9n va a ser potencial y cuando las cosas van a ser de ahora\u201d.<\/p>\n<p style=\"text-align: justify;\">Y en eso, agreg\u00f3, es absolutamente trascendente lo que est\u00e1 pensando EMPORCHA en materia de infraestructura y desarrollo. \u201cY por cierto, es una gran alerta que nosotros debemos estar muy atentos para ver c\u00f3mo se va a manejar esta situaci\u00f3n en materia del desarrollo, del crecimiento, de la inversi\u00f3n y al final de cuentas, del empleo en nuestra regi\u00f3n\u201d, puntualiz\u00f3.<\/p>\n<p style=\"text-align: justify;\">Por su parte, el presidente del directorio de EMPORCHA, Enrique Run\u00edn, dijo coincidir respecto a la importancia de trabajar en forma unida y coordinada con los distintos entes y autoridades, por el desarrollo de la regi\u00f3n. \u201cSi trabajamos unidos podemos hacer grandes cosas\u201d, se\u00f1al\u00f3, agregando que la idea es \u201cpoder aportar con lo que cada uno sabe\u201d, en funci\u00f3n de dicho objetivo.<\/p>\n<p style=\"text-align: justify;\">Adem\u00e1s, enfatiz\u00f3 que \u201cen la medida que el puerto est\u00e9 funcionando y ponga a disposici\u00f3n los muelles, la infraestructura, las bodegas, la explanada, y eso funcione bien, el sector productivo va a poder efectuar sus negocios y toda su actividad en forma normal\u201d.<\/p>\n<p style=\"text-align: justify;\">Finalmente, el directivo recalc\u00f3 que est\u00e1n comprometidos por el desarrollo de Ays\u00e9n \u201cy en eso tenemos total coincidencia con el senador\u201d, agradeciendo la visita del parlamentario.<\/p>\n<\/div><\/section><\/div><div  style='height:50px' class='hr hr-invisible   avia-builder-el-6  el_after_av_one_full  el_before_av_social_share '><span class='hr-inner ' ><span class='hr-inner-style'><\/span><\/span><\/div><\/p>\n<div  class='av-social-sharing-box  avia-builder-el-7  el_after_av_hr  el_before_av_hr  '><div class='av-share-box'><h5 class='av-share-link-description av-no-toc '>Compartir esta noticia<\/h5><ul class='av-share-box-list noLightbox'><li class='av-share-link av-social-link-facebook' ><a target=\"_blank\" aria-label=\"Compartir en Facebook\" href='https:\/\/www.facebook.com\/sharer.php?u=https:\/\/radiorevelacionfm.cl\/?p=52186&#038;t=Sandoval%20tras%20reunirse%20con%20directivos%20de%20EMPORCHA%3A%20%E2%80%9CA%20trav%C3%A9s%20de%20Puerto%20Chacabuco%20se%20realiza%20gran%20parte%20del%20cabotaje%20de%20la%20regi%C3%B3n%20y%20es%20un%20indicador%20s%C3%BAper%20preciso%20de%20qu%C3%A9%20est%C3%A1%20pasando%20en%20Ays%C3%A9n%2C%20lo%20que%20evidentemente%20nos%20preocupa%E2%80%9D' aria-hidden='false' data-av_icon='\ue8f3' data-av_iconfont='entypo-fontello' title='' data-avia-related-tooltip='Compartir en Facebook' rel=\"noopener\"><span class='avia_hidden_link_text'>Compartir en Facebook<\/span><\/a><\/li><li class='av-share-link av-social-link-twitter' ><a target=\"_blank\" aria-label=\"Compartir en Twitter\" href='https:\/\/twitter.com\/share?text=Sandoval%20tras%20reunirse%20con%20directivos%20de%20EMPORCHA%3A%20%E2%80%9CA%20trav%C3%A9s%20de%20Puerto%20Chacabuco%20se%20realiza%20gran%20parte%20del%20cabotaje%20de%20la%20regi%C3%B3n%20y%20es%20un%20indicador%20s%C3%BAper%20preciso%20de%20qu%C3%A9%20est%C3%A1%20pasando%20en%20Ays%C3%A9n%2C%20lo%20que%20evidentemente%20nos%20preocupa%E2%80%9D&#038;url=https:\/\/radiorevelacionfm.cl\/?p=52186' aria-hidden='false' data-av_icon='\ue8f1' data-av_iconfont='entypo-fontello' title='' data-avia-related-tooltip='Compartir en Twitter' rel=\"noopener\"><span class='avia_hidden_link_text'>Compartir en Twitter<\/span><\/a><\/li><li class='av-share-link av-social-link-whatsapp' ><a target=\"_blank\" aria-label=\"Compartir en Whatsapp\" href='https:\/\/api.whatsapp.com\/send?text=https:\/\/radiorevelacionfm.cl\/?p=52186' aria-hidden='false' data-av_icon='\uf232' data-av_iconfont='entypo-fontello' title='' data-avia-related-tooltip='Compartir en Whatsapp' rel=\"noopener\"><span class='avia_hidden_link_text'>Compartir en Whatsapp<\/span><\/a><\/li><li class='av-share-link av-social-link-linkedin' ><a target=\"_blank\" aria-label=\"Compartir en LinkedIn\" href='https:\/\/linkedin.com\/shareArticle?mini=true&#038;title=Sandoval%20tras%20reunirse%20con%20directivos%20de%20EMPORCHA%3A%20%E2%80%9CA%20trav%C3%A9s%20de%20Puerto%20Chacabuco%20se%20realiza%20gran%20parte%20del%20cabotaje%20de%20la%20regi%C3%B3n%20y%20es%20un%20indicador%20s%C3%BAper%20preciso%20de%20qu%C3%A9%20est%C3%A1%20pasando%20en%20Ays%C3%A9n%2C%20lo%20que%20evidentemente%20nos%20preocupa%E2%80%9D&#038;url=https:\/\/radiorevelacionfm.cl\/?p=52186' aria-hidden='false' data-av_icon='\ue8fc' data-av_iconfont='entypo-fontello' title='' data-avia-related-tooltip='Compartir en LinkedIn' rel=\"noopener\"><span class='avia_hidden_link_text'>Compartir en LinkedIn<\/span><\/a><\/li><li class='av-share-link av-social-link-mail' ><a  aria-label=\"Compartir por correo\" href='mailto:?subject=Sandoval%20tras%20reunirse%20con%20directivos%20de%20EMPORCHA%3A%20%E2%80%9CA%20trav%C3%A9s%20de%20Puerto%20Chacabuco%20se%20realiza%20gran%20parte%20del%20cabotaje%20de%20la%20regi%C3%B3n%20y%20es%20un%20indicador%20s%C3%BAper%20preciso%20de%20qu%C3%A9%20est%C3%A1%20pasando%20en%20Ays%C3%A9n%2C%20lo%20que%20evidentemente%20nos%20preocupa%E2%80%9D&#038;body=https:\/\/radiorevelacionfm.cl\/?p=52186' aria-hidden='false' data-av_icon='\ue805' data-av_iconfont='entypo-fontello' title='' data-avia-related-tooltip='Compartir por correo'><span class='avia_hidden_link_text'>Compartir por correo<\/span><\/a><\/li><\/ul><\/div><\/div>\n<div  style='height:50px' class='hr hr-invisible   avia-builder-el-8  el_after_av_social_share  el_before_av_comments_list '><span class='hr-inner ' ><span class='hr-inner-style'><\/span><\/span><\/div>\n<div  class='av-buildercomment  av-blog-meta-html-info-disabled av-blog-meta-tag-disabled  '><\/div>\n","protected":false},"excerpt":{"rendered":"","protected":false},"author":1,"featured_media":52187,"comment_status":"closed","ping_status":"closed","sticky":false,"template":"","format":"standard","meta":{"footnotes":""},"categories":[35],"tags":[],"class_list":["post-52186","post","type-post","status-publish","format-standard","has-post-thumbnail","hentry","category-politica"],"jetpack_featured_media_url":"https:\/\/radiorevelacionfm.cl\/wp-content\/uploads\/2025\/04\/IMG_6779-1-1.jpg","_links":{"self":[{"href":"https:\/\/radiorevelacionfm.cl\/index.php?rest_route=\/wp\/v2\/posts\/52186","targetHints":{"allow":["GET"]}}],"collection":[{"href":"https:\/\/radiorevelacionfm.cl\/index.php?rest_route=\/wp\/v2\/posts"}],"about":[{"href":"https:\/\/radiorevelacionfm.cl\/index.php?rest_route=\/wp\/v2\/types\/post"}],"author":[{"embeddable":true,"href":"https:\/\/radiorevelacionfm.cl\/index.php?rest_route=\/wp\/v2\/users\/1"}],"replies":[{"embeddable":true,"href":"https:\/\/radiorevelacionfm.cl\/index.php?rest_route=%2Fwp%2Fv2%2Fcomments&post=52186"}],"version-history":[{"count":2,"href":"https:\/\/radiorevelacionfm.cl\/index.php?rest_route=\/wp\/v2\/posts\/52186\/revisions"}],"predecessor-version":[{"id":52192,"href":"https:\/\/radiorevelacionfm.cl\/index.php?rest_route=\/wp\/v2\/posts\/52186\/revisions\/52192"}],"wp:featuredmedia":[{"embeddable":true,"href":"https:\/\/radiorevelacionfm.cl\/index.php?rest_route=\/wp\/v2\/media\/52187"}],"wp:attachment":[{"href":"https:\/\/radiorevelacionfm.cl\/index.php?rest_route=%2Fwp%2Fv2%2Fmedia&parent=52186"}],"wp:term":[{"taxonomy":"category","embeddable":true,"href":"https:\/\/radiorevelacionfm.cl\/index.php?rest_route=%2Fwp%2Fv2%2Fcategories&post=52186"},{"taxonomy":"post_tag","embeddable":true,"href":"https:\/\/radiorevelacionfm.cl\/index.php?rest_route=%2Fwp%2Fv2%2Ftags&post=52186"}],"curies":[{"name":"wp","href":"https:\/\/api.w.org\/{rel}","templated":true}]}}