{"id":52181,"date":"2025-04-05T12:25:50","date_gmt":"2025-04-05T15:25:50","guid":{"rendered":"https:\/\/radiorevelacionfm.cl\/?p=52181"},"modified":"2025-04-05T12:25:50","modified_gmt":"2025-04-05T15:25:50","slug":"se-extiende-convocatoria-hasta-el-13-de-abril-para-postular-al-programa-desafio-resiliencia-climatica-ii","status":"publish","type":"post","link":"https:\/\/radiorevelacionfm.cl\/?p=52181","title":{"rendered":"Se extiende convocatoria hasta el 13 de abril para postular al Programa Desaf\u00edo Resiliencia Clim\u00e1tica II"},"content":{"rendered":"<div class=\"flex_column av_one_full  flex_column_div av-zero-column-padding first  avia-builder-el-0  el_before_av_one_full  avia-builder-el-first  \" style='border-radius:0px; '><div  class='avia-image-container  av-styling-    avia-builder-el-1  avia-builder-el-no-sibling  avia-align-center '  itemprop=\"image\" itemscope=\"itemscope\" itemtype=\"https:\/\/schema.org\/ImageObject\"  ><div class='avia-image-container-inner'><div class='avia-image-overlay-wrap'><img decoding=\"async\" class='wp-image-52182 avia-img-lazy-loading-not-52182 avia_image' src=\"https:\/\/radiorevelacionfm.cl\/wp-content\/uploads\/2025\/04\/de-raiz-1_optimized.jpg\" alt='' title='de-ra\u00edz-(1)_optimized' height=\"600\" width=\"901\"  itemprop=\"thumbnailUrl\" srcset=\"https:\/\/radiorevelacionfm.cl\/wp-content\/uploads\/2025\/04\/de-raiz-1_optimized.jpg 901w, https:\/\/radiorevelacionfm.cl\/wp-content\/uploads\/2025\/04\/de-raiz-1_optimized-300x200.jpg 300w, https:\/\/radiorevelacionfm.cl\/wp-content\/uploads\/2025\/04\/de-raiz-1_optimized-768x511.jpg 768w, https:\/\/radiorevelacionfm.cl\/wp-content\/uploads\/2025\/04\/de-raiz-1_optimized-705x469.jpg 705w, https:\/\/radiorevelacionfm.cl\/wp-content\/uploads\/2025\/04\/de-raiz-1_optimized-450x300.jpg 450w, https:\/\/radiorevelacionfm.cl\/wp-content\/uploads\/2025\/04\/de-raiz-1_optimized-600x400.jpg 600w\" sizes=\"(max-width: 901px) 100vw, 901px\" \/><\/div><\/div><\/div><\/div><div class=\"flex_column av_one_full  flex_column_div av-zero-column-padding first  avia-builder-el-2  el_after_av_one_full  el_before_av_one_full  column-top-margin\" style='border-radius:0px; '><section class=\"av_textblock_section \"  itemscope=\"itemscope\" itemtype=\"https:\/\/schema.org\/BlogPosting\" itemprop=\"blogPost\" ><div class='avia_textblock  '   itemprop=\"text\" ><p style=\"text-align: center;\"><strong><span style=\"font-size: 18pt;\">Se extiende convocatoria hasta el 13 de abril para postular al Programa Desaf\u00edo Resiliencia Clim\u00e1tica II<\/span><\/strong><\/p>\n<div id=\"gtx-trans\" style=\"position: absolute; left: -50px; top: 4.31534px;\">\n<div class=\"gtx-trans-icon\"><\/div>\n<\/div>\n<\/div><\/section><\/div><div class=\"flex_column av_one_full  flex_column_div av-zero-column-padding first  avia-builder-el-4  el_after_av_one_full  el_before_av_hr  column-top-margin\" style='border-radius:0px; '><section class=\"av_textblock_section \"  itemscope=\"itemscope\" itemtype=\"https:\/\/schema.org\/BlogPosting\" itemprop=\"blogPost\" ><div class='avia_textblock  '   itemprop=\"text\" ><p style=\"text-align: justify;\"><em>Las empresas con alto potencial de crecimiento que buscan financiamiento para fortalecer su impacto tienen una nueva oportunidad, ya que IncubatecUFRO extendi\u00f3 la convocatoria al Programa Desaf\u00edo Resiliencia Clim\u00e1tica y su nuevo plazo m\u00e1ximo es hasta el 13 de abril. Las postulaciones pueden realizarse en <\/em><a href=\"http:\/\/www.incubatecufro.cl\/resilienciaclimatica\"><em>www.incubatecufro.cl\/resilienciaclimatica<\/em><\/a><em>\u00a0 <\/em><\/p>\n<p style=\"text-align: justify;\"><strong>El Desaf\u00edo Resiliencia Clim\u00e1tica II<\/strong>, Programa de Escalamiento Intermediado ejecutado por IncubatecUFRO y apoyado por Corfo, ampli\u00f3 su periodo de postulaciones para que m\u00e1s empresas puedan participar en el desarrollo de soluciones innovadoras para la adaptaci\u00f3n clim\u00e1tica y que se ubiquen <strong>entre las regiones de Valpara\u00edso y Magallanes. <\/strong><\/p>\n<p style=\"text-align: justify;\">Para participar, las empresas deben contar con un m\u00e1ximo de seis a\u00f1os de iniciaci\u00f3n de actividades, registrar ventas netas anuales de al menos $80 millones y desarrollar productos o servicios en \u00e1reas como gesti\u00f3n de recursos naturales, agricultura regenerativa y seguridad alimentaria, infraestructura resistente al clima, planificaci\u00f3n urbana y log\u00edstica, salud p\u00fablica y bienestar, y educaci\u00f3n y sensibilizaci\u00f3n en resiliencia clim\u00e1tica.<\/p>\n<p style=\"text-align: justify;\"><strong>El Desaf\u00edo Resiliencia Clim\u00e1tica II ofrece financiamiento de hasta $60 millones<\/strong>, cubriendo hasta el 70% del costo del proyecto. <strong>Adem\u00e1s, contempla un 10% adicional de cofinanciamiento para empresas lideradas por mujeres<\/strong>, asesor\u00eda especializada en expansi\u00f3n comercial y financiamiento privado, y acceso a redes de contacto y mentor\u00eda estrat\u00e9gica para fortalecer el modelo de negocio sostenible.<\/p>\n<p style=\"text-align: justify;\">Los interesados pueden obtener m\u00e1s informaci\u00f3n y postular <strong>hasta el domingo 13 de abril en <\/strong><a href=\"http:\/\/www.incubatecufro.cl\/resilienciaclimatica\"><strong>www.incubatecufro.cl\/resilienciaclimatica<\/strong><\/a><strong>.<\/strong> Para consultas, pueden escribir a <a href=\"mailto:proyectos@incubatecufro.cl\">proyectos@incubatecufro.cl<\/a><\/p>\n<\/div><\/section><\/div><div  style='height:50px' class='hr hr-invisible   avia-builder-el-6  el_after_av_one_full  el_before_av_social_share '><span class='hr-inner ' ><span class='hr-inner-style'><\/span><\/span><\/div><\/p>\n<div  class='av-social-sharing-box  avia-builder-el-7  el_after_av_hr  el_before_av_hr  '><div class='av-share-box'><h5 class='av-share-link-description av-no-toc '>Compartir esta noticia<\/h5><ul class='av-share-box-list noLightbox'><li class='av-share-link av-social-link-facebook' ><a target=\"_blank\" aria-label=\"Compartir en Facebook\" href='https:\/\/www.facebook.com\/sharer.php?u=https:\/\/radiorevelacionfm.cl\/?p=52181&#038;t=Se%20extiende%20convocatoria%20hasta%20el%2013%20de%20abril%20para%20postular%20al%20Programa%20Desaf%C3%ADo%20Resiliencia%20Clim%C3%A1tica%20II' aria-hidden='false' data-av_icon='\ue8f3' data-av_iconfont='entypo-fontello' title='' data-avia-related-tooltip='Compartir en Facebook' rel=\"noopener\"><span class='avia_hidden_link_text'>Compartir en Facebook<\/span><\/a><\/li><li class='av-share-link av-social-link-twitter' ><a target=\"_blank\" aria-label=\"Compartir en Twitter\" href='https:\/\/twitter.com\/share?text=Se%20extiende%20convocatoria%20hasta%20el%2013%20de%20abril%20para%20postular%20al%20Programa%20Desaf%C3%ADo%20Resiliencia%20Clim%C3%A1tica%20II&#038;url=https:\/\/radiorevelacionfm.cl\/?p=52181' aria-hidden='false' data-av_icon='\ue8f1' data-av_iconfont='entypo-fontello' title='' data-avia-related-tooltip='Compartir en Twitter' rel=\"noopener\"><span class='avia_hidden_link_text'>Compartir en Twitter<\/span><\/a><\/li><li class='av-share-link av-social-link-whatsapp' ><a target=\"_blank\" aria-label=\"Compartir en Whatsapp\" href='https:\/\/api.whatsapp.com\/send?text=https:\/\/radiorevelacionfm.cl\/?p=52181' aria-hidden='false' data-av_icon='\uf232' data-av_iconfont='entypo-fontello' title='' data-avia-related-tooltip='Compartir en Whatsapp' rel=\"noopener\"><span class='avia_hidden_link_text'>Compartir en Whatsapp<\/span><\/a><\/li><li class='av-share-link av-social-link-linkedin' ><a target=\"_blank\" aria-label=\"Compartir en LinkedIn\" href='https:\/\/linkedin.com\/shareArticle?mini=true&#038;title=Se%20extiende%20convocatoria%20hasta%20el%2013%20de%20abril%20para%20postular%20al%20Programa%20Desaf%C3%ADo%20Resiliencia%20Clim%C3%A1tica%20II&#038;url=https:\/\/radiorevelacionfm.cl\/?p=52181' aria-hidden='false' data-av_icon='\ue8fc' data-av_iconfont='entypo-fontello' title='' data-avia-related-tooltip='Compartir en LinkedIn' rel=\"noopener\"><span class='avia_hidden_link_text'>Compartir en LinkedIn<\/span><\/a><\/li><li class='av-share-link av-social-link-mail' ><a  aria-label=\"Compartir por correo\" href='mailto:?subject=Se%20extiende%20convocatoria%20hasta%20el%2013%20de%20abril%20para%20postular%20al%20Programa%20Desaf%C3%ADo%20Resiliencia%20Clim%C3%A1tica%20II&#038;body=https:\/\/radiorevelacionfm.cl\/?p=52181' aria-hidden='false' data-av_icon='\ue805' data-av_iconfont='entypo-fontello' title='' data-avia-related-tooltip='Compartir por correo'><span class='avia_hidden_link_text'>Compartir por correo<\/span><\/a><\/li><\/ul><\/div><\/div>\n<div  style='height:50px' class='hr hr-invisible   avia-builder-el-8  el_after_av_social_share  el_before_av_comments_list '><span class='hr-inner ' ><span class='hr-inner-style'><\/span><\/span><\/div>\n<div  class='av-buildercomment  av-blog-meta-html-info-disabled av-blog-meta-tag-disabled  '><\/div>\n","protected":false},"excerpt":{"rendered":"","protected":false},"author":1,"featured_media":52182,"comment_status":"closed","ping_status":"closed","sticky":false,"template":"","format":"standard","meta":{"footnotes":""},"categories":[61],"tags":[],"class_list":["post-52181","post","type-post","status-publish","format-standard","has-post-thumbnail","hentry","category-nacional"],"jetpack_featured_media_url":"https:\/\/radiorevelacionfm.cl\/wp-content\/uploads\/2025\/04\/de-raiz-1_optimized.jpg","_links":{"self":[{"href":"https:\/\/radiorevelacionfm.cl\/index.php?rest_route=\/wp\/v2\/posts\/52181","targetHints":{"allow":["GET"]}}],"collection":[{"href":"https:\/\/radiorevelacionfm.cl\/index.php?rest_route=\/wp\/v2\/posts"}],"about":[{"href":"https:\/\/radiorevelacionfm.cl\/index.php?rest_route=\/wp\/v2\/types\/post"}],"author":[{"embeddable":true,"href":"https:\/\/radiorevelacionfm.cl\/index.php?rest_route=\/wp\/v2\/users\/1"}],"replies":[{"embeddable":true,"href":"https:\/\/radiorevelacionfm.cl\/index.php?rest_route=%2Fwp%2Fv2%2Fcomments&post=52181"}],"version-history":[{"count":2,"href":"https:\/\/radiorevelacionfm.cl\/index.php?rest_route=\/wp\/v2\/posts\/52181\/revisions"}],"predecessor-version":[{"id":52241,"href":"https:\/\/radiorevelacionfm.cl\/index.php?rest_route=\/wp\/v2\/posts\/52181\/revisions\/52241"}],"wp:featuredmedia":[{"embeddable":true,"href":"https:\/\/radiorevelacionfm.cl\/index.php?rest_route=\/wp\/v2\/media\/52182"}],"wp:attachment":[{"href":"https:\/\/radiorevelacionfm.cl\/index.php?rest_route=%2Fwp%2Fv2%2Fmedia&parent=52181"}],"wp:term":[{"taxonomy":"category","embeddable":true,"href":"https:\/\/radiorevelacionfm.cl\/index.php?rest_route=%2Fwp%2Fv2%2Fcategories&post=52181"},{"taxonomy":"post_tag","embeddable":true,"href":"https:\/\/radiorevelacionfm.cl\/index.php?rest_route=%2Fwp%2Fv2%2Ftags&post=52181"}],"curies":[{"name":"wp","href":"https:\/\/api.w.org\/{rel}","templated":true}]}}