{"id":52178,"date":"2025-04-03T20:40:32","date_gmt":"2025-04-03T23:40:32","guid":{"rendered":"https:\/\/radiorevelacionfm.cl\/?p=52178"},"modified":"2025-04-03T20:40:32","modified_gmt":"2025-04-03T23:40:32","slug":"vicepresidente-elizalde-inicia-gira-por-la-region-de-aysen-y-destaca-inversiones-en-la-zona-que-mejoraran-la-infraestructura-para-el-turismo","status":"publish","type":"post","link":"https:\/\/radiorevelacionfm.cl\/?p=52178","title":{"rendered":"Vicepresidente Elizalde inicia gira por la Regi\u00f3n de Ays\u00e9n y destaca inversiones en la zona que mejorar\u00e1n la infraestructura para el turismo"},"content":{"rendered":"<div class=\"flex_column av_one_full  flex_column_div av-zero-column-padding first  avia-builder-el-0  el_before_av_one_full  avia-builder-el-first  \" style='border-radius:0px; '><div  class='avia-image-container  av-styling-    avia-builder-el-1  avia-builder-el-no-sibling  avia-align-center '  itemprop=\"image\" itemscope=\"itemscope\" itemtype=\"https:\/\/schema.org\/ImageObject\"  ><div class='avia-image-container-inner'><div class='avia-image-overlay-wrap'><img decoding=\"async\" class='wp-image-52179 avia-img-lazy-loading-not-52179 avia_image' src=\"https:\/\/radiorevelacionfm.cl\/wp-content\/uploads\/2025\/04\/MOP-TURISMO-CONVENIO-1-1-1.jpeg\" alt='' title='MOP TURISMO CONVENIO 1 (1) (1)' height=\"600\" width=\"901\"  itemprop=\"thumbnailUrl\" srcset=\"https:\/\/radiorevelacionfm.cl\/wp-content\/uploads\/2025\/04\/MOP-TURISMO-CONVENIO-1-1-1.jpeg 901w, https:\/\/radiorevelacionfm.cl\/wp-content\/uploads\/2025\/04\/MOP-TURISMO-CONVENIO-1-1-1-300x200.jpeg 300w, https:\/\/radiorevelacionfm.cl\/wp-content\/uploads\/2025\/04\/MOP-TURISMO-CONVENIO-1-1-1-768x511.jpeg 768w, https:\/\/radiorevelacionfm.cl\/wp-content\/uploads\/2025\/04\/MOP-TURISMO-CONVENIO-1-1-1-705x469.jpeg 705w, https:\/\/radiorevelacionfm.cl\/wp-content\/uploads\/2025\/04\/MOP-TURISMO-CONVENIO-1-1-1-450x300.jpeg 450w, https:\/\/radiorevelacionfm.cl\/wp-content\/uploads\/2025\/04\/MOP-TURISMO-CONVENIO-1-1-1-600x400.jpeg 600w\" sizes=\"(max-width: 901px) 100vw, 901px\" \/><\/div><\/div><\/div><\/div><div class=\"flex_column av_one_full  flex_column_div av-zero-column-padding first  avia-builder-el-2  el_after_av_one_full  el_before_av_one_full  column-top-margin\" style='border-radius:0px; '><section class=\"av_textblock_section \"  itemscope=\"itemscope\" itemtype=\"https:\/\/schema.org\/BlogPosting\" itemprop=\"blogPost\" ><div class='avia_textblock  '   itemprop=\"text\" ><p style=\"text-align: center;\"><strong><span style=\"font-size: 18pt;\">Vicepresidente Elizalde inicia gira por la Regi\u00f3n de Ays\u00e9n y destaca inversiones en la zona que mejorar\u00e1n la infraestructura para el turismo<\/span><\/strong><\/p>\n<div id=\"gtx-trans\" style=\"position: absolute; left: -50px; top: 4.31534px;\">\n<div class=\"gtx-trans-icon\"><\/div>\n<\/div>\n<\/div><\/section><\/div><div class=\"flex_column av_one_full  flex_column_div av-zero-column-padding first  avia-builder-el-4  el_after_av_one_full  el_before_av_hr  column-top-margin\" style='border-radius:0px; '><section class=\"av_textblock_section \"  itemscope=\"itemscope\" itemtype=\"https:\/\/schema.org\/BlogPosting\" itemprop=\"blogPost\" ><div class='avia_textblock  '   itemprop=\"text\" ><p style=\"text-align: justify;\">El Vicepresidente de la Rep\u00fablica, \u00c1lvaro Elizalde, inici\u00f3 una gira de dos d\u00edas por la Regi\u00f3n de Ays\u00e9n, con una visita al Complejo Fronterizo Huemules y a las obras del nuevo Aeropuerto de Balmaceda.<\/p>\n<p style=\"text-align: justify;\">La ampliaci\u00f3n del terminal a\u00e9reo, que implica una inversi\u00f3n de 50 millones de d\u00f3lares, permitir\u00e1 quintuplicar la capacidad de atenci\u00f3n de pasajeros y presenta un avance cercano al 20%, estim\u00e1ndose su puesta en marcha para 2026.<\/p>\n<p style=\"text-align: justify;\">\u201cEstamos hablando de una inversi\u00f3n millonaria, que va a mejorar la conectividad de la regi\u00f3n y que va a transformarse en un polo para recorrer toda el \u00e1rea, m\u00e1s all\u00e1 de las fronteras de Chile y de las fronteras regionales\u201d, afirm\u00f3 el jefe de gabinete.<\/p>\n<p style=\"text-align: justify;\">Elizalde destac\u00f3 el impacto que esta obra tendr\u00e1 en el turismo. \u201cDa cuenta de c\u00f3mo los proyectos de infraestructura se orientan de acuerdo a las necesidades productivas y las potencialidades que tienen las regiones de Chile para generar emprendimiento, trabajo y progreso para mejorar la calidad de vida\u201d, agreg\u00f3.<\/p>\n<p style=\"text-align: justify;\">En el lugar, el Vicepresidente de la Rep\u00fablica particip\u00f3 en la firma de un convenio entre las subsecretar\u00edas de Turismo y Obras P\u00fablicas, que permitir\u00e1 incorporar el enfoque de turismo sostenible en los proyectos de infraestructura p\u00fablica.<\/p>\n<p style=\"text-align: justify;\">Al respecto, la subsecretaria de Turismo, Ver\u00f3nica Pardo, explic\u00f3 que el Plan Maestro de Infraestructura para el Turismo del MOP, con una inversi\u00f3n total de 5.458 millones de d\u00f3lares, abarca 726 iniciativas orientadas a fortalecer la competitividad tur\u00edstica y reducir las brechas de infraestructura.<\/p>\n<p style=\"text-align: justify;\">\u201cNuestro enfoque es asegurar que la perspectiva tur\u00edstica sea parte esencial de las decisiones que se toman. Estas iniciativas son clave para seguir impulsando la industria como motor de desarrollo econ\u00f3mico en cada una de nuestras regiones y comunidades. El turismo es una actividad econ\u00f3mica estrat\u00e9gica, presente en los diversos territorios de norte a sur. Por lo tanto, este hito, realizado junto a otras autoridades nacionales, es fundamental\u201d, dijo la autoridad.<\/p>\n<p style=\"text-align: justify;\">En tanto, el subsecretario de Obras P\u00fablicas, Danilo N\u00fa\u00f1ez, manifest\u00f3 que \u201ces muy importante planificar y construir la infraestructura del pa\u00eds con la mirada puesta en el desarrollo del turismo sostenible. Sabemos que las obras p\u00fablicas no s\u00f3lo mejoran la calidad de vida de las personas, sino que tambi\u00e9n son una gran oportunidad para potenciar el desarrollo tur\u00edstico de nuestro pa\u00eds y especialmente, de esta hermosa regi\u00f3n, para mostrar a todos los turistas nacionales y extranjeros\u201d.<\/p>\n<p style=\"text-align: justify;\"><strong><u>Agenda en la Regi\u00f3n de Ays\u00e9n<\/u><\/strong><\/p>\n<p style=\"text-align: justify;\">Esta tarde, el Vicepresidente de la Rep\u00fablica sostendr\u00e1 un encuentro ciudadano con estudiantes, adultos mayores y organizaciones de deportistas, para dar a conocer los beneficios de la mantenci\u00f3n del horario de verano en la Regi\u00f3n de Ays\u00e9n.<\/p>\n<p style=\"text-align: justify;\">Para este viernes, el secretario de Estado participar\u00e1 en la inauguraci\u00f3n de un Centro de Cuidados en Puerto Ays\u00e9n, adem\u00e1s de sostener reuniones de trabajo con el delegado presidencial regional, Jorge D\u00edaz, representantes de la Armada, Aduanas, Carabineros y la PDI, entre otras autoridades locales.<\/p>\n<\/div><\/section><\/div><div  style='height:50px' class='hr hr-invisible   avia-builder-el-6  el_after_av_one_full  el_before_av_social_share '><span class='hr-inner ' ><span class='hr-inner-style'><\/span><\/span><\/div><\/p>\n<div  class='av-social-sharing-box  avia-builder-el-7  el_after_av_hr  el_before_av_hr  '><div class='av-share-box'><h5 class='av-share-link-description av-no-toc '>Compartir esta noticia<\/h5><ul class='av-share-box-list noLightbox'><li class='av-share-link av-social-link-facebook' ><a target=\"_blank\" aria-label=\"Compartir en Facebook\" href='https:\/\/www.facebook.com\/sharer.php?u=https:\/\/radiorevelacionfm.cl\/?p=52178&#038;t=Vicepresidente%20Elizalde%20inicia%20gira%20por%20la%20Regi%C3%B3n%20de%20Ays%C3%A9n%20y%20destaca%20inversiones%20en%20la%20zona%20que%20mejorar%C3%A1n%20la%20infraestructura%20para%20el%20turismo' aria-hidden='false' data-av_icon='\ue8f3' data-av_iconfont='entypo-fontello' title='' data-avia-related-tooltip='Compartir en Facebook' rel=\"noopener\"><span class='avia_hidden_link_text'>Compartir en Facebook<\/span><\/a><\/li><li class='av-share-link av-social-link-twitter' ><a target=\"_blank\" aria-label=\"Compartir en Twitter\" href='https:\/\/twitter.com\/share?text=Vicepresidente%20Elizalde%20inicia%20gira%20por%20la%20Regi%C3%B3n%20de%20Ays%C3%A9n%20y%20destaca%20inversiones%20en%20la%20zona%20que%20mejorar%C3%A1n%20la%20infraestructura%20para%20el%20turismo&#038;url=https:\/\/radiorevelacionfm.cl\/?p=52178' aria-hidden='false' data-av_icon='\ue8f1' data-av_iconfont='entypo-fontello' title='' data-avia-related-tooltip='Compartir en Twitter' rel=\"noopener\"><span class='avia_hidden_link_text'>Compartir en Twitter<\/span><\/a><\/li><li class='av-share-link av-social-link-whatsapp' ><a target=\"_blank\" aria-label=\"Compartir en Whatsapp\" href='https:\/\/api.whatsapp.com\/send?text=https:\/\/radiorevelacionfm.cl\/?p=52178' aria-hidden='false' data-av_icon='\uf232' data-av_iconfont='entypo-fontello' title='' data-avia-related-tooltip='Compartir en Whatsapp' rel=\"noopener\"><span class='avia_hidden_link_text'>Compartir en Whatsapp<\/span><\/a><\/li><li class='av-share-link av-social-link-linkedin' ><a target=\"_blank\" aria-label=\"Compartir en LinkedIn\" href='https:\/\/linkedin.com\/shareArticle?mini=true&#038;title=Vicepresidente%20Elizalde%20inicia%20gira%20por%20la%20Regi%C3%B3n%20de%20Ays%C3%A9n%20y%20destaca%20inversiones%20en%20la%20zona%20que%20mejorar%C3%A1n%20la%20infraestructura%20para%20el%20turismo&#038;url=https:\/\/radiorevelacionfm.cl\/?p=52178' aria-hidden='false' data-av_icon='\ue8fc' data-av_iconfont='entypo-fontello' title='' data-avia-related-tooltip='Compartir en LinkedIn' rel=\"noopener\"><span class='avia_hidden_link_text'>Compartir en LinkedIn<\/span><\/a><\/li><li class='av-share-link av-social-link-mail' ><a  aria-label=\"Compartir por correo\" href='mailto:?subject=Vicepresidente%20Elizalde%20inicia%20gira%20por%20la%20Regi%C3%B3n%20de%20Ays%C3%A9n%20y%20destaca%20inversiones%20en%20la%20zona%20que%20mejorar%C3%A1n%20la%20infraestructura%20para%20el%20turismo&#038;body=https:\/\/radiorevelacionfm.cl\/?p=52178' aria-hidden='false' data-av_icon='\ue805' data-av_iconfont='entypo-fontello' title='' data-avia-related-tooltip='Compartir por correo'><span class='avia_hidden_link_text'>Compartir por correo<\/span><\/a><\/li><\/ul><\/div><\/div>\n<div  style='height:50px' class='hr hr-invisible   avia-builder-el-8  el_after_av_social_share  el_before_av_comments_list '><span class='hr-inner ' ><span class='hr-inner-style'><\/span><\/span><\/div>\n<div  class='av-buildercomment  av-blog-meta-html-info-disabled av-blog-meta-tag-disabled  '><\/div>\n","protected":false},"excerpt":{"rendered":"","protected":false},"author":1,"featured_media":52179,"comment_status":"closed","ping_status":"closed","sticky":false,"template":"","format":"standard","meta":{"footnotes":""},"categories":[38],"tags":[],"class_list":["post-52178","post","type-post","status-publish","format-standard","has-post-thumbnail","hentry","category-regional"],"jetpack_featured_media_url":"https:\/\/radiorevelacionfm.cl\/wp-content\/uploads\/2025\/04\/MOP-TURISMO-CONVENIO-1-1-1.jpeg","_links":{"self":[{"href":"https:\/\/radiorevelacionfm.cl\/index.php?rest_route=\/wp\/v2\/posts\/52178","targetHints":{"allow":["GET"]}}],"collection":[{"href":"https:\/\/radiorevelacionfm.cl\/index.php?rest_route=\/wp\/v2\/posts"}],"about":[{"href":"https:\/\/radiorevelacionfm.cl\/index.php?rest_route=\/wp\/v2\/types\/post"}],"author":[{"embeddable":true,"href":"https:\/\/radiorevelacionfm.cl\/index.php?rest_route=\/wp\/v2\/users\/1"}],"replies":[{"embeddable":true,"href":"https:\/\/radiorevelacionfm.cl\/index.php?rest_route=%2Fwp%2Fv2%2Fcomments&post=52178"}],"version-history":[{"count":2,"href":"https:\/\/radiorevelacionfm.cl\/index.php?rest_route=\/wp\/v2\/posts\/52178\/revisions"}],"predecessor-version":[{"id":52189,"href":"https:\/\/radiorevelacionfm.cl\/index.php?rest_route=\/wp\/v2\/posts\/52178\/revisions\/52189"}],"wp:featuredmedia":[{"embeddable":true,"href":"https:\/\/radiorevelacionfm.cl\/index.php?rest_route=\/wp\/v2\/media\/52179"}],"wp:attachment":[{"href":"https:\/\/radiorevelacionfm.cl\/index.php?rest_route=%2Fwp%2Fv2%2Fmedia&parent=52178"}],"wp:term":[{"taxonomy":"category","embeddable":true,"href":"https:\/\/radiorevelacionfm.cl\/index.php?rest_route=%2Fwp%2Fv2%2Fcategories&post=52178"},{"taxonomy":"post_tag","embeddable":true,"href":"https:\/\/radiorevelacionfm.cl\/index.php?rest_route=%2Fwp%2Fv2%2Ftags&post=52178"}],"curies":[{"name":"wp","href":"https:\/\/api.w.org\/{rel}","templated":true}]}}