{"id":52175,"date":"2025-04-03T20:12:58","date_gmt":"2025-04-03T23:12:58","guid":{"rendered":"https:\/\/radiorevelacionfm.cl\/?p=52175"},"modified":"2025-04-03T20:12:58","modified_gmt":"2025-04-03T23:12:58","slug":"firman-convenio-pdti-para-impulsar-el-desarrollo-productivo-de-comunidades-indigenas-en-coyhaique","status":"publish","type":"post","link":"https:\/\/radiorevelacionfm.cl\/?p=52175","title":{"rendered":"Firman convenio PDTI para impulsar el desarrollo productivo de comunidades ind\u00edgenas en Coyhaique"},"content":{"rendered":"<div class=\"flex_column av_one_full  flex_column_div av-zero-column-padding first  avia-builder-el-0  el_before_av_one_full  avia-builder-el-first  \" style='border-radius:0px; '><div  class='avia-image-container  av-styling-    avia-builder-el-1  avia-builder-el-no-sibling  avia-align-center '  itemprop=\"image\" itemscope=\"itemscope\" itemtype=\"https:\/\/schema.org\/ImageObject\"  ><div class='avia-image-container-inner'><div class='avia-image-overlay-wrap'><img decoding=\"async\" class='wp-image-52176 avia-img-lazy-loading-not-52176 avia_image' src=\"https:\/\/radiorevelacionfm.cl\/wp-content\/uploads\/2025\/04\/firma-convenio-pdti-indap-muni-coyhaique-2-1_optimized-1.jpeg\" alt='' title='firma-convenio-pdti-indap-muni-coyhaique-(2)-(1)_optimized (1)' height=\"600\" width=\"800\"  itemprop=\"thumbnailUrl\" srcset=\"https:\/\/radiorevelacionfm.cl\/wp-content\/uploads\/2025\/04\/firma-convenio-pdti-indap-muni-coyhaique-2-1_optimized-1.jpeg 800w, https:\/\/radiorevelacionfm.cl\/wp-content\/uploads\/2025\/04\/firma-convenio-pdti-indap-muni-coyhaique-2-1_optimized-1-300x225.jpeg 300w, https:\/\/radiorevelacionfm.cl\/wp-content\/uploads\/2025\/04\/firma-convenio-pdti-indap-muni-coyhaique-2-1_optimized-1-768x576.jpeg 768w, https:\/\/radiorevelacionfm.cl\/wp-content\/uploads\/2025\/04\/firma-convenio-pdti-indap-muni-coyhaique-2-1_optimized-1-705x529.jpeg 705w, https:\/\/radiorevelacionfm.cl\/wp-content\/uploads\/2025\/04\/firma-convenio-pdti-indap-muni-coyhaique-2-1_optimized-1-450x338.jpeg 450w, https:\/\/radiorevelacionfm.cl\/wp-content\/uploads\/2025\/04\/firma-convenio-pdti-indap-muni-coyhaique-2-1_optimized-1-600x450.jpeg 600w\" sizes=\"(max-width: 800px) 100vw, 800px\" \/><\/div><\/div><\/div><\/div><div class=\"flex_column av_one_full  flex_column_div av-zero-column-padding first  avia-builder-el-2  el_after_av_one_full  el_before_av_one_full  column-top-margin\" style='border-radius:0px; '><section class=\"av_textblock_section \"  itemscope=\"itemscope\" itemtype=\"https:\/\/schema.org\/BlogPosting\" itemprop=\"blogPost\" ><div class='avia_textblock  '   itemprop=\"text\" ><p style=\"text-align: center;\"><strong><span style=\"font-size: 18pt;\">Firman convenio PDTI para impulsar el desarrollo productivo de comunidades ind\u00edgenas en Coyhaique<\/span><\/strong><\/p>\n<div id=\"gtx-trans\" style=\"position: absolute; left: -50px; top: 4.31534px;\">\n<div class=\"gtx-trans-icon\"><\/div>\n<\/div>\n<\/div><\/section><\/div><div class=\"flex_column av_one_full  flex_column_div av-zero-column-padding first  avia-builder-el-4  el_after_av_one_full  el_before_av_hr  column-top-margin\" style='border-radius:0px; '><section class=\"av_textblock_section \"  itemscope=\"itemscope\" itemtype=\"https:\/\/schema.org\/BlogPosting\" itemprop=\"blogPost\" ><div class='avia_textblock  '   itemprop=\"text\" ><p style=\"text-align: justify;\">En un importante hito para el desarrollo de los pueblos originarios de Chile en la regi\u00f3n de Ays\u00e9n, INDAP Ays\u00e9n del Ministerio de Agricultura y la Ilustre Municipalidad de Coyhaique firmaron el convenio del Programa de Desarrollo Territorial Ind\u00edgena (PDTI), asegurando recursos y asistencia t\u00e9cnica para fortalecer la autonom\u00eda econ\u00f3mica de las comunidades ind\u00edgenas de la comuna.<\/p>\n<p style=\"text-align: justify;\">El acuerdo beneficiar\u00e1 a 40 usuarios y usuarias acreditados en INDAP Ays\u00e9n, quienes acceder\u00e1n a capacitaciones, asesor\u00eda t\u00e9cnica y apoyo para el desarrollo de actividades productivas propias de su cultura ancestral. La inversi\u00f3n total para la ejecuci\u00f3n del programa en 2025 alcanzar\u00e1 los $35.158.122, de los cuales $28.930.056 se destinar\u00e1n al servicio de extensi\u00f3n, $5.608.066 a capacitaciones y acciones formativas, y el resto a gastos generales y mesas de coordinaci\u00f3n.<\/p>\n<p style=\"text-align: justify;\">Como representante de la principal entidad financiadora, la directora regional de INDAP Ays\u00e9n, Yessica Lagos C\u00e1rdenas, reafirm\u00f3 el compromiso de la instituci\u00f3n con el mundo rural y sus comunidades: \u201cNuestro objetivo es que las familias y comunidades ind\u00edgenas cuenten con el apoyo necesario para potenciar sus modelos productivos desde su cosmovisi\u00f3n, fortaleciendo su autonom\u00eda y asegurando su protagonismo en el desarrollo local. Este convenio es un reflejo del compromiso de INDAP con los pueblos originarios de Chile\u201d.<\/p>\n<p style=\"text-align: justify;\">El alcalde de Coyhaique, Carlos Gatica Villegas, destac\u00f3 la importancia de este convenio para el desarrollo de las comunidades locales: \u201cEl PDTI es un programa que le da herramientas y oportunidad a nuestros vecinos, que permite que ellos sigan desarroll\u00e1ndose en base a la agricultura familiar campesina y que de alguna otra manera mejoren su condici\u00f3n de vida a trav\u00e9s de herramientas y capacitaciones que desde el municipio de Coyhaique en conjunto con el INDAP le entregamos a ellos desde el manejo de ovino, bovino, de aves tambi\u00e9n, la alimentaci\u00f3n y todo ello para poder seguir produciendo en nuestro sector rural en base a la agricultura familiar campesina.\u201d<\/p>\n<p style=\"text-align: justify;\">La ceremonia de firma del convenio se realiz\u00f3 en la Plaza Angol de Coyhaique y cont\u00f3 con la participaci\u00f3n de autoridades locales, representantes municipales y beneficiarios del programa, quienes destacaron la relevancia de esta iniciativa para la continuidad de sus proyectos y emprendimientos.<\/p>\n<p>Diana Medina, joven perteneciente al convenio PDTI del Sector Lago Paloma, relev\u00f3 la importancia de este convenio: \u201cMe parece super buena esta instancia de convenio entre la Municipalidad e INDAP, porque nos ayuda a seguir creciendo y mantenernos en el campo. Yo tengo 28 a\u00f1os y es muy bueno que existan estas oportunidades de venta y de seguir creciendo.\u201d<\/p>\n<p>El PDTI es un programa clave para el fortalecimiento de la econom\u00eda ind\u00edgena, permitiendo que las comunidades desarrollen sistemas productivos sustentables en armon\u00eda con su identidad cultural. A trav\u00e9s de esta alianza entre INDAP Ays\u00e9n y la Municipalidad de Coyhaique, se refuerza la articulaci\u00f3n interinstitucional para garantizar el acceso a financiamiento, capacitaci\u00f3n y acompa\u00f1amiento t\u00e9cnico a las comunidades beneficiarias.<\/p>\n<\/div><\/section><\/div><div  style='height:50px' class='hr hr-invisible   avia-builder-el-6  el_after_av_one_full  el_before_av_social_share '><span class='hr-inner ' ><span class='hr-inner-style'><\/span><\/span><\/div><\/p>\n<div  class='av-social-sharing-box  avia-builder-el-7  el_after_av_hr  el_before_av_hr  '><div class='av-share-box'><h5 class='av-share-link-description av-no-toc '>Compartir esta noticia<\/h5><ul class='av-share-box-list noLightbox'><li class='av-share-link av-social-link-facebook' ><a target=\"_blank\" aria-label=\"Compartir en Facebook\" href='https:\/\/www.facebook.com\/sharer.php?u=https:\/\/radiorevelacionfm.cl\/?p=52175&#038;t=Firman%20convenio%20PDTI%20para%20impulsar%20el%20desarrollo%20productivo%20de%20comunidades%20ind%C3%ADgenas%20en%20Coyhaique' aria-hidden='false' data-av_icon='\ue8f3' data-av_iconfont='entypo-fontello' title='' data-avia-related-tooltip='Compartir en Facebook' rel=\"noopener\"><span class='avia_hidden_link_text'>Compartir en Facebook<\/span><\/a><\/li><li class='av-share-link av-social-link-twitter' ><a target=\"_blank\" aria-label=\"Compartir en Twitter\" href='https:\/\/twitter.com\/share?text=Firman%20convenio%20PDTI%20para%20impulsar%20el%20desarrollo%20productivo%20de%20comunidades%20ind%C3%ADgenas%20en%20Coyhaique&#038;url=https:\/\/radiorevelacionfm.cl\/?p=52175' aria-hidden='false' data-av_icon='\ue8f1' data-av_iconfont='entypo-fontello' title='' data-avia-related-tooltip='Compartir en Twitter' rel=\"noopener\"><span class='avia_hidden_link_text'>Compartir en Twitter<\/span><\/a><\/li><li class='av-share-link av-social-link-whatsapp' ><a target=\"_blank\" aria-label=\"Compartir en Whatsapp\" href='https:\/\/api.whatsapp.com\/send?text=https:\/\/radiorevelacionfm.cl\/?p=52175' aria-hidden='false' data-av_icon='\uf232' data-av_iconfont='entypo-fontello' title='' data-avia-related-tooltip='Compartir en Whatsapp' rel=\"noopener\"><span class='avia_hidden_link_text'>Compartir en Whatsapp<\/span><\/a><\/li><li class='av-share-link av-social-link-linkedin' ><a target=\"_blank\" aria-label=\"Compartir en LinkedIn\" href='https:\/\/linkedin.com\/shareArticle?mini=true&#038;title=Firman%20convenio%20PDTI%20para%20impulsar%20el%20desarrollo%20productivo%20de%20comunidades%20ind%C3%ADgenas%20en%20Coyhaique&#038;url=https:\/\/radiorevelacionfm.cl\/?p=52175' aria-hidden='false' data-av_icon='\ue8fc' data-av_iconfont='entypo-fontello' title='' data-avia-related-tooltip='Compartir en LinkedIn' rel=\"noopener\"><span class='avia_hidden_link_text'>Compartir en LinkedIn<\/span><\/a><\/li><li class='av-share-link av-social-link-mail' ><a  aria-label=\"Compartir por correo\" href='mailto:?subject=Firman%20convenio%20PDTI%20para%20impulsar%20el%20desarrollo%20productivo%20de%20comunidades%20ind%C3%ADgenas%20en%20Coyhaique&#038;body=https:\/\/radiorevelacionfm.cl\/?p=52175' aria-hidden='false' data-av_icon='\ue805' data-av_iconfont='entypo-fontello' title='' data-avia-related-tooltip='Compartir por correo'><span class='avia_hidden_link_text'>Compartir por correo<\/span><\/a><\/li><\/ul><\/div><\/div>\n<div  style='height:50px' class='hr hr-invisible   avia-builder-el-8  el_after_av_social_share  el_before_av_comments_list '><span class='hr-inner ' ><span class='hr-inner-style'><\/span><\/span><\/div>\n<div  class='av-buildercomment  av-blog-meta-html-info-disabled av-blog-meta-tag-disabled  '><\/div>\n","protected":false},"excerpt":{"rendered":"","protected":false},"author":1,"featured_media":52176,"comment_status":"closed","ping_status":"closed","sticky":false,"template":"","format":"standard","meta":{"footnotes":""},"categories":[58],"tags":[],"class_list":["post-52175","post","type-post","status-publish","format-standard","has-post-thumbnail","hentry","category-agricultura"],"jetpack_featured_media_url":"https:\/\/radiorevelacionfm.cl\/wp-content\/uploads\/2025\/04\/firma-convenio-pdti-indap-muni-coyhaique-2-1_optimized-1.jpeg","_links":{"self":[{"href":"https:\/\/radiorevelacionfm.cl\/index.php?rest_route=\/wp\/v2\/posts\/52175","targetHints":{"allow":["GET"]}}],"collection":[{"href":"https:\/\/radiorevelacionfm.cl\/index.php?rest_route=\/wp\/v2\/posts"}],"about":[{"href":"https:\/\/radiorevelacionfm.cl\/index.php?rest_route=\/wp\/v2\/types\/post"}],"author":[{"embeddable":true,"href":"https:\/\/radiorevelacionfm.cl\/index.php?rest_route=\/wp\/v2\/users\/1"}],"replies":[{"embeddable":true,"href":"https:\/\/radiorevelacionfm.cl\/index.php?rest_route=%2Fwp%2Fv2%2Fcomments&post=52175"}],"version-history":[{"count":2,"href":"https:\/\/radiorevelacionfm.cl\/index.php?rest_route=\/wp\/v2\/posts\/52175\/revisions"}],"predecessor-version":[{"id":52185,"href":"https:\/\/radiorevelacionfm.cl\/index.php?rest_route=\/wp\/v2\/posts\/52175\/revisions\/52185"}],"wp:featuredmedia":[{"embeddable":true,"href":"https:\/\/radiorevelacionfm.cl\/index.php?rest_route=\/wp\/v2\/media\/52176"}],"wp:attachment":[{"href":"https:\/\/radiorevelacionfm.cl\/index.php?rest_route=%2Fwp%2Fv2%2Fmedia&parent=52175"}],"wp:term":[{"taxonomy":"category","embeddable":true,"href":"https:\/\/radiorevelacionfm.cl\/index.php?rest_route=%2Fwp%2Fv2%2Fcategories&post=52175"},{"taxonomy":"post_tag","embeddable":true,"href":"https:\/\/radiorevelacionfm.cl\/index.php?rest_route=%2Fwp%2Fv2%2Ftags&post=52175"}],"curies":[{"name":"wp","href":"https:\/\/api.w.org\/{rel}","templated":true}]}}