{"id":52170,"date":"2025-04-04T09:39:00","date_gmt":"2025-04-04T12:39:00","guid":{"rendered":"https:\/\/radiorevelacionfm.cl\/?p=52170"},"modified":"2025-04-04T09:39:00","modified_gmt":"2025-04-04T12:39:00","slug":"corporacion-de-asistencia-judicial-y-universidad-de-aysen-firman-convenio-de-colaboracion","status":"publish","type":"post","link":"https:\/\/radiorevelacionfm.cl\/?p=52170","title":{"rendered":"Corporaci\u00f3n de Asistencia Judicial y Universidad de Ays\u00e9n firman convenio de colaboraci\u00f3n"},"content":{"rendered":"<div class=\"flex_column av_one_full  flex_column_div av-zero-column-padding first  avia-builder-el-0  el_before_av_one_full  avia-builder-el-first  \" style='border-radius:0px; '><div  class='avia-image-container  av-styling-    avia-builder-el-1  avia-builder-el-no-sibling  avia-align-center '  itemprop=\"image\" itemscope=\"itemscope\" itemtype=\"https:\/\/schema.org\/ImageObject\"  ><div class='avia-image-container-inner'><div class='avia-image-overlay-wrap'><img decoding=\"async\" class='wp-image-52171 avia-img-lazy-loading-not-52171 avia_image' src=\"https:\/\/radiorevelacionfm.cl\/wp-content\/uploads\/2025\/04\/1-2025-04-03t154846_optimized.788-1.jpg\" alt='' title='1---2025-04-03t154846_optimized.788-(1)' height=\"600\" width=\"900\"  itemprop=\"thumbnailUrl\" srcset=\"https:\/\/radiorevelacionfm.cl\/wp-content\/uploads\/2025\/04\/1-2025-04-03t154846_optimized.788-1.jpg 900w, https:\/\/radiorevelacionfm.cl\/wp-content\/uploads\/2025\/04\/1-2025-04-03t154846_optimized.788-1-300x200.jpg 300w, https:\/\/radiorevelacionfm.cl\/wp-content\/uploads\/2025\/04\/1-2025-04-03t154846_optimized.788-1-768x512.jpg 768w, https:\/\/radiorevelacionfm.cl\/wp-content\/uploads\/2025\/04\/1-2025-04-03t154846_optimized.788-1-705x470.jpg 705w, https:\/\/radiorevelacionfm.cl\/wp-content\/uploads\/2025\/04\/1-2025-04-03t154846_optimized.788-1-450x300.jpg 450w, https:\/\/radiorevelacionfm.cl\/wp-content\/uploads\/2025\/04\/1-2025-04-03t154846_optimized.788-1-600x400.jpg 600w\" sizes=\"(max-width: 900px) 100vw, 900px\" \/><\/div><\/div><\/div><\/div><div class=\"flex_column av_one_full  flex_column_div av-zero-column-padding first  avia-builder-el-2  el_after_av_one_full  el_before_av_one_full  column-top-margin\" style='border-radius:0px; '><section class=\"av_textblock_section \"  itemscope=\"itemscope\" itemtype=\"https:\/\/schema.org\/BlogPosting\" itemprop=\"blogPost\" ><div class='avia_textblock  '   itemprop=\"text\" ><p style=\"text-align: center;\"><strong><span style=\"font-size: 18pt;\">Corporaci\u00f3n de Asistencia Judicial y Universidad de Ays\u00e9n firman convenio de colaboraci\u00f3n<\/span><\/strong><\/p>\n<div id=\"gtx-trans\" style=\"position: absolute; left: -50px; top: 4.31534px;\">\n<div class=\"gtx-trans-icon\"><\/div>\n<\/div>\n<\/div><\/section><\/div><div class=\"flex_column av_one_full  flex_column_div av-zero-column-padding first  avia-builder-el-4  el_after_av_one_full  el_before_av_hr  column-top-margin\" style='border-radius:0px; '><section class=\"av_textblock_section \"  itemscope=\"itemscope\" itemtype=\"https:\/\/schema.org\/BlogPosting\" itemprop=\"blogPost\" ><div class='avia_textblock  '   itemprop=\"text\" ><p style=\"text-align: justify;\"><em>Dicha iniciativa permitir\u00e1 la realizaci\u00f3n de pr\u00e1cticas profesionales de estudiantes de la carrera de Trabajo Social en el Centro integral de atenci\u00f3n a v\u00edctimas de delitos violentos Coyhaique.<\/em><\/p>\n<p style=\"text-align: justify;\">Este martes se llev\u00f3 a cabo la firma de un convenio de colaboraci\u00f3n entre la Corporaci\u00f3n de Asistencia Judicial del B\u00edo Bio y la Universidad de Ays\u00e9n, dicha instancia permitir\u00e1 a j\u00f3venes que cursan la carrera de Trabajo Social poder realizar sus pr\u00e1cticas profesionales en el Centro de atenci\u00f3n integral a v\u00edctimas de delitos violentos Coyhaique (CAVI).<\/p>\n<p style=\"text-align: justify;\">En la firma de convenio estuvieron presentes, el seremi de Justicia y Derechos Humanos Samuel Navarro Castro, el Administrador provisional de la Universidad de Ays\u00e9n Juan Pablo Prieto Cox, la directora regional de la Corporaci\u00f3n de Asistencia Judicial del B\u00edo B\u00edo Mar\u00eda Francisca Vilches Galvez, adem\u00e1s de profesionales de ambas instituciones.<\/p>\n<p style=\"text-align: justify;\">Respecto a la firma de este convenio, la directora regional de la Corporaci\u00f3n de Asistencia Judicial del B\u00edo B\u00edo Mar\u00eda Francisca Vilches explic\u00f3 que \u201cpara nosotros como Corporaci\u00f3n de Asistencia Judicial la firma de este convenio es un hito muy relevante en especial para el centro de atenci\u00f3n a v\u00edctimas, es primera vez que como Corporaci\u00f3n de Asistencia Judicial celebramos un convenio para poder recibir a alumnos en pr\u00e1ctica de otras carreras que no sean derecho, en este caso la carrera de trabajo social, esto va a permitir que los alumnos de la Universidad de Ays\u00e9n refuercen y pongan en pr\u00e1ctica los conocimientos que han adquirido y as\u00ed tambi\u00e9n va a ser un apoyo para la unidad en la atenci\u00f3n de las v\u00edctimas\u201d.<\/p>\n<p style=\"text-align: justify;\">En tanto, el Administrador provisional de la Universidad de Ays\u00e9n, Juan Pablo Prieto Cox explic\u00f3 que \u201cla Universidad forma personas y en el proceso de formaci\u00f3n de personas las pr\u00e1cticas que realizan en terreno, en casos reales no la teor\u00eda que es lo que uno usualmente ofrece en el aula es muy importante en la formaci\u00f3n, a los estudiantes que se forman adquieren conocimientos, luego requieren herramientas, habilidades de la vida real, en casos reales y eso es muy importante para su formaci\u00f3n y que lo hagan aqu\u00ed en el centro de atenci\u00f3n a victimas es muy importante porque ya atiende una realidad que usualmente son complejas que les ayuda a aprender y adem\u00e1s est\u00e1n bien acogidos, evaluados por los profesionales que trabajan aqu\u00ed en este centro de atenci\u00f3n a v\u00edctimas de manera que para nosotros este convenio es muy importante, es fundamental para la formaci\u00f3n de nuestros estudiantes tambi\u00e9n, como he dicho otras veces es parte del aporte de las personas que formamos hacia la regi\u00f3n, hacia los distintos individuos y comunidades de la regi\u00f3n y eso es muy importante porque es parte de nuestro trabajo\u201d.<\/p>\n<p style=\"text-align: justify;\">Por su parte, el seremi de Justicia y Derechos Humanos, Samuel Navarro Castro indic\u00f3 que \u201cconsideramos que es muy relevante que la universidad de Ays\u00e9n conf\u00ede en una instituci\u00f3n como el Centro de Atenci\u00f3n a V\u00edctimas de la Corporaci\u00f3n de Asistencia Judicial para que sus alumnos hagan pr\u00e1ctica ac\u00e1, nos parece muy importante reforzar los equipos profesionales que ac\u00e1 tenemos, este es un centro especializado de atenci\u00f3n a v\u00edctimas en casos de delitos violentos y en ese sentido el aporte que pueda ser un estudiante egresado que esta haciendo una pr\u00e1ctica ac\u00e1 es invaluable para el trabajo que desarrollamos, como gobierno estamos muy preocupados de ir fortaleciendo todo nuestros equipos de trabajo para acercar la Justicia a la gente y de esta forma reforzamos nuestro trabajo y esperamos profundizarlo en el futuro con este tipo de convenios ya sea con la Universidad de Ays\u00e9n o con otras que nos permitan mejorar los servicios y acercar la Justicia a todos y todas\u201d.<\/p>\n<p style=\"text-align: justify;\">Finalmente, cabe mencionar que dicho convenio de cooperaci\u00f3n se traduce en que la Universidad de Ays\u00e9n enviar\u00e1 a comienzos de cada a\u00f1o acad\u00e9mico un listado de estudiantes que cuenten con los prerrequisitos acad\u00e9micos y curriculares para la realizaci\u00f3n de sus pr\u00e1cticas profesionales, \u00e9stos estudiantes deber\u00e1n cumplir 22 horas semanales de trabajo en el Centro de Atenci\u00f3n Integral a v\u00edctimas de delitos violentos Coyhaique, en jornada distribuidas de lunes a viernes de ma\u00f1ana o tarde, en d\u00edas h\u00e1biles y horarios diurnos, permiti\u00e9ndoles con ello poder cumplir con sus dem\u00e1s obligaciones acad\u00e9micas, en tanto la duraci\u00f3n total de cada pr\u00e1cticas ser\u00e1 de dos semestres acad\u00e9micos.<\/p>\n<\/div><\/section><\/div><div  style='height:50px' class='hr hr-invisible   avia-builder-el-6  el_after_av_one_full  el_before_av_social_share '><span class='hr-inner ' ><span class='hr-inner-style'><\/span><\/span><\/div><\/p>\n<div  class='av-social-sharing-box  avia-builder-el-7  el_after_av_hr  el_before_av_hr  '><div class='av-share-box'><h5 class='av-share-link-description av-no-toc '>Compartir esta noticia<\/h5><ul class='av-share-box-list noLightbox'><li class='av-share-link av-social-link-facebook' ><a target=\"_blank\" aria-label=\"Compartir en Facebook\" href='https:\/\/www.facebook.com\/sharer.php?u=https:\/\/radiorevelacionfm.cl\/?p=52170&#038;t=Corporaci%C3%B3n%20de%20Asistencia%20Judicial%20y%20Universidad%20de%20Ays%C3%A9n%20firman%20convenio%20de%20colaboraci%C3%B3n' aria-hidden='false' data-av_icon='\ue8f3' data-av_iconfont='entypo-fontello' title='' data-avia-related-tooltip='Compartir en Facebook' rel=\"noopener\"><span class='avia_hidden_link_text'>Compartir en Facebook<\/span><\/a><\/li><li class='av-share-link av-social-link-twitter' ><a target=\"_blank\" aria-label=\"Compartir en Twitter\" href='https:\/\/twitter.com\/share?text=Corporaci%C3%B3n%20de%20Asistencia%20Judicial%20y%20Universidad%20de%20Ays%C3%A9n%20firman%20convenio%20de%20colaboraci%C3%B3n&#038;url=https:\/\/radiorevelacionfm.cl\/?p=52170' aria-hidden='false' data-av_icon='\ue8f1' data-av_iconfont='entypo-fontello' title='' data-avia-related-tooltip='Compartir en Twitter' rel=\"noopener\"><span class='avia_hidden_link_text'>Compartir en Twitter<\/span><\/a><\/li><li class='av-share-link av-social-link-whatsapp' ><a target=\"_blank\" aria-label=\"Compartir en Whatsapp\" href='https:\/\/api.whatsapp.com\/send?text=https:\/\/radiorevelacionfm.cl\/?p=52170' aria-hidden='false' data-av_icon='\uf232' data-av_iconfont='entypo-fontello' title='' data-avia-related-tooltip='Compartir en Whatsapp' rel=\"noopener\"><span class='avia_hidden_link_text'>Compartir en Whatsapp<\/span><\/a><\/li><li class='av-share-link av-social-link-linkedin' ><a target=\"_blank\" aria-label=\"Compartir en LinkedIn\" href='https:\/\/linkedin.com\/shareArticle?mini=true&#038;title=Corporaci%C3%B3n%20de%20Asistencia%20Judicial%20y%20Universidad%20de%20Ays%C3%A9n%20firman%20convenio%20de%20colaboraci%C3%B3n&#038;url=https:\/\/radiorevelacionfm.cl\/?p=52170' aria-hidden='false' data-av_icon='\ue8fc' data-av_iconfont='entypo-fontello' title='' data-avia-related-tooltip='Compartir en LinkedIn' rel=\"noopener\"><span class='avia_hidden_link_text'>Compartir en LinkedIn<\/span><\/a><\/li><li class='av-share-link av-social-link-mail' ><a  aria-label=\"Compartir por correo\" href='mailto:?subject=Corporaci%C3%B3n%20de%20Asistencia%20Judicial%20y%20Universidad%20de%20Ays%C3%A9n%20firman%20convenio%20de%20colaboraci%C3%B3n&#038;body=https:\/\/radiorevelacionfm.cl\/?p=52170' aria-hidden='false' data-av_icon='\ue805' data-av_iconfont='entypo-fontello' title='' data-avia-related-tooltip='Compartir por correo'><span class='avia_hidden_link_text'>Compartir por correo<\/span><\/a><\/li><\/ul><\/div><\/div>\n<div  style='height:50px' class='hr hr-invisible   avia-builder-el-8  el_after_av_social_share  el_before_av_comments_list '><span class='hr-inner ' ><span class='hr-inner-style'><\/span><\/span><\/div>\n<div  class='av-buildercomment  av-blog-meta-html-info-disabled av-blog-meta-tag-disabled  '><\/div>\n","protected":false},"excerpt":{"rendered":"","protected":false},"author":1,"featured_media":52171,"comment_status":"closed","ping_status":"closed","sticky":false,"template":"","format":"standard","meta":{"footnotes":""},"categories":[55],"tags":[],"class_list":["post-52170","post","type-post","status-publish","format-standard","has-post-thumbnail","hentry","category-justicia"],"jetpack_featured_media_url":"https:\/\/radiorevelacionfm.cl\/wp-content\/uploads\/2025\/04\/1-2025-04-03t154846_optimized.788-1.jpg","_links":{"self":[{"href":"https:\/\/radiorevelacionfm.cl\/index.php?rest_route=\/wp\/v2\/posts\/52170","targetHints":{"allow":["GET"]}}],"collection":[{"href":"https:\/\/radiorevelacionfm.cl\/index.php?rest_route=\/wp\/v2\/posts"}],"about":[{"href":"https:\/\/radiorevelacionfm.cl\/index.php?rest_route=\/wp\/v2\/types\/post"}],"author":[{"embeddable":true,"href":"https:\/\/radiorevelacionfm.cl\/index.php?rest_route=\/wp\/v2\/users\/1"}],"replies":[{"embeddable":true,"href":"https:\/\/radiorevelacionfm.cl\/index.php?rest_route=%2Fwp%2Fv2%2Fcomments&post=52170"}],"version-history":[{"count":2,"href":"https:\/\/radiorevelacionfm.cl\/index.php?rest_route=\/wp\/v2\/posts\/52170\/revisions"}],"predecessor-version":[{"id":52190,"href":"https:\/\/radiorevelacionfm.cl\/index.php?rest_route=\/wp\/v2\/posts\/52170\/revisions\/52190"}],"wp:featuredmedia":[{"embeddable":true,"href":"https:\/\/radiorevelacionfm.cl\/index.php?rest_route=\/wp\/v2\/media\/52171"}],"wp:attachment":[{"href":"https:\/\/radiorevelacionfm.cl\/index.php?rest_route=%2Fwp%2Fv2%2Fmedia&parent=52170"}],"wp:term":[{"taxonomy":"category","embeddable":true,"href":"https:\/\/radiorevelacionfm.cl\/index.php?rest_route=%2Fwp%2Fv2%2Fcategories&post=52170"},{"taxonomy":"post_tag","embeddable":true,"href":"https:\/\/radiorevelacionfm.cl\/index.php?rest_route=%2Fwp%2Fv2%2Ftags&post=52170"}],"curies":[{"name":"wp","href":"https:\/\/api.w.org\/{rel}","templated":true}]}}