{"id":52167,"date":"2025-04-05T12:07:28","date_gmt":"2025-04-05T15:07:28","guid":{"rendered":"https:\/\/radiorevelacionfm.cl\/?p=52167"},"modified":"2025-04-05T12:07:28","modified_gmt":"2025-04-05T15:07:28","slug":"unidos-por-edith-bingo-solidario-para-apoyar-a-una-lider-comunitaria-en-su-lucha-contra-el-cancer","status":"publish","type":"post","link":"https:\/\/radiorevelacionfm.cl\/?p=52167","title":{"rendered":"\u00abUnidos por Edith: bingo solidario para apoyar a una l\u00edder comunitaria en su lucha contra el c\u00e1ncer\u00bb"},"content":{"rendered":"<div class=\"flex_column av_one_full  flex_column_div av-zero-column-padding first  avia-builder-el-0  el_before_av_one_full  avia-builder-el-first  \" style='border-radius:0px; '><div  class='avia-image-container  av-styling-    avia-builder-el-1  avia-builder-el-no-sibling  avia-align-center '  itemprop=\"image\" itemscope=\"itemscope\" itemtype=\"https:\/\/schema.org\/ImageObject\"  ><div class='avia-image-container-inner'><div class='avia-image-overlay-wrap'><img decoding=\"async\" class='wp-image-52168 avia-img-lazy-loading-not-52168 avia_image' src=\"https:\/\/radiorevelacionfm.cl\/wp-content\/uploads\/2025\/04\/IMG-1-1-1.jpeg\" alt='' title='IMG 1 (1) (1)' height=\"600\" width=\"880\"  itemprop=\"thumbnailUrl\" srcset=\"https:\/\/radiorevelacionfm.cl\/wp-content\/uploads\/2025\/04\/IMG-1-1-1.jpeg 880w, https:\/\/radiorevelacionfm.cl\/wp-content\/uploads\/2025\/04\/IMG-1-1-1-300x205.jpeg 300w, https:\/\/radiorevelacionfm.cl\/wp-content\/uploads\/2025\/04\/IMG-1-1-1-768x524.jpeg 768w, https:\/\/radiorevelacionfm.cl\/wp-content\/uploads\/2025\/04\/IMG-1-1-1-705x481.jpeg 705w, https:\/\/radiorevelacionfm.cl\/wp-content\/uploads\/2025\/04\/IMG-1-1-1-450x307.jpeg 450w, https:\/\/radiorevelacionfm.cl\/wp-content\/uploads\/2025\/04\/IMG-1-1-1-600x409.jpeg 600w\" sizes=\"(max-width: 880px) 100vw, 880px\" \/><\/div><\/div><\/div><\/div><div class=\"flex_column av_one_full  flex_column_div av-zero-column-padding first  avia-builder-el-2  el_after_av_one_full  el_before_av_one_full  column-top-margin\" style='border-radius:0px; '><section class=\"av_textblock_section \"  itemscope=\"itemscope\" itemtype=\"https:\/\/schema.org\/BlogPosting\" itemprop=\"blogPost\" ><div class='avia_textblock  '   itemprop=\"text\" ><p style=\"text-align: center;\"><strong><span style=\"font-size: 18pt;\">\u00abUnidos por Edith: bingo solidario para apoyar a una l\u00edder comunitaria en su lucha contra el c\u00e1ncer\u00bb<\/span><\/strong><\/p>\n<div id=\"gtx-trans\" style=\"position: absolute; left: -50px; top: 4.31534px;\">\n<div class=\"gtx-trans-icon\"><\/div>\n<\/div>\n<\/div><\/section><\/div><div class=\"flex_column av_one_full  flex_column_div av-zero-column-padding first  avia-builder-el-4  el_after_av_one_full  el_before_av_hr  column-top-margin\" style='border-radius:0px; '><section class=\"av_textblock_section \"  itemscope=\"itemscope\" itemtype=\"https:\/\/schema.org\/BlogPosting\" itemprop=\"blogPost\" ><div class='avia_textblock  '   itemprop=\"text\" ><p style=\"text-align: justify;\">En un acto de solidaridad que une a la comunidad de Coyhaique, se llevar\u00e1 a cabo un Bingo Solidario el pr\u00f3ximo 26 de abril a las 15:00 horas en el Gimnasio Regional, con el fin de recaudar fondos para apoyar a Edith Alarc\u00f3n, reconocida dirigente social de la comuna, quien enfrenta un diagn\u00f3stico de c\u00e1ncer.<\/p>\n<p style=\"text-align: justify;\">Edith Alarc\u00f3n ha sido una figura fundamental en la vida comunitaria de Coyhaique, destac\u00e1ndose por su dedicaci\u00f3n al bienestar de los dem\u00e1s. Su trabajo ha sido incansable, organizando cada a\u00f1o el querido Carro Navide\u00f1o, una tradici\u00f3n que ha emocionado a miles de familias coyhaiquinas. Hoy, en su propio momento de necesidad, la comunidad se moviliza para devolverle todo el amor y apoyo que siempre ha brindado.<\/p>\n<p style=\"text-align: justify;\">Este Bingo Solidario ofrecer\u00e1 14 premios de gran valor, entre ellos un refrigerador, 200.000 pesos en efectivo, corderos, estad\u00edas en el Hotel Entrecumbres y muchos m\u00e1s. El valor del cart\u00f3n es de 5.000 pesos, y los fondos recaudados se destinar\u00e1n a cubrir los costos m\u00e9dicos de Edith, quien ha dedicado su vida a servir a los dem\u00e1s y hoy necesita del apoyo de todos.<\/p>\n<p style=\"text-align: justify;\">Detalles del evento:<\/p>\n<p style=\"text-align: justify;\">Fecha: 26 de abril de 2025<br \/>\nHora: 15:00 hrs<br \/>\nLugar: Gimnasio Regional de Coyhaique<br \/>\nValor del cart\u00f3n: $5.000 pesos<\/p>\n<p style=\"text-align: justify;\">La invitaci\u00f3n es abierta a toda la comunidad para que se una a este evento solidario. Es el momento de demostrar que, cuando se trata de apoyar a quienes nos han apoyado, somos m\u00e1s fuertes como comunidad. Todos podemos ser parte de esta cadena de apoyo y contribuir a que Edith siga luchando.<\/p>\n<p style=\"text-align: justify;\">\u00a1La solidaridad es el camino! Participa en el Bingo Solidario y haz tu aporte a esta causa. Con tu ayuda, podemos hacer una gran diferencia en la vida de Edith y en la de tantas personas que, como ella, nos inspiran a ser mejores cada d\u00eda.<\/p>\n<p style=\"text-align: justify;\">M\u00e1s informaci\u00f3n en redes sociales de la Agrupaci\u00f3n Provocando Sonrisas.<\/p>\n<\/div><\/section><\/div><div  style='height:50px' class='hr hr-invisible   avia-builder-el-6  el_after_av_one_full  el_before_av_social_share '><span class='hr-inner ' ><span class='hr-inner-style'><\/span><\/span><\/div><\/p>\n<div  class='av-social-sharing-box  avia-builder-el-7  el_after_av_hr  el_before_av_hr  '><div class='av-share-box'><h5 class='av-share-link-description av-no-toc '>Compartir esta noticia<\/h5><ul class='av-share-box-list noLightbox'><li class='av-share-link av-social-link-facebook' ><a target=\"_blank\" aria-label=\"Compartir en Facebook\" href='https:\/\/www.facebook.com\/sharer.php?u=https:\/\/radiorevelacionfm.cl\/?p=52167&#038;t=%C2%ABUnidos%20por%20Edith%3A%20bingo%20solidario%20para%20apoyar%20a%20una%20l%C3%ADder%20comunitaria%20en%20su%20lucha%20contra%20el%20c%C3%A1ncer%C2%BB' aria-hidden='false' data-av_icon='\ue8f3' data-av_iconfont='entypo-fontello' title='' data-avia-related-tooltip='Compartir en Facebook' rel=\"noopener\"><span class='avia_hidden_link_text'>Compartir en Facebook<\/span><\/a><\/li><li class='av-share-link av-social-link-twitter' ><a target=\"_blank\" aria-label=\"Compartir en Twitter\" href='https:\/\/twitter.com\/share?text=%C2%ABUnidos%20por%20Edith%3A%20bingo%20solidario%20para%20apoyar%20a%20una%20l%C3%ADder%20comunitaria%20en%20su%20lucha%20contra%20el%20c%C3%A1ncer%C2%BB&#038;url=https:\/\/radiorevelacionfm.cl\/?p=52167' aria-hidden='false' data-av_icon='\ue8f1' data-av_iconfont='entypo-fontello' title='' data-avia-related-tooltip='Compartir en Twitter' rel=\"noopener\"><span class='avia_hidden_link_text'>Compartir en Twitter<\/span><\/a><\/li><li class='av-share-link av-social-link-whatsapp' ><a target=\"_blank\" aria-label=\"Compartir en Whatsapp\" href='https:\/\/api.whatsapp.com\/send?text=https:\/\/radiorevelacionfm.cl\/?p=52167' aria-hidden='false' data-av_icon='\uf232' data-av_iconfont='entypo-fontello' title='' data-avia-related-tooltip='Compartir en Whatsapp' rel=\"noopener\"><span class='avia_hidden_link_text'>Compartir en Whatsapp<\/span><\/a><\/li><li class='av-share-link av-social-link-linkedin' ><a target=\"_blank\" aria-label=\"Compartir en LinkedIn\" href='https:\/\/linkedin.com\/shareArticle?mini=true&#038;title=%C2%ABUnidos%20por%20Edith%3A%20bingo%20solidario%20para%20apoyar%20a%20una%20l%C3%ADder%20comunitaria%20en%20su%20lucha%20contra%20el%20c%C3%A1ncer%C2%BB&#038;url=https:\/\/radiorevelacionfm.cl\/?p=52167' aria-hidden='false' data-av_icon='\ue8fc' data-av_iconfont='entypo-fontello' title='' data-avia-related-tooltip='Compartir en LinkedIn' rel=\"noopener\"><span class='avia_hidden_link_text'>Compartir en LinkedIn<\/span><\/a><\/li><li class='av-share-link av-social-link-mail' ><a  aria-label=\"Compartir por correo\" href='mailto:?subject=%C2%ABUnidos%20por%20Edith%3A%20bingo%20solidario%20para%20apoyar%20a%20una%20l%C3%ADder%20comunitaria%20en%20su%20lucha%20contra%20el%20c%C3%A1ncer%C2%BB&#038;body=https:\/\/radiorevelacionfm.cl\/?p=52167' aria-hidden='false' data-av_icon='\ue805' data-av_iconfont='entypo-fontello' title='' data-avia-related-tooltip='Compartir por correo'><span class='avia_hidden_link_text'>Compartir por correo<\/span><\/a><\/li><\/ul><\/div><\/div>\n<div  style='height:50px' class='hr hr-invisible   avia-builder-el-8  el_after_av_social_share  el_before_av_comments_list '><span class='hr-inner ' ><span class='hr-inner-style'><\/span><\/span><\/div>\n<div  class='av-buildercomment  av-blog-meta-html-info-disabled av-blog-meta-tag-disabled  '><\/div>\n","protected":false},"excerpt":{"rendered":"","protected":false},"author":1,"featured_media":52168,"comment_status":"closed","ping_status":"closed","sticky":false,"template":"","format":"standard","meta":{"footnotes":""},"categories":[38],"tags":[],"class_list":["post-52167","post","type-post","status-publish","format-standard","has-post-thumbnail","hentry","category-regional"],"jetpack_featured_media_url":"https:\/\/radiorevelacionfm.cl\/wp-content\/uploads\/2025\/04\/IMG-1-1-1.jpeg","_links":{"self":[{"href":"https:\/\/radiorevelacionfm.cl\/index.php?rest_route=\/wp\/v2\/posts\/52167","targetHints":{"allow":["GET"]}}],"collection":[{"href":"https:\/\/radiorevelacionfm.cl\/index.php?rest_route=\/wp\/v2\/posts"}],"about":[{"href":"https:\/\/radiorevelacionfm.cl\/index.php?rest_route=\/wp\/v2\/types\/post"}],"author":[{"embeddable":true,"href":"https:\/\/radiorevelacionfm.cl\/index.php?rest_route=\/wp\/v2\/users\/1"}],"replies":[{"embeddable":true,"href":"https:\/\/radiorevelacionfm.cl\/index.php?rest_route=%2Fwp%2Fv2%2Fcomments&post=52167"}],"version-history":[{"count":2,"href":"https:\/\/radiorevelacionfm.cl\/index.php?rest_route=\/wp\/v2\/posts\/52167\/revisions"}],"predecessor-version":[{"id":52239,"href":"https:\/\/radiorevelacionfm.cl\/index.php?rest_route=\/wp\/v2\/posts\/52167\/revisions\/52239"}],"wp:featuredmedia":[{"embeddable":true,"href":"https:\/\/radiorevelacionfm.cl\/index.php?rest_route=\/wp\/v2\/media\/52168"}],"wp:attachment":[{"href":"https:\/\/radiorevelacionfm.cl\/index.php?rest_route=%2Fwp%2Fv2%2Fmedia&parent=52167"}],"wp:term":[{"taxonomy":"category","embeddable":true,"href":"https:\/\/radiorevelacionfm.cl\/index.php?rest_route=%2Fwp%2Fv2%2Fcategories&post=52167"},{"taxonomy":"post_tag","embeddable":true,"href":"https:\/\/radiorevelacionfm.cl\/index.php?rest_route=%2Fwp%2Fv2%2Ftags&post=52167"}],"curies":[{"name":"wp","href":"https:\/\/api.w.org\/{rel}","templated":true}]}}