{"id":5216,"date":"2021-06-13T19:49:40","date_gmt":"2021-06-13T22:49:40","guid":{"rendered":"https:\/\/radiorevelacionfm.cl\/?p=5216"},"modified":"2021-06-13T19:49:40","modified_gmt":"2021-06-13T22:49:40","slug":"familias-del-comite-lago-ciervo-de-villa-ohiggins-recibieron-las-llaves-de-sus-viviendas","status":"publish","type":"post","link":"https:\/\/radiorevelacionfm.cl\/?p=5216","title":{"rendered":"Familias del comit\u00e9 Lago Ciervo de Villa O\u00b4Higgins recibieron las llaves de sus viviendas"},"content":{"rendered":"<div class=\"flex_column av_one_full  flex_column_div av-zero-column-padding first  avia-builder-el-0  el_before_av_one_full  avia-builder-el-first  \" style='border-radius:0px; '><div  class='avia-image-container  av-styling-    avia-builder-el-1  avia-builder-el-no-sibling  avia-align-center '  itemprop=\"image\" itemscope=\"itemscope\" itemtype=\"https:\/\/schema.org\/ImageObject\"  ><div class='avia-image-container-inner'><div class='avia-image-overlay-wrap'><img decoding=\"async\" class='wp-image-0 avia-img-lazy-loading-not-0 avia_image' src=\"https:\/\/radiorevelacionfm.cl\/wp-content\/uploads\/2021\/06\/Lago-Ciervo-1.jpeg\" alt='' title=''   itemprop=\"thumbnailUrl\"  \/><\/div><\/div><\/div><\/div><div class=\"flex_column av_one_full  flex_column_div av-zero-column-padding first  avia-builder-el-2  el_after_av_one_full  el_before_av_one_full  column-top-margin\" style='border-radius:0px; '><section class=\"av_textblock_section \"  itemscope=\"itemscope\" itemtype=\"https:\/\/schema.org\/BlogPosting\" itemprop=\"blogPost\" ><div class='avia_textblock  '   itemprop=\"text\" ><p style=\"text-align: center;\"><span style=\"font-size: 18pt;\"><strong>Familias del comit\u00e9 Lago Ciervo de Villa O\u00b4Higgins recibieron las llaves de sus viviendas<\/strong><\/span><\/p>\n<div id=\"gtx-trans\" style=\"position: absolute; left: -50px; top: 4.31534px;\">\n<div class=\"gtx-trans-icon\"><\/div>\n<\/div>\n<\/div><\/section><\/div><div class=\"flex_column av_one_full  flex_column_div av-zero-column-padding first  avia-builder-el-4  el_after_av_one_full  el_before_av_hr  column-top-margin\" style='border-radius:0px; '><section class=\"av_textblock_section \"  itemscope=\"itemscope\" itemtype=\"https:\/\/schema.org\/BlogPosting\" itemprop=\"blogPost\" ><div class='avia_textblock  '   itemprop=\"text\" ><p style=\"text-align: justify;\">Catorce a\u00f1os de espera llegaron a su fin el mi\u00e9rcoles pasado cuando 22 familias de la comuna de O\u00b4Higgins del comit\u00e9 Lago Ciervo recibieron las llaves de su casa, obra que implic\u00f3 una inversi\u00f3n de $1.300 millones por parte del MINVU, el que hoy presenta un moderno y pionero conjunto habitacional rural a nivel pa\u00eds de la mano del programa de habitabilidad rural de la cartera.<\/p>\n<p style=\"text-align: justify;\">Tras participar de la ceremonia de entrega de llaves y el recorrido por algunas de las viviendas \u2013 junto al alcalde Roberto Recabal, el gobernador Gustavo M\u00e1rquez, el seremi Diego Silva y los vecinos \u2013 la Intendenta Margarita Ossa Rojas se\u00f1al\u00f3 a nombre del Gobierno del Presidente Sebasti\u00e1n Pi\u00f1era que \u201cestamos muy contentos recorriendo la entrega de estas casas junto a los vecinos. La verdad es que son casas de un est\u00e1ndar alt\u00edsimo, con cable soterrados, con un muy buen espacio y es una alegr\u00eda porque ha sido una espera larga \u2013 con un gran esfuerzo del comit\u00e9 \u2013 y muy contentos de que hoy puedan recibir finalmente sus casas porque m\u00e1s que una casa, es un hogar y pese a la pandemia que este y otros proyectos tengan un final feliz\u201d, dijo.<\/p>\n<p style=\"text-align: justify;\">Johana Guinao, vecina y una de las 22 propietarias, no pudo evitar emocionarse al momento de recibir las llaves, explicando que \u201ctengo dos ni\u00f1as gemelas y para m\u00ed es muy emocionante porque es un sue\u00f1o, es un bienestar para mis hijas y por mi marido igual que est\u00e1 enfermo. Estoy y estamos muy agradecidos de la directiva que hicieron lo posible porque hoy hayamos cumplido nuestro sue\u00f1o\u201d, indic\u00f3.<\/p>\n<p style=\"text-align: justify;\">Desde el municipio de O\u00b4Higgins, su alcalde Roberto Recabal, no oculto su felicidad por \u201cinaugurar este primer complejo habitacional de habitabilidad rural 2.0 y que tiene grandes espacios y lo m\u00e1s importante, tiene todos los cables soterrados porque queremos cambiar la imagen y entregar lo mejor a estos comit\u00e9s. Aqu\u00ed quiero dar las gracias a nuestro Gobierno, a nuestro ministro de vivienda y a todos los funcionarios del MINVU y los municipales\u201d.<\/p>\n<p style=\"text-align: justify;\">Similar sentir expres\u00f3 el seremi de Vivienda y Urbanismo de Ays\u00e9n, Diego Silva, qui\u00e9n rescat\u00f3 el proyecto levantado desde el coraz\u00f3n de Villa O\u00b4Higgins \u00abuno de los primeros conjuntos habitacionales del programa de habitabilidad rural del ministerio de Vivienda con cables soterrados, as\u00ed que estamos muy orgullosos por las familias y agradecidos del alcalde y el municipio por levar a cabo este proyecto y nosotros financiarlo, cumpli\u00e9ndole as\u00ed el sue\u00f1o a estas 22 familias de Villa O\u00b4Higgins\u201d.<\/p>\n<\/div><\/section><\/div><div  style='height:50px' class='hr hr-invisible   avia-builder-el-6  el_after_av_one_full  el_before_av_social_share '><span class='hr-inner ' ><span class='hr-inner-style'><\/span><\/span><\/div><\/p>\n<div  class='av-social-sharing-box  avia-builder-el-7  el_after_av_hr  el_before_av_hr  '><div class='av-share-box'><h5 class='av-share-link-description av-no-toc '>Compartir esta noticia<\/h5><ul class='av-share-box-list noLightbox'><li class='av-share-link av-social-link-facebook' ><a target=\"_blank\" aria-label=\"Compartir en Facebook\" href='https:\/\/www.facebook.com\/sharer.php?u=https:\/\/radiorevelacionfm.cl\/?p=5216&#038;t=Familias%20del%20comit%C3%A9%20Lago%20Ciervo%20de%20Villa%20O%C2%B4Higgins%20recibieron%20las%20llaves%20de%20sus%20viviendas' aria-hidden='false' data-av_icon='\ue8f3' data-av_iconfont='entypo-fontello' title='' data-avia-related-tooltip='Compartir en Facebook' rel=\"noopener\"><span class='avia_hidden_link_text'>Compartir en Facebook<\/span><\/a><\/li><li class='av-share-link av-social-link-twitter' ><a target=\"_blank\" aria-label=\"Compartir en Twitter\" href='https:\/\/twitter.com\/share?text=Familias%20del%20comit%C3%A9%20Lago%20Ciervo%20de%20Villa%20O%C2%B4Higgins%20recibieron%20las%20llaves%20de%20sus%20viviendas&#038;url=https:\/\/radiorevelacionfm.cl\/?p=5216' aria-hidden='false' data-av_icon='\ue8f1' data-av_iconfont='entypo-fontello' title='' data-avia-related-tooltip='Compartir en Twitter' rel=\"noopener\"><span class='avia_hidden_link_text'>Compartir en Twitter<\/span><\/a><\/li><li class='av-share-link av-social-link-whatsapp' ><a target=\"_blank\" aria-label=\"Compartir en Whatsapp\" href='https:\/\/api.whatsapp.com\/send?text=https:\/\/radiorevelacionfm.cl\/?p=5216' aria-hidden='false' data-av_icon='\uf232' data-av_iconfont='entypo-fontello' title='' data-avia-related-tooltip='Compartir en Whatsapp' rel=\"noopener\"><span class='avia_hidden_link_text'>Compartir en Whatsapp<\/span><\/a><\/li><li class='av-share-link av-social-link-linkedin' ><a target=\"_blank\" aria-label=\"Compartir en LinkedIn\" href='https:\/\/linkedin.com\/shareArticle?mini=true&#038;title=Familias%20del%20comit%C3%A9%20Lago%20Ciervo%20de%20Villa%20O%C2%B4Higgins%20recibieron%20las%20llaves%20de%20sus%20viviendas&#038;url=https:\/\/radiorevelacionfm.cl\/?p=5216' aria-hidden='false' data-av_icon='\ue8fc' data-av_iconfont='entypo-fontello' title='' data-avia-related-tooltip='Compartir en LinkedIn' rel=\"noopener\"><span class='avia_hidden_link_text'>Compartir en LinkedIn<\/span><\/a><\/li><li class='av-share-link av-social-link-mail' ><a  aria-label=\"Compartir por correo\" href='mailto:?subject=Familias%20del%20comit%C3%A9%20Lago%20Ciervo%20de%20Villa%20O%C2%B4Higgins%20recibieron%20las%20llaves%20de%20sus%20viviendas&#038;body=https:\/\/radiorevelacionfm.cl\/?p=5216' aria-hidden='false' data-av_icon='\ue805' data-av_iconfont='entypo-fontello' title='' data-avia-related-tooltip='Compartir por correo'><span class='avia_hidden_link_text'>Compartir por correo<\/span><\/a><\/li><\/ul><\/div><\/div>\n<div  style='height:50px' class='hr hr-invisible   avia-builder-el-8  el_after_av_social_share  el_before_av_comments_list '><span class='hr-inner ' ><span class='hr-inner-style'><\/span><\/span><\/div>\n<div  class='av-buildercomment  av-blog-meta-html-info-disabled av-blog-meta-tag-disabled  '><\/div>\n","protected":false},"excerpt":{"rendered":"","protected":false},"author":1,"featured_media":0,"comment_status":"open","ping_status":"open","sticky":false,"template":"","format":"standard","meta":{"footnotes":""},"categories":[38],"tags":[],"class_list":["post-5216","post","type-post","status-publish","format-standard","hentry","category-regional"],"jetpack_featured_media_url":"","_links":{"self":[{"href":"https:\/\/radiorevelacionfm.cl\/index.php?rest_route=\/wp\/v2\/posts\/5216","targetHints":{"allow":["GET"]}}],"collection":[{"href":"https:\/\/radiorevelacionfm.cl\/index.php?rest_route=\/wp\/v2\/posts"}],"about":[{"href":"https:\/\/radiorevelacionfm.cl\/index.php?rest_route=\/wp\/v2\/types\/post"}],"author":[{"embeddable":true,"href":"https:\/\/radiorevelacionfm.cl\/index.php?rest_route=\/wp\/v2\/users\/1"}],"replies":[{"embeddable":true,"href":"https:\/\/radiorevelacionfm.cl\/index.php?rest_route=%2Fwp%2Fv2%2Fcomments&post=5216"}],"version-history":[{"count":1,"href":"https:\/\/radiorevelacionfm.cl\/index.php?rest_route=\/wp\/v2\/posts\/5216\/revisions"}],"predecessor-version":[{"id":5218,"href":"https:\/\/radiorevelacionfm.cl\/index.php?rest_route=\/wp\/v2\/posts\/5216\/revisions\/5218"}],"wp:attachment":[{"href":"https:\/\/radiorevelacionfm.cl\/index.php?rest_route=%2Fwp%2Fv2%2Fmedia&parent=5216"}],"wp:term":[{"taxonomy":"category","embeddable":true,"href":"https:\/\/radiorevelacionfm.cl\/index.php?rest_route=%2Fwp%2Fv2%2Fcategories&post=5216"},{"taxonomy":"post_tag","embeddable":true,"href":"https:\/\/radiorevelacionfm.cl\/index.php?rest_route=%2Fwp%2Fv2%2Ftags&post=5216"}],"curies":[{"name":"wp","href":"https:\/\/api.w.org\/{rel}","templated":true}]}}