{"id":52159,"date":"2025-04-03T17:47:21","date_gmt":"2025-04-03T20:47:21","guid":{"rendered":"https:\/\/radiorevelacionfm.cl\/?p=52159"},"modified":"2025-04-03T17:47:21","modified_gmt":"2025-04-03T20:47:21","slug":"cchc-coyhaique-plantea-a-subsecretario-del-mop-iniciativas-para-avanzar-en-proyectos-de-infraestructura-publica","status":"publish","type":"post","link":"https:\/\/radiorevelacionfm.cl\/?p=52159","title":{"rendered":"CChC Coyhaique plantea a subsecretario del MOP iniciativas para avanzar en proyectos de infraestructura p\u00fablica"},"content":{"rendered":"<div class=\"flex_column av_one_full  flex_column_div av-zero-column-padding first  avia-builder-el-0  el_before_av_one_full  avia-builder-el-first  \" style='border-radius:0px; '><div  class='avia-image-container  av-styling-    avia-builder-el-1  avia-builder-el-no-sibling  avia-align-center '  itemprop=\"image\" itemscope=\"itemscope\" itemtype=\"https:\/\/schema.org\/ImageObject\"  ><div class='avia-image-container-inner'><div class='avia-image-overlay-wrap'><img decoding=\"async\" class='wp-image-52160 avia-img-lazy-loading-not-52160 avia_image' src=\"https:\/\/radiorevelacionfm.cl\/wp-content\/uploads\/2025\/04\/3-2025-04-03t150700_optimized.564-2.jpg\" alt='' title='3---2025-04-03t150700_optimized.564-(2)' height=\"600\" width=\"939\"  itemprop=\"thumbnailUrl\" srcset=\"https:\/\/radiorevelacionfm.cl\/wp-content\/uploads\/2025\/04\/3-2025-04-03t150700_optimized.564-2.jpg 939w, https:\/\/radiorevelacionfm.cl\/wp-content\/uploads\/2025\/04\/3-2025-04-03t150700_optimized.564-2-300x192.jpg 300w, https:\/\/radiorevelacionfm.cl\/wp-content\/uploads\/2025\/04\/3-2025-04-03t150700_optimized.564-2-768x491.jpg 768w, https:\/\/radiorevelacionfm.cl\/wp-content\/uploads\/2025\/04\/3-2025-04-03t150700_optimized.564-2-705x450.jpg 705w, https:\/\/radiorevelacionfm.cl\/wp-content\/uploads\/2025\/04\/3-2025-04-03t150700_optimized.564-2-450x288.jpg 450w, https:\/\/radiorevelacionfm.cl\/wp-content\/uploads\/2025\/04\/3-2025-04-03t150700_optimized.564-2-600x383.jpg 600w\" sizes=\"(max-width: 939px) 100vw, 939px\" \/><\/div><\/div><\/div><\/div><div class=\"flex_column av_one_full  flex_column_div av-zero-column-padding first  avia-builder-el-2  el_after_av_one_full  el_before_av_one_full  column-top-margin\" style='border-radius:0px; '><section class=\"av_textblock_section \"  itemscope=\"itemscope\" itemtype=\"https:\/\/schema.org\/BlogPosting\" itemprop=\"blogPost\" ><div class='avia_textblock  '   itemprop=\"text\" ><p style=\"text-align: center;\"><strong><span style=\"font-size: 18pt;\">CChC Coyhaique plantea a subsecretario del MOP iniciativas para avanzar en proyectos de infraestructura p\u00fablica<\/span><\/strong><\/p>\n<div id=\"gtx-trans\" style=\"position: absolute; left: -50px; top: 4.31534px;\">\n<div class=\"gtx-trans-icon\"><\/div>\n<\/div>\n<\/div><\/section><\/div><div class=\"flex_column av_one_full  flex_column_div av-zero-column-padding first  avia-builder-el-4  el_after_av_one_full  el_before_av_hr  column-top-margin\" style='border-radius:0px; '><section class=\"av_textblock_section \"  itemscope=\"itemscope\" itemtype=\"https:\/\/schema.org\/BlogPosting\" itemprop=\"blogPost\" ><div class='avia_textblock  '   itemprop=\"text\" ><p style=\"text-align: justify;\"><em>La autoridad nacional se reuni\u00f3 con el gremio, en contexto de su visita a la regi\u00f3n de Ays\u00e9n esta semana. <\/em><\/p>\n<p style=\"text-align: justify;\">Como positiva, calificaron desde la C\u00e1mara Chilena de la Construcci\u00f3n sede Coyhaique, la reuni\u00f3n de trabajo que sostuvieron con el subsecretario de Obras P\u00fablicas, Danilo N\u00fa\u00f1ez Izquierdo, quien lleg\u00f3 a la regi\u00f3n esta semana, para conocer el desarrollo de los proyectos que lleva adelante la repartici\u00f3n p\u00fablica en Ays\u00e9n.<\/p>\n<p style=\"text-align: justify;\">Desde el gremio de los constructores, plantearon a la autoridad su disposici\u00f3n a trabajar en conjunto, para sacar adelante las obras que este ministerio ejecuta en la regi\u00f3n.<\/p>\n<p style=\"text-align: justify;\">Dentro de los temas abordados con el subsecretario, est\u00e1 el poder impulsar una cartera de proyectos que considere a las Pymes, para que puedan tener un crecimiento sostenible a largo plazo.<\/p>\n<p style=\"text-align: justify;\">Desde la CChC Coyhaique, indicaron que la recepci\u00f3n de las propuestas fue positiva y que se espera, puedan ser abordadas prontamente \u201cSiempre es importante tener reuniones con nuestras autoridades. El MOP es nuestro principal mandante, es el que tiene la inversi\u00f3n y la cartera m\u00e1s importante en la regi\u00f3n, por ello, siempre es bueno saber hacia d\u00f3nde apuntan\u201d, indic\u00f3 Pedro Pablo Arriagada, vicepresidente gremial de la CChC Coyhaique.<\/p>\n<p style=\"text-align: justify;\">Otro de los puntos tratados, fue la tramitaci\u00f3n del proyecto de ley de extracci\u00f3n de \u00e1ridos, que se encuentra en tercer tr\u00e1mite constitucional en el Senado. En este sentido, desde el gremio manifestaron su inquietud en caso de que sea aprobado tal como est\u00e1 redactado, pues en regiones peque\u00f1as como Ays\u00e9n, con gran cantidad de obra desarrollada en el sector rural, los plazos para la obtenci\u00f3n de los permisos de extracci\u00f3n aumentar\u00e1n considerablemente, retrasando con ello, la ejecuci\u00f3n de las obras.<\/p>\n<p style=\"text-align: justify;\">Punto que, en particular, explic\u00f3 Pedro Pablo Arriagada, ser\u00e1 conversado en Santiago, con la autoridad ministerial \u201cTomamos algunos acuerdos que vamos a abordar en Santiago, esperamos, dentro de la pr\u00f3xima semana\u201d, detall\u00f3.<\/p>\n<p style=\"text-align: justify;\">El subsecretario Danilo N\u00fa\u00f1ez, tambi\u00e9n valor\u00f3 la instancia de di\u00e1logo con los representantes locales de la C\u00e1mara Chilena de la Construcci\u00f3n, indicando que los temas expuestos fueron relevantes y que permiten mejorar la alianza p\u00fablico \u2013 privada \u201cAfinamos distintos puntos relevantes para la c\u00e1mara en la regi\u00f3n, lo que voy a trabajar con los equipos nacionales y regionales para dar respuesta a cada una. Respuestas que van en la l\u00f3gica de mejorar la ejecuci\u00f3n por un lado y, por otro, de generar empleo y que se desarrolle la empresa privada\u201d.<\/p>\n<p style=\"text-align: justify;\">La cita finaliz\u00f3 con el acuerdo de ambas partes, para continuar avanzando y trabajando en el desarrollo de infraestructura p\u00fablica para el territorio, con una mirada din\u00e1mica, de crecimiento econ\u00f3mico y aportando a la generaci\u00f3n de empleo.<\/p>\n<\/div><\/section><\/div><div  style='height:50px' class='hr hr-invisible   avia-builder-el-6  el_after_av_one_full  el_before_av_social_share '><span class='hr-inner ' ><span class='hr-inner-style'><\/span><\/span><\/div><\/p>\n<div  class='av-social-sharing-box  avia-builder-el-7  el_after_av_hr  el_before_av_hr  '><div class='av-share-box'><h5 class='av-share-link-description av-no-toc '>Compartir esta noticia<\/h5><ul class='av-share-box-list noLightbox'><li class='av-share-link av-social-link-facebook' ><a target=\"_blank\" aria-label=\"Compartir en Facebook\" href='https:\/\/www.facebook.com\/sharer.php?u=https:\/\/radiorevelacionfm.cl\/?p=52159&#038;t=CChC%20Coyhaique%20plantea%20a%20subsecretario%20del%20MOP%20iniciativas%20para%20avanzar%20en%20proyectos%20de%20infraestructura%20p%C3%BAblica' aria-hidden='false' data-av_icon='\ue8f3' data-av_iconfont='entypo-fontello' title='' data-avia-related-tooltip='Compartir en Facebook' rel=\"noopener\"><span class='avia_hidden_link_text'>Compartir en Facebook<\/span><\/a><\/li><li class='av-share-link av-social-link-twitter' ><a target=\"_blank\" aria-label=\"Compartir en Twitter\" href='https:\/\/twitter.com\/share?text=CChC%20Coyhaique%20plantea%20a%20subsecretario%20del%20MOP%20iniciativas%20para%20avanzar%20en%20proyectos%20de%20infraestructura%20p%C3%BAblica&#038;url=https:\/\/radiorevelacionfm.cl\/?p=52159' aria-hidden='false' data-av_icon='\ue8f1' data-av_iconfont='entypo-fontello' title='' data-avia-related-tooltip='Compartir en Twitter' rel=\"noopener\"><span class='avia_hidden_link_text'>Compartir en Twitter<\/span><\/a><\/li><li class='av-share-link av-social-link-whatsapp' ><a target=\"_blank\" aria-label=\"Compartir en Whatsapp\" href='https:\/\/api.whatsapp.com\/send?text=https:\/\/radiorevelacionfm.cl\/?p=52159' aria-hidden='false' data-av_icon='\uf232' data-av_iconfont='entypo-fontello' title='' data-avia-related-tooltip='Compartir en Whatsapp' rel=\"noopener\"><span class='avia_hidden_link_text'>Compartir en Whatsapp<\/span><\/a><\/li><li class='av-share-link av-social-link-linkedin' ><a target=\"_blank\" aria-label=\"Compartir en LinkedIn\" href='https:\/\/linkedin.com\/shareArticle?mini=true&#038;title=CChC%20Coyhaique%20plantea%20a%20subsecretario%20del%20MOP%20iniciativas%20para%20avanzar%20en%20proyectos%20de%20infraestructura%20p%C3%BAblica&#038;url=https:\/\/radiorevelacionfm.cl\/?p=52159' aria-hidden='false' data-av_icon='\ue8fc' data-av_iconfont='entypo-fontello' title='' data-avia-related-tooltip='Compartir en LinkedIn' rel=\"noopener\"><span class='avia_hidden_link_text'>Compartir en LinkedIn<\/span><\/a><\/li><li class='av-share-link av-social-link-mail' ><a  aria-label=\"Compartir por correo\" href='mailto:?subject=CChC%20Coyhaique%20plantea%20a%20subsecretario%20del%20MOP%20iniciativas%20para%20avanzar%20en%20proyectos%20de%20infraestructura%20p%C3%BAblica&#038;body=https:\/\/radiorevelacionfm.cl\/?p=52159' aria-hidden='false' data-av_icon='\ue805' data-av_iconfont='entypo-fontello' title='' data-avia-related-tooltip='Compartir por correo'><span class='avia_hidden_link_text'>Compartir por correo<\/span><\/a><\/li><\/ul><\/div><\/div>\n<div  style='height:50px' class='hr hr-invisible   avia-builder-el-8  el_after_av_social_share  el_before_av_comments_list '><span class='hr-inner ' ><span class='hr-inner-style'><\/span><\/span><\/div>\n<div  class='av-buildercomment  av-blog-meta-html-info-disabled av-blog-meta-tag-disabled  '><\/div>\n","protected":false},"excerpt":{"rendered":"","protected":false},"author":1,"featured_media":52160,"comment_status":"closed","ping_status":"closed","sticky":false,"template":"","format":"standard","meta":{"footnotes":""},"categories":[38],"tags":[],"class_list":["post-52159","post","type-post","status-publish","format-standard","has-post-thumbnail","hentry","category-regional"],"jetpack_featured_media_url":"https:\/\/radiorevelacionfm.cl\/wp-content\/uploads\/2025\/04\/3-2025-04-03t150700_optimized.564-2.jpg","_links":{"self":[{"href":"https:\/\/radiorevelacionfm.cl\/index.php?rest_route=\/wp\/v2\/posts\/52159","targetHints":{"allow":["GET"]}}],"collection":[{"href":"https:\/\/radiorevelacionfm.cl\/index.php?rest_route=\/wp\/v2\/posts"}],"about":[{"href":"https:\/\/radiorevelacionfm.cl\/index.php?rest_route=\/wp\/v2\/types\/post"}],"author":[{"embeddable":true,"href":"https:\/\/radiorevelacionfm.cl\/index.php?rest_route=\/wp\/v2\/users\/1"}],"replies":[{"embeddable":true,"href":"https:\/\/radiorevelacionfm.cl\/index.php?rest_route=%2Fwp%2Fv2%2Fcomments&post=52159"}],"version-history":[{"count":2,"href":"https:\/\/radiorevelacionfm.cl\/index.php?rest_route=\/wp\/v2\/posts\/52159\/revisions"}],"predecessor-version":[{"id":52174,"href":"https:\/\/radiorevelacionfm.cl\/index.php?rest_route=\/wp\/v2\/posts\/52159\/revisions\/52174"}],"wp:featuredmedia":[{"embeddable":true,"href":"https:\/\/radiorevelacionfm.cl\/index.php?rest_route=\/wp\/v2\/media\/52160"}],"wp:attachment":[{"href":"https:\/\/radiorevelacionfm.cl\/index.php?rest_route=%2Fwp%2Fv2%2Fmedia&parent=52159"}],"wp:term":[{"taxonomy":"category","embeddable":true,"href":"https:\/\/radiorevelacionfm.cl\/index.php?rest_route=%2Fwp%2Fv2%2Fcategories&post=52159"},{"taxonomy":"post_tag","embeddable":true,"href":"https:\/\/radiorevelacionfm.cl\/index.php?rest_route=%2Fwp%2Fv2%2Ftags&post=52159"}],"curies":[{"name":"wp","href":"https:\/\/api.w.org\/{rel}","templated":true}]}}