{"id":52155,"date":"2025-04-03T14:52:58","date_gmt":"2025-04-03T17:52:58","guid":{"rendered":"https:\/\/radiorevelacionfm.cl\/?p=52155"},"modified":"2025-04-03T14:52:58","modified_gmt":"2025-04-03T17:52:58","slug":"edelaysen-se-prepara-para-la-temporada-invernal-con-faenas-en-algunos-sectores-de-coyhaique-este-domingo","status":"publish","type":"post","link":"https:\/\/radiorevelacionfm.cl\/?p=52155","title":{"rendered":"Edelaysen se prepara para la temporada invernal con faenas en algunos sectores de Coyhaique este domingo"},"content":{"rendered":"<div class=\"flex_column av_one_full  flex_column_div av-zero-column-padding first  avia-builder-el-0  el_before_av_one_full  avia-builder-el-first  \" style='border-radius:0px; '><div  class='avia-image-container  av-styling-    avia-builder-el-1  avia-builder-el-no-sibling  avia-align-center '  itemprop=\"image\" itemscope=\"itemscope\" itemtype=\"https:\/\/schema.org\/ImageObject\"  ><div class='avia-image-container-inner'><div class='avia-image-overlay-wrap'><img decoding=\"async\" class='wp-image-50767 avia-img-lazy-loading-not-50767 avia_image' src=\"https:\/\/radiorevelacionfm.cl\/wp-content\/uploads\/2025\/02\/edelaysen_desconexion-programada-1_optimized.jpeg\" alt='' title='edelaysen_desconexi\u00f3n-programada-(1)_optimized' height=\"600\" width=\"1039\"  itemprop=\"thumbnailUrl\" srcset=\"https:\/\/radiorevelacionfm.cl\/wp-content\/uploads\/2025\/02\/edelaysen_desconexion-programada-1_optimized.jpeg 1039w, https:\/\/radiorevelacionfm.cl\/wp-content\/uploads\/2025\/02\/edelaysen_desconexion-programada-1_optimized-300x173.jpeg 300w, https:\/\/radiorevelacionfm.cl\/wp-content\/uploads\/2025\/02\/edelaysen_desconexion-programada-1_optimized-1030x595.jpeg 1030w, https:\/\/radiorevelacionfm.cl\/wp-content\/uploads\/2025\/02\/edelaysen_desconexion-programada-1_optimized-768x444.jpeg 768w, https:\/\/radiorevelacionfm.cl\/wp-content\/uploads\/2025\/02\/edelaysen_desconexion-programada-1_optimized-705x407.jpeg 705w, https:\/\/radiorevelacionfm.cl\/wp-content\/uploads\/2025\/02\/edelaysen_desconexion-programada-1_optimized-450x260.jpeg 450w, https:\/\/radiorevelacionfm.cl\/wp-content\/uploads\/2025\/02\/edelaysen_desconexion-programada-1_optimized-600x346.jpeg 600w\" sizes=\"(max-width: 1039px) 100vw, 1039px\" \/><\/div><\/div><\/div><\/div><div class=\"flex_column av_one_full  flex_column_div av-zero-column-padding first  avia-builder-el-2  el_after_av_one_full  el_before_av_one_full  column-top-margin\" style='border-radius:0px; '><section class=\"av_textblock_section \"  itemscope=\"itemscope\" itemtype=\"https:\/\/schema.org\/BlogPosting\" itemprop=\"blogPost\" ><div class='avia_textblock  '   itemprop=\"text\" ><p style=\"text-align: center;\"><strong><span style=\"font-size: 18pt;\">Edelaysen se prepara para la temporada invernal con faenas en algunos sectores de Coyhaique este domingo<\/span><\/strong><\/p>\n<div id=\"gtx-trans\" style=\"position: absolute; left: -50px; top: 4.31534px;\">\n<div class=\"gtx-trans-icon\"><\/div>\n<\/div>\n<\/div><\/section><\/div><div class=\"flex_column av_one_full  flex_column_div av-zero-column-padding first  avia-builder-el-4  el_after_av_one_full  el_before_av_hr  column-top-margin\" style='border-radius:0px; '><section class=\"av_textblock_section \"  itemscope=\"itemscope\" itemtype=\"https:\/\/schema.org\/BlogPosting\" itemprop=\"blogPost\" ><div class='avia_textblock  '   itemprop=\"text\" ><p style=\"text-align: justify;\"><em>La iniciativa forma parte del plan de mantenimiento preventivo para asegurar redes m\u00e1s confiables y seguras en el sector.<\/em><\/p>\n<p style=\"text-align: justify;\">Edelaysen anunci\u00f3 nuevos trabajos para el fortalecimiento y mejoramiento de la red el\u00e9ctrica en algunos sectores de la capital regional para este domingo 6 de abril, entre las 10:30 y las 16:30 horas, donde realizar\u00e1 trabajos programados de mejoramiento en sus redes de distribuci\u00f3n en la comuna de Coyhaique.<\/p>\n<p style=\"text-align: justify;\">Las labores se desarrollar\u00e1n en los sectores El Claro, Aer\u00f3dromo Teniente Vidal (en su totalidad) y Cerro Huemules, con el objetivo de fortalecer la infraestructura el\u00e9ctrica y asegurar un servicio m\u00e1s robusto, continuo y seguro para las familias del sector.<\/p>\n<p style=\"text-align: justify;\">Por su parte Manuel Subiabre, ejecutivo de Edelaysen destac\u00f3 que: \u201cEn Edelaysen estamos ejecutando un plan de mantenimiento preventivo que nos permite anticiparnos a eventuales p\u00e9rdidas de energ\u00eda y entregar un suministro cada vez m\u00e1s confiable para nuestros clientes. Lo hacemos durante todo el a\u00f1o, pero ahora enfocados en prepararnos para la temporada invernal. Sabemos que estas labores requieren coordinaci\u00f3n con la comunidad, por eso agradecemos desde ya su comprensi\u00f3n\u201d.<\/p>\n<p style=\"text-align: justify;\">De esta manera, durante la jornada, se recomienda a los vecinos tomar las precauciones necesarias. Por lo que, ante dudas o consultas, la el\u00e9ctrica recuerda sus canales oficiales como p\u00e1gina web\u00a0<a href=\"https:\/\/nam10.safelinks.protection.outlook.com\/?url=http%3A%2F%2Fwww.edelaysen.cl%2F&amp;data=05%7C02%7Cmaria.marchant%40saesa.cl%7C6a712dc06cc34b9391f408dd721190eb%7C136d6ab55b55496f97cb2424247715ed%7C0%7C0%7C638792141942654814%7CUnknown%7CTWFpbGZsb3d8eyJFbXB0eU1hcGkiOnRydWUsIlYiOiIwLjAuMDAwMCIsIlAiOiJXaW4zMiIsIkFOIjoiTWFpbCIsIldUIjoyfQ%3D%3D%7C0%7C%7C%7C&amp;sdata=hwoh3dtn2vAf74EO4ytdsTjjX29ggjCMy0ZHfr7CWwA%3D&amp;reserved=0\">www.edelaysen.cl<\/a>\u00a0y la l\u00ednea gratuita de 800 600 803.<\/p>\n<\/div><\/section><\/div><div  style='height:50px' class='hr hr-invisible   avia-builder-el-6  el_after_av_one_full  el_before_av_social_share '><span class='hr-inner ' ><span class='hr-inner-style'><\/span><\/span><\/div><\/p>\n<div  class='av-social-sharing-box  avia-builder-el-7  el_after_av_hr  el_before_av_hr  '><div class='av-share-box'><h5 class='av-share-link-description av-no-toc '>Compartir esta noticia<\/h5><ul class='av-share-box-list noLightbox'><li class='av-share-link av-social-link-facebook' ><a target=\"_blank\" aria-label=\"Compartir en Facebook\" href='https:\/\/www.facebook.com\/sharer.php?u=https:\/\/radiorevelacionfm.cl\/?p=52155&#038;t=Edelaysen%20se%20prepara%20para%20la%20temporada%20invernal%20con%20faenas%20en%20algunos%20sectores%20de%20Coyhaique%20este%20domingo' aria-hidden='false' data-av_icon='\ue8f3' data-av_iconfont='entypo-fontello' title='' data-avia-related-tooltip='Compartir en Facebook' rel=\"noopener\"><span class='avia_hidden_link_text'>Compartir en Facebook<\/span><\/a><\/li><li class='av-share-link av-social-link-twitter' ><a target=\"_blank\" aria-label=\"Compartir en Twitter\" href='https:\/\/twitter.com\/share?text=Edelaysen%20se%20prepara%20para%20la%20temporada%20invernal%20con%20faenas%20en%20algunos%20sectores%20de%20Coyhaique%20este%20domingo&#038;url=https:\/\/radiorevelacionfm.cl\/?p=52155' aria-hidden='false' data-av_icon='\ue8f1' data-av_iconfont='entypo-fontello' title='' data-avia-related-tooltip='Compartir en Twitter' rel=\"noopener\"><span class='avia_hidden_link_text'>Compartir en Twitter<\/span><\/a><\/li><li class='av-share-link av-social-link-whatsapp' ><a target=\"_blank\" aria-label=\"Compartir en Whatsapp\" href='https:\/\/api.whatsapp.com\/send?text=https:\/\/radiorevelacionfm.cl\/?p=52155' aria-hidden='false' data-av_icon='\uf232' data-av_iconfont='entypo-fontello' title='' data-avia-related-tooltip='Compartir en Whatsapp' rel=\"noopener\"><span class='avia_hidden_link_text'>Compartir en Whatsapp<\/span><\/a><\/li><li class='av-share-link av-social-link-linkedin' ><a target=\"_blank\" aria-label=\"Compartir en LinkedIn\" href='https:\/\/linkedin.com\/shareArticle?mini=true&#038;title=Edelaysen%20se%20prepara%20para%20la%20temporada%20invernal%20con%20faenas%20en%20algunos%20sectores%20de%20Coyhaique%20este%20domingo&#038;url=https:\/\/radiorevelacionfm.cl\/?p=52155' aria-hidden='false' data-av_icon='\ue8fc' data-av_iconfont='entypo-fontello' title='' data-avia-related-tooltip='Compartir en LinkedIn' rel=\"noopener\"><span class='avia_hidden_link_text'>Compartir en LinkedIn<\/span><\/a><\/li><li class='av-share-link av-social-link-mail' ><a  aria-label=\"Compartir por correo\" href='mailto:?subject=Edelaysen%20se%20prepara%20para%20la%20temporada%20invernal%20con%20faenas%20en%20algunos%20sectores%20de%20Coyhaique%20este%20domingo&#038;body=https:\/\/radiorevelacionfm.cl\/?p=52155' aria-hidden='false' data-av_icon='\ue805' data-av_iconfont='entypo-fontello' title='' data-avia-related-tooltip='Compartir por correo'><span class='avia_hidden_link_text'>Compartir por correo<\/span><\/a><\/li><\/ul><\/div><\/div>\n<div  style='height:50px' class='hr hr-invisible   avia-builder-el-8  el_after_av_social_share  el_before_av_comments_list '><span class='hr-inner ' ><span class='hr-inner-style'><\/span><\/span><\/div>\n<div  class='av-buildercomment  av-blog-meta-html-info-disabled av-blog-meta-tag-disabled  '><\/div>\n","protected":false},"excerpt":{"rendered":"","protected":false},"author":1,"featured_media":50767,"comment_status":"closed","ping_status":"closed","sticky":false,"template":"","format":"standard","meta":{"footnotes":""},"categories":[38],"tags":[],"class_list":["post-52155","post","type-post","status-publish","format-standard","has-post-thumbnail","hentry","category-regional"],"jetpack_featured_media_url":"https:\/\/radiorevelacionfm.cl\/wp-content\/uploads\/2025\/02\/edelaysen_desconexion-programada-1_optimized.jpeg","_links":{"self":[{"href":"https:\/\/radiorevelacionfm.cl\/index.php?rest_route=\/wp\/v2\/posts\/52155","targetHints":{"allow":["GET"]}}],"collection":[{"href":"https:\/\/radiorevelacionfm.cl\/index.php?rest_route=\/wp\/v2\/posts"}],"about":[{"href":"https:\/\/radiorevelacionfm.cl\/index.php?rest_route=\/wp\/v2\/types\/post"}],"author":[{"embeddable":true,"href":"https:\/\/radiorevelacionfm.cl\/index.php?rest_route=\/wp\/v2\/users\/1"}],"replies":[{"embeddable":true,"href":"https:\/\/radiorevelacionfm.cl\/index.php?rest_route=%2Fwp%2Fv2%2Fcomments&post=52155"}],"version-history":[{"count":2,"href":"https:\/\/radiorevelacionfm.cl\/index.php?rest_route=\/wp\/v2\/posts\/52155\/revisions"}],"predecessor-version":[{"id":52158,"href":"https:\/\/radiorevelacionfm.cl\/index.php?rest_route=\/wp\/v2\/posts\/52155\/revisions\/52158"}],"wp:featuredmedia":[{"embeddable":true,"href":"https:\/\/radiorevelacionfm.cl\/index.php?rest_route=\/wp\/v2\/media\/50767"}],"wp:attachment":[{"href":"https:\/\/radiorevelacionfm.cl\/index.php?rest_route=%2Fwp%2Fv2%2Fmedia&parent=52155"}],"wp:term":[{"taxonomy":"category","embeddable":true,"href":"https:\/\/radiorevelacionfm.cl\/index.php?rest_route=%2Fwp%2Fv2%2Fcategories&post=52155"},{"taxonomy":"post_tag","embeddable":true,"href":"https:\/\/radiorevelacionfm.cl\/index.php?rest_route=%2Fwp%2Fv2%2Ftags&post=52155"}],"curies":[{"name":"wp","href":"https:\/\/api.w.org\/{rel}","templated":true}]}}