{"id":52150,"date":"2025-04-03T11:20:57","date_gmt":"2025-04-03T14:20:57","guid":{"rendered":"https:\/\/radiorevelacionfm.cl\/?p=52150"},"modified":"2025-04-03T11:23:45","modified_gmt":"2025-04-03T14:23:45","slug":"conaf-invita-a-la-comunidad-a-visitar-las-reservas-nacionales-coyhaique-y-rio-simpson","status":"publish","type":"post","link":"https:\/\/radiorevelacionfm.cl\/?p=52150","title":{"rendered":"Conaf invita a la comunidad a visitar las reservas nacionales Coyhaique y R\u00edo Simpson"},"content":{"rendered":"<div class=\"flex_column av_one_full  flex_column_div av-zero-column-padding first  avia-builder-el-0  el_before_av_one_full  avia-builder-el-first  \" style='border-radius:0px; '><div  class='avia-image-container  av-styling-    avia-builder-el-1  avia-builder-el-no-sibling  avia-align-center '  itemprop=\"image\" itemscope=\"itemscope\" itemtype=\"https:\/\/schema.org\/ImageObject\"  ><div class='avia-image-container-inner'><div class='avia-image-overlay-wrap'><img decoding=\"async\" class='wp-image-52151 avia-img-lazy-loading-not-52151 avia_image' src=\"https:\/\/radiorevelacionfm.cl\/wp-content\/uploads\/2025\/04\/img_4003-1_optimized-1.jpg\" alt='' title='img_4003-(1)_optimized (1)' height=\"600\" width=\"800\"  itemprop=\"thumbnailUrl\" srcset=\"https:\/\/radiorevelacionfm.cl\/wp-content\/uploads\/2025\/04\/img_4003-1_optimized-1.jpg 800w, https:\/\/radiorevelacionfm.cl\/wp-content\/uploads\/2025\/04\/img_4003-1_optimized-1-300x225.jpg 300w, https:\/\/radiorevelacionfm.cl\/wp-content\/uploads\/2025\/04\/img_4003-1_optimized-1-768x576.jpg 768w, https:\/\/radiorevelacionfm.cl\/wp-content\/uploads\/2025\/04\/img_4003-1_optimized-1-705x529.jpg 705w, https:\/\/radiorevelacionfm.cl\/wp-content\/uploads\/2025\/04\/img_4003-1_optimized-1-450x338.jpg 450w, https:\/\/radiorevelacionfm.cl\/wp-content\/uploads\/2025\/04\/img_4003-1_optimized-1-600x450.jpg 600w\" sizes=\"(max-width: 800px) 100vw, 800px\" \/><\/div><\/div><\/div><\/div>\n<div class=\"flex_column av_one_full  flex_column_div av-zero-column-padding first  avia-builder-el-2  el_after_av_one_full  el_before_av_one_full  column-top-margin\" style='border-radius:0px; '><section class=\"av_textblock_section \"  itemscope=\"itemscope\" itemtype=\"https:\/\/schema.org\/BlogPosting\" itemprop=\"blogPost\" ><div class='avia_textblock  '   itemprop=\"text\" ><p style=\"text-align: center;\"><strong><span style=\"font-size: 18pt;\">Conaf invita a la comunidad a visitar las reservas nacionales Coyhaique y R\u00edo Simpson<\/span><\/strong><\/p>\n<div id=\"gtx-trans\" style=\"position: absolute; left: -50px; top: 4.31534px;\">\n<div class=\"gtx-trans-icon\"><\/div>\n<\/div>\n<\/div><\/section><\/div>\n<div class=\"flex_column av_one_full  flex_column_div av-zero-column-padding first  avia-builder-el-4  el_after_av_one_full  el_before_av_hr  column-top-margin\" style='border-radius:0px; '><section class=\"av_textblock_section \"  itemscope=\"itemscope\" itemtype=\"https:\/\/schema.org\/BlogPosting\" itemprop=\"blogPost\" ><div class='avia_textblock  '   itemprop=\"text\" ><div><\/div>\n<div>\n<p style=\"text-align: justify;\"><em>El 6 de abril por el D\u00eda Nacional del Deporte se tendr\u00e1 acceso gratuito a estas dos \u00e1reas protegidas.\u00a0<\/em><\/p>\n<p style=\"text-align: justify;\">En el marco del D\u00eda Nacional del Deporte, 19 \u00c1reas Protegidas administradas por la Corporaci\u00f3n Nacional Forestal (CONAF), entre parques nacionales, reservas nacionales y monumentos naturales, ofrecer\u00e1n acceso gratuito este domingo 6 de abril. En la regi\u00f3n de Ays\u00e9n, la Reserva Nacional Coyhaique y la Reserva Nacional R\u00edo Simpson son parte de esta iniciativa.<\/p>\n<p style=\"text-align: justify;\">Para optar al ingreso gratuito de estas \u00e1reas protegidas se debe acceder al sitio web\u00a0<a href=\"http:\/\/pasesparques.cl\/\">pasesparques.cl<\/a>, colocar el nombre de la unidad que se quiera visitar y validar la reserva con gratuidad digitando el c\u00f3digo DEPORTE2025.<\/p>\n<p style=\"text-align: justify;\">Esta actividad es el resultado de una\u00a0alianza entre el Ministerio de Agricultura y el Ministerio del Deporte, lo que ha fortalecido el reconocimiento a la importancia de las \u00e1reas protegidas como espacios recreativos y para el bienestar humano.<\/p>\n<p style=\"text-align: justify;\">El director regional de CONAF Ays\u00e9n, Ronald Valenzuela Campos destac\u00f3 la relevancia de esta actividad e invit\u00f3 a la comunidad a participar. \u201cEs una oportunidad para que las personas no s\u00f3lo visiten las \u00e1reas protegidas de la regi\u00f3n de a Ays\u00e9n, sino que es una instancia para las\u00a0conozcan en su real dimensi\u00f3n en cada uno de sus atributos naturales y culturales; desarrollen un sentido de propiedad y partencia a trav\u00e9s de su conocimiento y valoraci\u00f3n; conecten con la naturaleza y sepan del arduo trabajo de conservaci\u00f3n que realiza CONAF en Ays\u00e9n\u201d.<\/p>\n<p style=\"text-align: justify;\">Asimismo, CONAF hace un llamado a los visitantes a\u00a0respetar el entorno, no dejar residuos y contribuir a la conservaci\u00f3n de estos espacios\u00a0donde habitan especies de flora y fauna end\u00e9micas.<\/p>\n<p style=\"text-align: justify;\">\n<\/div>\n<\/div><\/section><\/div><div  style='height:50px' class='hr hr-invisible   avia-builder-el-6  el_after_av_one_full  el_before_av_social_share '><span class='hr-inner ' ><span class='hr-inner-style'><\/span><\/span><\/div><\/p>\n<div  class='av-social-sharing-box  avia-builder-el-7  el_after_av_hr  el_before_av_hr  '><div class='av-share-box'><h5 class='av-share-link-description av-no-toc '>Compartir esta noticia<\/h5><ul class='av-share-box-list noLightbox'><li class='av-share-link av-social-link-facebook' ><a target=\"_blank\" aria-label=\"Compartir en Facebook\" href='https:\/\/www.facebook.com\/sharer.php?u=https:\/\/radiorevelacionfm.cl\/?p=52150&#038;t=Conaf%20invita%20a%20la%20comunidad%20a%20visitar%20las%20reservas%20nacionales%20Coyhaique%20y%20R%C3%ADo%20Simpson' aria-hidden='false' data-av_icon='\ue8f3' data-av_iconfont='entypo-fontello' title='' data-avia-related-tooltip='Compartir en Facebook' rel=\"noopener\"><span class='avia_hidden_link_text'>Compartir en Facebook<\/span><\/a><\/li><li class='av-share-link av-social-link-twitter' ><a target=\"_blank\" aria-label=\"Compartir en Twitter\" href='https:\/\/twitter.com\/share?text=Conaf%20invita%20a%20la%20comunidad%20a%20visitar%20las%20reservas%20nacionales%20Coyhaique%20y%20R%C3%ADo%20Simpson&#038;url=https:\/\/radiorevelacionfm.cl\/?p=52150' aria-hidden='false' data-av_icon='\ue8f1' data-av_iconfont='entypo-fontello' title='' data-avia-related-tooltip='Compartir en Twitter' rel=\"noopener\"><span class='avia_hidden_link_text'>Compartir en Twitter<\/span><\/a><\/li><li class='av-share-link av-social-link-whatsapp' ><a target=\"_blank\" aria-label=\"Compartir en Whatsapp\" href='https:\/\/api.whatsapp.com\/send?text=https:\/\/radiorevelacionfm.cl\/?p=52150' aria-hidden='false' data-av_icon='\uf232' data-av_iconfont='entypo-fontello' title='' data-avia-related-tooltip='Compartir en Whatsapp' rel=\"noopener\"><span class='avia_hidden_link_text'>Compartir en Whatsapp<\/span><\/a><\/li><li class='av-share-link av-social-link-linkedin' ><a target=\"_blank\" aria-label=\"Compartir en LinkedIn\" href='https:\/\/linkedin.com\/shareArticle?mini=true&#038;title=Conaf%20invita%20a%20la%20comunidad%20a%20visitar%20las%20reservas%20nacionales%20Coyhaique%20y%20R%C3%ADo%20Simpson&#038;url=https:\/\/radiorevelacionfm.cl\/?p=52150' aria-hidden='false' data-av_icon='\ue8fc' data-av_iconfont='entypo-fontello' title='' data-avia-related-tooltip='Compartir en LinkedIn' rel=\"noopener\"><span class='avia_hidden_link_text'>Compartir en LinkedIn<\/span><\/a><\/li><li class='av-share-link av-social-link-mail' ><a  aria-label=\"Compartir por correo\" href='mailto:?subject=Conaf%20invita%20a%20la%20comunidad%20a%20visitar%20las%20reservas%20nacionales%20Coyhaique%20y%20R%C3%ADo%20Simpson&#038;body=https:\/\/radiorevelacionfm.cl\/?p=52150' aria-hidden='false' data-av_icon='\ue805' data-av_iconfont='entypo-fontello' title='' data-avia-related-tooltip='Compartir por correo'><span class='avia_hidden_link_text'>Compartir por correo<\/span><\/a><\/li><\/ul><\/div><\/div>\n<div  style='height:50px' class='hr hr-invisible   avia-builder-el-8  el_after_av_social_share  el_before_av_comments_list '><span class='hr-inner ' ><span class='hr-inner-style'><\/span><\/span><\/div>\n<div  class='av-buildercomment  av-blog-meta-html-info-disabled av-blog-meta-tag-disabled  '><\/div>\n","protected":false},"excerpt":{"rendered":"","protected":false},"author":1,"featured_media":52151,"comment_status":"closed","ping_status":"closed","sticky":false,"template":"","format":"standard","meta":{"footnotes":""},"categories":[54],"tags":[],"class_list":["post-52150","post","type-post","status-publish","format-standard","has-post-thumbnail","hentry","category-turismo"],"jetpack_featured_media_url":"https:\/\/radiorevelacionfm.cl\/wp-content\/uploads\/2025\/04\/img_4003-1_optimized-1.jpg","_links":{"self":[{"href":"https:\/\/radiorevelacionfm.cl\/index.php?rest_route=\/wp\/v2\/posts\/52150","targetHints":{"allow":["GET"]}}],"collection":[{"href":"https:\/\/radiorevelacionfm.cl\/index.php?rest_route=\/wp\/v2\/posts"}],"about":[{"href":"https:\/\/radiorevelacionfm.cl\/index.php?rest_route=\/wp\/v2\/types\/post"}],"author":[{"embeddable":true,"href":"https:\/\/radiorevelacionfm.cl\/index.php?rest_route=\/wp\/v2\/users\/1"}],"replies":[{"embeddable":true,"href":"https:\/\/radiorevelacionfm.cl\/index.php?rest_route=%2Fwp%2Fv2%2Fcomments&post=52150"}],"version-history":[{"count":3,"href":"https:\/\/radiorevelacionfm.cl\/index.php?rest_route=\/wp\/v2\/posts\/52150\/revisions"}],"predecessor-version":[{"id":52153,"href":"https:\/\/radiorevelacionfm.cl\/index.php?rest_route=\/wp\/v2\/posts\/52150\/revisions\/52153"}],"wp:featuredmedia":[{"embeddable":true,"href":"https:\/\/radiorevelacionfm.cl\/index.php?rest_route=\/wp\/v2\/media\/52151"}],"wp:attachment":[{"href":"https:\/\/radiorevelacionfm.cl\/index.php?rest_route=%2Fwp%2Fv2%2Fmedia&parent=52150"}],"wp:term":[{"taxonomy":"category","embeddable":true,"href":"https:\/\/radiorevelacionfm.cl\/index.php?rest_route=%2Fwp%2Fv2%2Fcategories&post=52150"},{"taxonomy":"post_tag","embeddable":true,"href":"https:\/\/radiorevelacionfm.cl\/index.php?rest_route=%2Fwp%2Fv2%2Ftags&post=52150"}],"curies":[{"name":"wp","href":"https:\/\/api.w.org\/{rel}","templated":true}]}}