{"id":52146,"date":"2025-04-03T10:20:23","date_gmt":"2025-04-03T13:20:23","guid":{"rendered":"https:\/\/radiorevelacionfm.cl\/?p=52146"},"modified":"2025-04-03T10:20:23","modified_gmt":"2025-04-03T13:20:23","slug":"universidad-de-aysen-reconocio-a-beneficiarios-del-programa-austral-de-movilidad-aysen-magallanes-2024","status":"publish","type":"post","link":"https:\/\/radiorevelacionfm.cl\/?p=52146","title":{"rendered":"Universidad de Ays\u00e9n reconoci\u00f3 a beneficiarios del Programa Austral de Movilidad Ays\u00e9n\u2013Magallanes 2024"},"content":{"rendered":"<div class=\"flex_column av_one_full  flex_column_div av-zero-column-padding first  avia-builder-el-0  el_before_av_one_full  avia-builder-el-first  \" style='border-radius:0px; '><div  class='avia-image-container  av-styling-    avia-builder-el-1  avia-builder-el-no-sibling  avia-align-center '  itemprop=\"image\" itemscope=\"itemscope\" itemtype=\"https:\/\/schema.org\/ImageObject\"  ><div class='avia-image-container-inner'><div class='avia-image-overlay-wrap'><img decoding=\"async\" class='wp-image-52147 avia-img-lazy-loading-not-52147 avia_image' src=\"https:\/\/radiorevelacionfm.cl\/wp-content\/uploads\/2025\/04\/pam1-1_optimized.jpeg\" alt='' title='pam1-(1)_optimized' height=\"600\" width=\"898\"  itemprop=\"thumbnailUrl\" srcset=\"https:\/\/radiorevelacionfm.cl\/wp-content\/uploads\/2025\/04\/pam1-1_optimized.jpeg 898w, https:\/\/radiorevelacionfm.cl\/wp-content\/uploads\/2025\/04\/pam1-1_optimized-300x200.jpeg 300w, https:\/\/radiorevelacionfm.cl\/wp-content\/uploads\/2025\/04\/pam1-1_optimized-768x513.jpeg 768w, https:\/\/radiorevelacionfm.cl\/wp-content\/uploads\/2025\/04\/pam1-1_optimized-705x471.jpeg 705w, https:\/\/radiorevelacionfm.cl\/wp-content\/uploads\/2025\/04\/pam1-1_optimized-450x301.jpeg 450w, https:\/\/radiorevelacionfm.cl\/wp-content\/uploads\/2025\/04\/pam1-1_optimized-600x401.jpeg 600w\" sizes=\"(max-width: 898px) 100vw, 898px\" \/><\/div><\/div><\/div><\/div><div class=\"flex_column av_one_full  flex_column_div av-zero-column-padding first  avia-builder-el-2  el_after_av_one_full  el_before_av_one_full  column-top-margin\" style='border-radius:0px; '><section class=\"av_textblock_section \"  itemscope=\"itemscope\" itemtype=\"https:\/\/schema.org\/BlogPosting\" itemprop=\"blogPost\" ><div class='avia_textblock  '   itemprop=\"text\" ><p style=\"text-align: center;\"><strong><span style=\"font-size: 18pt;\">Universidad de Ays\u00e9n reconoci\u00f3 a beneficiarios del\u00a0Programa Austral de Movilidad Ays\u00e9n\u2013Magallanes 2024<\/span><\/strong><\/p>\n<div id=\"gtx-trans\" style=\"position: absolute; left: -50px; top: 4.31534px;\">\n<div class=\"gtx-trans-icon\"><\/div>\n<\/div>\n<\/div><\/section><\/div><div class=\"flex_column av_one_full  flex_column_div av-zero-column-padding first  avia-builder-el-4  el_after_av_one_full  el_before_av_hr  column-top-margin\" style='border-radius:0px; '><section class=\"av_textblock_section \"  itemscope=\"itemscope\" itemtype=\"https:\/\/schema.org\/BlogPosting\" itemprop=\"blogPost\" ><div class='avia_textblock  '   itemprop=\"text\" ><p dir=\"ltr\" style=\"text-align: justify;\"><em>La iniciativa es ejecutada con el apoyo y financiamiento del Gobierno Regional, y en la ceremonia de reconocimiento se destac\u00f3 a estudiantes, acad\u00e9micos y personal de colaboraci\u00f3n que participaron en intercambios con la Universidad de Magallanes, como parte de una iniciativa que busca fortalecer la formaci\u00f3n profesional y acad\u00e9mica desde la Patagonia.<\/em><\/p>\n<p dir=\"ltr\" style=\"text-align: justify;\">En una emotiva ceremonia desarrollada en el Campus Lillo, la Universidad de Ays\u00e9n realiz\u00f3 el acto de reconocimiento a los beneficiarios y beneficiarias del Programa Austral de Movilidad (PAM), correspondiente al a\u00f1o 2024. La instancia, organizada por la instituci\u00f3n con el financiamiento del Gobierno Regional de Ays\u00e9n, destac\u00f3 la participaci\u00f3n de estudiantes, acad\u00e9micos y funcionarios que realizaron pasant\u00edas en la Universidad de Magallanes, y celebr\u00f3 los logros alcanzados en el marco de esta iniciativa que promueve el intercambio de experiencias formativas entre ambas casas de estudio estatales del sur austral.<\/p>\n<p dir=\"ltr\" style=\"text-align: justify;\">Durante la ceremonia, el Director General Acad\u00e9mico de la Universidad de Ays\u00e9n, Marco Vega L\u00f3pez, valor\u00f3 el alcance del programa: \u00abBueno, el d\u00eda de hoy tuvimos un acto muy significativo, donde le entregamos un reconocimiento a nuestros estudiantes, a colaboradores y tambi\u00e9n a acad\u00e9micos que han participado del proyecto del Programa de Movilidad que tenemos con la Universidad de Magallanes y que financia a trav\u00e9s de recursos del Gobierno Regional. Fue una ceremonia muy bonita, muy emotiva porque se vieron tambi\u00e9n algunas de las experiencias de aquellos que ya han participado en este programa\u00bb, se\u00f1al\u00f3 la autoridad universitaria.<br \/>\nA su vez, el Director General Acad\u00e9mico, expres\u00f3 que \u00bb esperamos que este programa se siga desarrollando en el tiempo, es muy importante para ambas instituciones poder colaborar, tanto en docencia como en gesti\u00f3n y tambi\u00e9n en investigaci\u00f3n. Entonces, es un programa que est\u00e1 iniciando, que estamos reci\u00e9n en el segundo a\u00f1o, pero que ya tiene resultados, que tiene funcionarios que han ido y que han vuelto con buenas pr\u00e1cticas que pueden compartir entre sus colegas y estudiantes que ya han hecho el proceso y otros que est\u00e1n en proceso de postulaci\u00f3n\u00bb, puntualiz\u00f3.<\/p>\n<p dir=\"ltr\" style=\"text-align: justify;\">Desde el Gobierno Regional de Ays\u00e9n, la Jefa de la Divisi\u00f3n de Desarrollo Social y Humano, Dominique Brautigam Lagomarsino, relev\u00f3 la alianza interinstitucional y su impacto en el territorio. \u00abBueno, hoy d\u00eda es una instancia en la cual se vinculan dos instituciones a favor del desarrollo de la formaci\u00f3n en la Regi\u00f3n de Ays\u00e9n. De parte del Gobernador Regional Marcelo Santana, nos sentimos muy orgullosos de la iniciativa y sobre todo de los avances y logros que se han obtenido en la base del conocimiento, que ha contribuido directamente a la formaci\u00f3n acad\u00e9mica de la Universidad de Ays\u00e9n\u00bb, se\u00f1al\u00f3.<\/p>\n<p dir=\"ltr\" style=\"text-align: justify;\">En tanto, el Director General de Vinculaci\u00f3n con el Medio de la UAys\u00e9n, Gabriel N\u00fa\u00f1ez Vivanco, valor\u00f3 los primeros resultados de esta experiencia. \u00abEstamos terminando la ceremonia de reconocimiento de nuestra primera experiencia formativa del Programa Austral de Movilidad. Estudiantes se movilizaron, funcionarios y acad\u00e9micos de la Universidad de Magallanes hacia nuestra universidad y tambi\u00e9n de nuestra universidad hacia la Universidad de Magallanes. Y ahora estamos, por supuesto, motivando a toda nuestra comunidad educativa a postular a este programa. Buscamos mover a 60 estudiantes en movilidad semestral y m\u00e1s de 70 profesionales y acad\u00e9micos, a que vayan a conocer experiencias, aprender soluciones tambi\u00e9n a problem\u00e1ticas que una universidad como la de Magallanes ha tenido en el tiempo y ha sabido resolver.\u00a0 As\u00ed es que los motivo a postular\u00bb, puntualiz\u00f3.<\/p>\n<p dir=\"ltr\" style=\"text-align: justify;\">Durante el evento se entregaron diplomas a quienes participaron en movilidad semestral, como Luis C\u00e1rdenas Jara, estudiante de Ingenier\u00eda Civil Inform\u00e1tica, quien valor\u00f3 su experiencia. \u00abLa experiencia fue buena. Conoc\u00ed a mucha gente, no solo de la universidad, sino tambi\u00e9n de otros pa\u00edses que estaban participando en programas de intercambio. Me relacion\u00e9 con varias personas y tambi\u00e9n aprend\u00ed harto en distintas materias que all\u00e1 se imparten. Por ejemplo, recuerdo que mencionaron clases de rob\u00f3tica. En general, fue una experiencia muy enriquecedora\u00bb, expres\u00f3 el estudiante UAys\u00e9n.<\/p>\n<p dir=\"ltr\" style=\"text-align: justify;\">Junto a \u00e9l, tambi\u00e9n fueron reconocidos C\u00e9sar Gonz\u00e1lez Valenzuela, de Ingenier\u00eda Civil Industrial, y los participantes de modalidad de acci\u00f3n inmediata: Aurora Pino Cruz, Cristian Coronado Coronado, Constanza Gatica Alvarado, David V\u00e1squez Oyarce, Gustavo Campos Jeg\u00f3, Hayley Dur\u00e1n Bocaz, Rodrigo Ojeda Rebolledo y Y\u00e9sica Olivero Villalobos.<\/p>\n<p dir=\"ltr\" style=\"text-align: justify;\">El Programa Austral de Movilidad busca consolidarse como una experiencia formativa integral, promoviendo la colaboraci\u00f3n entre instituciones estatales del extremo sur de Chile, con \u00e9nfasis en el fortalecimiento acad\u00e9mico, profesional y territorial. Actualmente se encuentra abierta una nueva convocatoria.<\/p>\n<\/div><\/section><\/div><div  style='height:50px' class='hr hr-invisible   avia-builder-el-6  el_after_av_one_full  el_before_av_social_share '><span class='hr-inner ' ><span class='hr-inner-style'><\/span><\/span><\/div><\/p>\n<div  class='av-social-sharing-box  avia-builder-el-7  el_after_av_hr  el_before_av_hr  '><div class='av-share-box'><h5 class='av-share-link-description av-no-toc '>Compartir esta noticia<\/h5><ul class='av-share-box-list noLightbox'><li class='av-share-link av-social-link-facebook' ><a target=\"_blank\" aria-label=\"Compartir en Facebook\" href='https:\/\/www.facebook.com\/sharer.php?u=https:\/\/radiorevelacionfm.cl\/?p=52146&#038;t=Universidad%20de%20Ays%C3%A9n%20reconoci%C3%B3%20a%20beneficiarios%20del%20Programa%20Austral%20de%20Movilidad%20Ays%C3%A9n%E2%80%93Magallanes%202024' aria-hidden='false' data-av_icon='\ue8f3' data-av_iconfont='entypo-fontello' title='' data-avia-related-tooltip='Compartir en Facebook' rel=\"noopener\"><span class='avia_hidden_link_text'>Compartir en Facebook<\/span><\/a><\/li><li class='av-share-link av-social-link-twitter' ><a target=\"_blank\" aria-label=\"Compartir en Twitter\" href='https:\/\/twitter.com\/share?text=Universidad%20de%20Ays%C3%A9n%20reconoci%C3%B3%20a%20beneficiarios%20del%20Programa%20Austral%20de%20Movilidad%20Ays%C3%A9n%E2%80%93Magallanes%202024&#038;url=https:\/\/radiorevelacionfm.cl\/?p=52146' aria-hidden='false' data-av_icon='\ue8f1' data-av_iconfont='entypo-fontello' title='' data-avia-related-tooltip='Compartir en Twitter' rel=\"noopener\"><span class='avia_hidden_link_text'>Compartir en Twitter<\/span><\/a><\/li><li class='av-share-link av-social-link-whatsapp' ><a target=\"_blank\" aria-label=\"Compartir en Whatsapp\" href='https:\/\/api.whatsapp.com\/send?text=https:\/\/radiorevelacionfm.cl\/?p=52146' aria-hidden='false' data-av_icon='\uf232' data-av_iconfont='entypo-fontello' title='' data-avia-related-tooltip='Compartir en Whatsapp' rel=\"noopener\"><span class='avia_hidden_link_text'>Compartir en Whatsapp<\/span><\/a><\/li><li class='av-share-link av-social-link-linkedin' ><a target=\"_blank\" aria-label=\"Compartir en LinkedIn\" href='https:\/\/linkedin.com\/shareArticle?mini=true&#038;title=Universidad%20de%20Ays%C3%A9n%20reconoci%C3%B3%20a%20beneficiarios%20del%20Programa%20Austral%20de%20Movilidad%20Ays%C3%A9n%E2%80%93Magallanes%202024&#038;url=https:\/\/radiorevelacionfm.cl\/?p=52146' aria-hidden='false' data-av_icon='\ue8fc' data-av_iconfont='entypo-fontello' title='' data-avia-related-tooltip='Compartir en LinkedIn' rel=\"noopener\"><span class='avia_hidden_link_text'>Compartir en LinkedIn<\/span><\/a><\/li><li class='av-share-link av-social-link-mail' ><a  aria-label=\"Compartir por correo\" href='mailto:?subject=Universidad%20de%20Ays%C3%A9n%20reconoci%C3%B3%20a%20beneficiarios%20del%20Programa%20Austral%20de%20Movilidad%20Ays%C3%A9n%E2%80%93Magallanes%202024&#038;body=https:\/\/radiorevelacionfm.cl\/?p=52146' aria-hidden='false' data-av_icon='\ue805' data-av_iconfont='entypo-fontello' title='' data-avia-related-tooltip='Compartir por correo'><span class='avia_hidden_link_text'>Compartir por correo<\/span><\/a><\/li><\/ul><\/div><\/div>\n<div  style='height:50px' class='hr hr-invisible   avia-builder-el-8  el_after_av_social_share  el_before_av_comments_list '><span class='hr-inner ' ><span class='hr-inner-style'><\/span><\/span><\/div>\n<div  class='av-buildercomment  av-blog-meta-html-info-disabled av-blog-meta-tag-disabled  '><\/div>\n","protected":false},"excerpt":{"rendered":"","protected":false},"author":1,"featured_media":52147,"comment_status":"closed","ping_status":"closed","sticky":false,"template":"","format":"standard","meta":{"footnotes":""},"categories":[49],"tags":[],"class_list":["post-52146","post","type-post","status-publish","format-standard","has-post-thumbnail","hentry","category-educacion"],"jetpack_featured_media_url":"https:\/\/radiorevelacionfm.cl\/wp-content\/uploads\/2025\/04\/pam1-1_optimized.jpeg","_links":{"self":[{"href":"https:\/\/radiorevelacionfm.cl\/index.php?rest_route=\/wp\/v2\/posts\/52146","targetHints":{"allow":["GET"]}}],"collection":[{"href":"https:\/\/radiorevelacionfm.cl\/index.php?rest_route=\/wp\/v2\/posts"}],"about":[{"href":"https:\/\/radiorevelacionfm.cl\/index.php?rest_route=\/wp\/v2\/types\/post"}],"author":[{"embeddable":true,"href":"https:\/\/radiorevelacionfm.cl\/index.php?rest_route=\/wp\/v2\/users\/1"}],"replies":[{"embeddable":true,"href":"https:\/\/radiorevelacionfm.cl\/index.php?rest_route=%2Fwp%2Fv2%2Fcomments&post=52146"}],"version-history":[{"count":2,"href":"https:\/\/radiorevelacionfm.cl\/index.php?rest_route=\/wp\/v2\/posts\/52146\/revisions"}],"predecessor-version":[{"id":52149,"href":"https:\/\/radiorevelacionfm.cl\/index.php?rest_route=\/wp\/v2\/posts\/52146\/revisions\/52149"}],"wp:featuredmedia":[{"embeddable":true,"href":"https:\/\/radiorevelacionfm.cl\/index.php?rest_route=\/wp\/v2\/media\/52147"}],"wp:attachment":[{"href":"https:\/\/radiorevelacionfm.cl\/index.php?rest_route=%2Fwp%2Fv2%2Fmedia&parent=52146"}],"wp:term":[{"taxonomy":"category","embeddable":true,"href":"https:\/\/radiorevelacionfm.cl\/index.php?rest_route=%2Fwp%2Fv2%2Fcategories&post=52146"},{"taxonomy":"post_tag","embeddable":true,"href":"https:\/\/radiorevelacionfm.cl\/index.php?rest_route=%2Fwp%2Fv2%2Ftags&post=52146"}],"curies":[{"name":"wp","href":"https:\/\/api.w.org\/{rel}","templated":true}]}}