{"id":52137,"date":"2025-04-03T15:56:45","date_gmt":"2025-04-03T18:56:45","guid":{"rendered":"https:\/\/radiorevelacionfm.cl\/?p=52137"},"modified":"2025-04-03T15:56:45","modified_gmt":"2025-04-03T18:56:45","slug":"ministra-del-medio-ambiente-y-senapred-lideran-dialogo-ciudadano-sobre-cambio-climatico-en-coyhaique","status":"publish","type":"post","link":"https:\/\/radiorevelacionfm.cl\/?p=52137","title":{"rendered":"Ministra del Medio Ambiente y SENAPRED lideran di\u00e1logo ciudadano sobre cambio clim\u00e1tico en Coyhaique"},"content":{"rendered":"<div class=\"flex_column av_one_full  flex_column_div av-zero-column-padding first  avia-builder-el-0  el_before_av_one_full  avia-builder-el-first  \" style='border-radius:0px; '><div  class='avia-image-container  av-styling-    avia-builder-el-1  avia-builder-el-no-sibling  avia-align-center '  itemprop=\"image\" itemscope=\"itemscope\" itemtype=\"https:\/\/schema.org\/ImageObject\"  ><div class='avia-image-container-inner'><div class='avia-image-overlay-wrap'><img decoding=\"async\" class='wp-image-52138 avia-img-lazy-loading-not-52138 avia_image' src=\"https:\/\/radiorevelacionfm.cl\/wp-content\/uploads\/2025\/04\/4-98-1_optimized.jpg\" alt='' title='4-(98)-(1)_optimized' height=\"600\" width=\"896\"  itemprop=\"thumbnailUrl\" srcset=\"https:\/\/radiorevelacionfm.cl\/wp-content\/uploads\/2025\/04\/4-98-1_optimized.jpg 896w, https:\/\/radiorevelacionfm.cl\/wp-content\/uploads\/2025\/04\/4-98-1_optimized-300x201.jpg 300w, https:\/\/radiorevelacionfm.cl\/wp-content\/uploads\/2025\/04\/4-98-1_optimized-768x514.jpg 768w, https:\/\/radiorevelacionfm.cl\/wp-content\/uploads\/2025\/04\/4-98-1_optimized-705x472.jpg 705w, https:\/\/radiorevelacionfm.cl\/wp-content\/uploads\/2025\/04\/4-98-1_optimized-450x301.jpg 450w, https:\/\/radiorevelacionfm.cl\/wp-content\/uploads\/2025\/04\/4-98-1_optimized-600x402.jpg 600w\" sizes=\"(max-width: 896px) 100vw, 896px\" \/><\/div><\/div><\/div><\/div><div class=\"flex_column av_one_full  flex_column_div av-zero-column-padding first  avia-builder-el-2  el_after_av_one_full  el_before_av_one_full  column-top-margin\" style='border-radius:0px; '><section class=\"av_textblock_section \"  itemscope=\"itemscope\" itemtype=\"https:\/\/schema.org\/BlogPosting\" itemprop=\"blogPost\" ><div class='avia_textblock  '   itemprop=\"text\" ><p style=\"text-align: center;\"><strong><span style=\"font-size: 18pt;\">Ministra del Medio Ambiente y SENAPRED lideran di\u00e1logo ciudadano sobre cambio clim\u00e1tico en Coyhaique<\/span><\/strong><\/p>\n<div id=\"gtx-trans\" style=\"position: absolute; left: -50px; top: 4.31534px;\">\n<div class=\"gtx-trans-icon\"><\/div>\n<\/div>\n<\/div><\/section><\/div><div class=\"flex_column av_one_full  flex_column_div av-zero-column-padding first  avia-builder-el-4  el_after_av_one_full  el_before_av_hr  column-top-margin\" style='border-radius:0px; '><section class=\"av_textblock_section \"  itemscope=\"itemscope\" itemtype=\"https:\/\/schema.org\/BlogPosting\" itemprop=\"blogPost\" ><div class='avia_textblock  '   itemprop=\"text\" ><p style=\"text-align: justify;\">En marco de la gira de la Ministra del Medio Ambiente en la Regi\u00f3n de Ays\u00e9n, se llev\u00f3 a cabo la segunda experiencia regional de Taller-Di\u00e1logo Prevenci\u00f3n Acci\u00f3n, instancia participativa organizada por el Ministerio del Medio Ambiente\u00a0 y el Servicio Nacional de Prevenci\u00f3n y Respuesta ante Desastres SENAPRED, para convocar a la ciudadan\u00eda a conocer y conversar sobre la capacidad de respuesta y resiliencia de las comunidades a los efectos de riesgos clim\u00e1ticos.<\/p>\n<p style=\"text-align: justify;\">La actividad, que tiene como objetivo relevar la importancia de las fases de preparaci\u00f3n, mitigaci\u00f3n y respuesta ante las amenazas del cambio clim\u00e1tico, considerando las altas vulnerabilidades de la regi\u00f3n de Ays\u00e9n, como el aumento de incendios forestales, remociones en masa por precipitaci\u00f3n intensa, inundaciones en localidades del litoral y disminuci\u00f3n de caudales de r\u00edos por p\u00e9rdida de nieves, comenz\u00f3 con la exposici\u00f3n de la Ministra Maisa Rojas, <strong>Prevenci\u00f3n y Acci\u00f3n: enfrentando los efectos del Cambio Clim\u00e1tico<\/strong>.<\/p>\n<p style=\"text-align: justify;\">\u201cEn este di\u00e1logo abordamos c\u00f3mo enfrentamos los desastres a la luz de la crisis clim\u00e1tica, una conversaci\u00f3n muy interesante en la cual visibilizamos las amenazas de las comunidades de Coyhaique, Puerto Ays\u00e9n, en los distintos espacios territoriales de esta gran regi\u00f3n, y c\u00f3mo esas amenazas se profundizan con el cambio clim\u00e1tico, muy relacionado con un ordenamiento territorial, muy necesario, que tiene que incorporar estas variables\u201d, recalc\u00f3 la Ministra, Maisa Rojas.<\/p>\n<p style=\"text-align: justify;\">Posteriormente el Director Regional Subrogante de SENAPRED Ays\u00e9n Carlos Ureta, quien expuso a las y los presentes: Emergencias, desastres o cat\u00e1strofes que han afectado a la Regi\u00f3n de Ays\u00e9n los \u00faltimos a\u00f1os\u201d abordando, entre otros, la nevaz\u00f3n del a\u00f1o 2010 y los recientes incendios forestales en la recta Foitzick y sector los Chochos en la comuna de Coyhaique ,y as\u00ed tambi\u00e9n las acciones preventivas, planes de riesgo y acciones de simulacro que se han desarrollado desde el servicio.<\/p>\n<p style=\"text-align: justify;\">\u201cEstos di\u00e1logos que se est\u00e1n realizando, encabezados por nuestra Ministra del Medio Ambiente con nosotros como SENAPRED, son fundamentales porque el cambio clim\u00e1tico est\u00e1 dejando ciertas situaciones complejas en el diario vivir y en nuestra poblaci\u00f3n, conversamos del contexto nacional, pero en nuestra regi\u00f3n s\u00ed tenemos situaciones como el d\u00e9ficit h\u00eddrico, incendios forestales que extienden su temporalidad, remociones en masa, etc. Entonces nos reunimos a reflexionar sobre c\u00f3mo estar mejor preparados y estos di\u00e1logos nos van a dar un insumo importante para la toma de decisiones\u201d, explic\u00f3 el Director(s) Carlos Ureta.<\/p>\n<p style=\"text-align: justify;\">Actualmente, de las 10 comunas de la regi\u00f3n de Ays\u00e9n, existen cinco que cuentan con planes de acci\u00f3n comunal al cambio clim\u00e1tico en elaboraci\u00f3n y otras tres avanzan en su dise\u00f1o. Sin embargo, desde SENAPRED reconocen la necesidad de avanzar en planes comunales de gesti\u00f3n de riesgo validados.<\/p>\n<p style=\"text-align: justify;\">Una vez concluidas las exposiciones, los participantes del taller iniciaron un trabajo grupal donde reflexionaron en torno a tres preguntas sobre percepci\u00f3n y preparaci\u00f3n al riesgo: \u00bfQu\u00e9 se debe mantener, mejorar o cambiar en su territorio (localidad) para afrontar emergencias clim\u00e1ticas o desastres?, \u00bfQu\u00e9 deber\u00edamos hacer nosotros como comunidad para prevenir o prepararnos ante una emergencia o desastre?, y \u00bfC\u00f3mo las instituciones pueden acercarse mejor a las comunidades para implementar medidas de prevenci\u00f3n y preparaci\u00f3n?<\/p>\n<p style=\"text-align: justify;\">El Consejero Regional y participante del di\u00e1logo, Benjam\u00edn Infante, destac\u00f3 la oportunidad de reunir a la comunidad en torno a la tem\u00e1tica ,\u201ces muy importante que nos hagamos cargo como comunidades de la regi\u00f3n de Ays\u00e9n de la prevenci\u00f3n de los riesgos asociados al cambio clim\u00e1tico, porque de esa manera podemos aumentar nuestra capacidad de resistir esos embates de manera mancomunada, porque son desaf\u00edos colectivos que nos afectan a todos (\u2026) seamos parte de la soluci\u00f3n, ya que, en cierta forma, tambi\u00e9n hemos sido parte del problema, \u00bfcierto? Porque hasta ahora, como regi\u00f3n, hemos crecido de manera espont\u00e1nea, sin planificaci\u00f3n, y muchas veces en lugares que no son aptos para la construcci\u00f3n de viviendas, sino que son zonas de riesgo de desastre\u201d, concluy\u00f3.<\/p>\n<\/div><\/section><\/div><div  style='height:50px' class='hr hr-invisible   avia-builder-el-6  el_after_av_one_full  el_before_av_social_share '><span class='hr-inner ' ><span class='hr-inner-style'><\/span><\/span><\/div><\/p>\n<div  class='av-social-sharing-box  avia-builder-el-7  el_after_av_hr  el_before_av_hr  '><div class='av-share-box'><h5 class='av-share-link-description av-no-toc '>Compartir esta noticia<\/h5><ul class='av-share-box-list noLightbox'><li class='av-share-link av-social-link-facebook' ><a target=\"_blank\" aria-label=\"Compartir en Facebook\" href='https:\/\/www.facebook.com\/sharer.php?u=https:\/\/radiorevelacionfm.cl\/?p=52137&#038;t=Ministra%20del%20Medio%20Ambiente%20y%20SENAPRED%20lideran%20di%C3%A1logo%20ciudadano%20sobre%20cambio%20clim%C3%A1tico%20en%20Coyhaique' aria-hidden='false' data-av_icon='\ue8f3' data-av_iconfont='entypo-fontello' title='' data-avia-related-tooltip='Compartir en Facebook' rel=\"noopener\"><span class='avia_hidden_link_text'>Compartir en Facebook<\/span><\/a><\/li><li class='av-share-link av-social-link-twitter' ><a target=\"_blank\" aria-label=\"Compartir en Twitter\" href='https:\/\/twitter.com\/share?text=Ministra%20del%20Medio%20Ambiente%20y%20SENAPRED%20lideran%20di%C3%A1logo%20ciudadano%20sobre%20cambio%20clim%C3%A1tico%20en%20Coyhaique&#038;url=https:\/\/radiorevelacionfm.cl\/?p=52137' aria-hidden='false' data-av_icon='\ue8f1' data-av_iconfont='entypo-fontello' title='' data-avia-related-tooltip='Compartir en Twitter' rel=\"noopener\"><span class='avia_hidden_link_text'>Compartir en Twitter<\/span><\/a><\/li><li class='av-share-link av-social-link-whatsapp' ><a target=\"_blank\" aria-label=\"Compartir en Whatsapp\" href='https:\/\/api.whatsapp.com\/send?text=https:\/\/radiorevelacionfm.cl\/?p=52137' aria-hidden='false' data-av_icon='\uf232' data-av_iconfont='entypo-fontello' title='' data-avia-related-tooltip='Compartir en Whatsapp' rel=\"noopener\"><span class='avia_hidden_link_text'>Compartir en Whatsapp<\/span><\/a><\/li><li class='av-share-link av-social-link-linkedin' ><a target=\"_blank\" aria-label=\"Compartir en LinkedIn\" href='https:\/\/linkedin.com\/shareArticle?mini=true&#038;title=Ministra%20del%20Medio%20Ambiente%20y%20SENAPRED%20lideran%20di%C3%A1logo%20ciudadano%20sobre%20cambio%20clim%C3%A1tico%20en%20Coyhaique&#038;url=https:\/\/radiorevelacionfm.cl\/?p=52137' aria-hidden='false' data-av_icon='\ue8fc' data-av_iconfont='entypo-fontello' title='' data-avia-related-tooltip='Compartir en LinkedIn' rel=\"noopener\"><span class='avia_hidden_link_text'>Compartir en LinkedIn<\/span><\/a><\/li><li class='av-share-link av-social-link-mail' ><a  aria-label=\"Compartir por correo\" href='mailto:?subject=Ministra%20del%20Medio%20Ambiente%20y%20SENAPRED%20lideran%20di%C3%A1logo%20ciudadano%20sobre%20cambio%20clim%C3%A1tico%20en%20Coyhaique&#038;body=https:\/\/radiorevelacionfm.cl\/?p=52137' aria-hidden='false' data-av_icon='\ue805' data-av_iconfont='entypo-fontello' title='' data-avia-related-tooltip='Compartir por correo'><span class='avia_hidden_link_text'>Compartir por correo<\/span><\/a><\/li><\/ul><\/div><\/div>\n<div  style='height:50px' class='hr hr-invisible   avia-builder-el-8  el_after_av_social_share  el_before_av_comments_list '><span class='hr-inner ' ><span class='hr-inner-style'><\/span><\/span><\/div>\n<div  class='av-buildercomment  av-blog-meta-html-info-disabled av-blog-meta-tag-disabled  '><\/div>\n","protected":false},"excerpt":{"rendered":"","protected":false},"author":1,"featured_media":52138,"comment_status":"closed","ping_status":"closed","sticky":false,"template":"","format":"standard","meta":{"footnotes":""},"categories":[39],"tags":[],"class_list":["post-52137","post","type-post","status-publish","format-standard","has-post-thumbnail","hentry","category-medio-ambiente"],"jetpack_featured_media_url":"https:\/\/radiorevelacionfm.cl\/wp-content\/uploads\/2025\/04\/4-98-1_optimized.jpg","_links":{"self":[{"href":"https:\/\/radiorevelacionfm.cl\/index.php?rest_route=\/wp\/v2\/posts\/52137","targetHints":{"allow":["GET"]}}],"collection":[{"href":"https:\/\/radiorevelacionfm.cl\/index.php?rest_route=\/wp\/v2\/posts"}],"about":[{"href":"https:\/\/radiorevelacionfm.cl\/index.php?rest_route=\/wp\/v2\/types\/post"}],"author":[{"embeddable":true,"href":"https:\/\/radiorevelacionfm.cl\/index.php?rest_route=\/wp\/v2\/users\/1"}],"replies":[{"embeddable":true,"href":"https:\/\/radiorevelacionfm.cl\/index.php?rest_route=%2Fwp%2Fv2%2Fcomments&post=52137"}],"version-history":[{"count":2,"href":"https:\/\/radiorevelacionfm.cl\/index.php?rest_route=\/wp\/v2\/posts\/52137\/revisions"}],"predecessor-version":[{"id":52173,"href":"https:\/\/radiorevelacionfm.cl\/index.php?rest_route=\/wp\/v2\/posts\/52137\/revisions\/52173"}],"wp:featuredmedia":[{"embeddable":true,"href":"https:\/\/radiorevelacionfm.cl\/index.php?rest_route=\/wp\/v2\/media\/52138"}],"wp:attachment":[{"href":"https:\/\/radiorevelacionfm.cl\/index.php?rest_route=%2Fwp%2Fv2%2Fmedia&parent=52137"}],"wp:term":[{"taxonomy":"category","embeddable":true,"href":"https:\/\/radiorevelacionfm.cl\/index.php?rest_route=%2Fwp%2Fv2%2Fcategories&post=52137"},{"taxonomy":"post_tag","embeddable":true,"href":"https:\/\/radiorevelacionfm.cl\/index.php?rest_route=%2Fwp%2Fv2%2Ftags&post=52137"}],"curies":[{"name":"wp","href":"https:\/\/api.w.org\/{rel}","templated":true}]}}