{"id":52117,"date":"2025-04-02T20:28:31","date_gmt":"2025-04-02T23:28:31","guid":{"rendered":"https:\/\/radiorevelacionfm.cl\/?p=52117"},"modified":"2025-04-02T20:28:31","modified_gmt":"2025-04-02T23:28:31","slug":"en-el-dia-mundial-de-concienciacion-sobre-autismo-la-red-asistencial-difunde-ley-tea-e-instalacion-de-sala-de-rehabilitacion","status":"publish","type":"post","link":"https:\/\/radiorevelacionfm.cl\/?p=52117","title":{"rendered":"En el d\u00eda Mundial de Concienciaci\u00f3n sobre Autismo la Red Asistencial difunde Ley TEA e instalaci\u00f3n de sala de rehabilitaci\u00f3n"},"content":{"rendered":"<div class=\"flex_column av_one_full  flex_column_div av-zero-column-padding first  avia-builder-el-0  el_before_av_one_full  avia-builder-el-first  \" style='border-radius:0px; '><div  class='avia-image-container  av-styling-    avia-builder-el-1  avia-builder-el-no-sibling  avia-align-center '  itemprop=\"image\" itemscope=\"itemscope\" itemtype=\"https:\/\/schema.org\/ImageObject\"  ><div class='avia-image-container-inner'><div class='avia-image-overlay-wrap'><img decoding=\"async\" class='wp-image-52118 avia-img-lazy-loading-not-52118 avia_image' src=\"https:\/\/radiorevelacionfm.cl\/wp-content\/uploads\/2025\/04\/escuela-altamira-25-1-1.jpeg\" alt='' title='escuela altamira (25) (1) (1)' height=\"600\" width=\"900\"  itemprop=\"thumbnailUrl\" srcset=\"https:\/\/radiorevelacionfm.cl\/wp-content\/uploads\/2025\/04\/escuela-altamira-25-1-1.jpeg 900w, https:\/\/radiorevelacionfm.cl\/wp-content\/uploads\/2025\/04\/escuela-altamira-25-1-1-300x200.jpeg 300w, https:\/\/radiorevelacionfm.cl\/wp-content\/uploads\/2025\/04\/escuela-altamira-25-1-1-768x512.jpeg 768w, https:\/\/radiorevelacionfm.cl\/wp-content\/uploads\/2025\/04\/escuela-altamira-25-1-1-705x470.jpeg 705w, https:\/\/radiorevelacionfm.cl\/wp-content\/uploads\/2025\/04\/escuela-altamira-25-1-1-450x300.jpeg 450w, https:\/\/radiorevelacionfm.cl\/wp-content\/uploads\/2025\/04\/escuela-altamira-25-1-1-600x400.jpeg 600w\" sizes=\"(max-width: 900px) 100vw, 900px\" \/><\/div><\/div><\/div><\/div><div class=\"flex_column av_one_full  flex_column_div av-zero-column-padding first  avia-builder-el-2  el_after_av_one_full  el_before_av_one_full  column-top-margin\" style='border-radius:0px; '><section class=\"av_textblock_section \"  itemscope=\"itemscope\" itemtype=\"https:\/\/schema.org\/BlogPosting\" itemprop=\"blogPost\" ><div class='avia_textblock  '   itemprop=\"text\" ><p style=\"text-align: center;\"><span style=\"font-size: 18pt;\"><b>En el d\u00eda Mundial de Concienciaci\u00f3n sobre Autismo la Red Asistencial difunde Ley TEA e instalaci\u00f3n de sala de rehabilitaci\u00f3n<\/b><\/span><\/p>\n<div id=\"gtx-trans\" style=\"position: absolute; left: -50px; top: 4.31534px;\">\n<div class=\"gtx-trans-icon\"><\/div>\n<\/div>\n<\/div><\/section><\/div><div class=\"flex_column av_one_full  flex_column_div av-zero-column-padding first  avia-builder-el-4  el_after_av_one_full  el_before_av_hr  column-top-margin\" style='border-radius:0px; '><section class=\"av_textblock_section \"  itemscope=\"itemscope\" itemtype=\"https:\/\/schema.org\/BlogPosting\" itemprop=\"blogPost\" ><div class='avia_textblock  '   itemprop=\"text\" ><p style=\"font-weight: 400; text-align: justify;\">En el marco del D\u00eda Mundial por la Concientizaci\u00f3n sobre el Autismo, profesionales del programa de apoyo al desarrollo integral infantojuvenil del Servicio de Salud Ays\u00e9n (SSA) participaron de una actividad de difusi\u00f3n de la Ley TEA, norma promulgada en 2023 por el Presidente Gabriel Boric, bajo el n\u00famero 21.545. Este cuerpo normativo tiene como objetivo asegurar la igualdad de oportunidades y la inclusi\u00f3n social de personas con Trastorno del Espectro Autista (TEA) en Chile, promoviendo la inclusi\u00f3n en \u00e1mbitos social, de salud y educativo, y eliminando cualquier forma de discriminaci\u00f3n.<\/p>\n<p style=\"font-weight: 400; text-align: justify;\">La actividad se realiz\u00f3 en el colegio Altamira de Coyhaique y consisti\u00f3 en recoger las impresiones de los estudiantes en torno a esta tem\u00e1tica.<\/p>\n<p style=\"font-weight: 400; text-align: justify;\">\u201cNos queremos acercar a la comunidad y sobre todo al sector educaci\u00f3n, donde est\u00e1n los ni\u00f1os, ni\u00f1as y adolescentes visitamos la escuela Altamira, en donde nos han acogido estupendamente porque hemos tenido una gran jornada con ni\u00f1os y ni\u00f1as y los docentes que de forma muy dedicada se encuentran abordando con sus proyectos de integraci\u00f3n escolar a ni\u00f1os y ni\u00f1as con autismo\u201d, explic\u00f3 Pamela Rojas, encargada de la instalaci\u00f3n de lo que ser\u00e1 la sala de rehabilitaci\u00f3n infanto juvenil con enfoque TEA en Ays\u00e9n.<\/p>\n<p style=\"font-weight: 400; text-align: justify;\">Este espacio de apoyo al desarrollo y rehabilitaci\u00f3n integral de ni\u00f1os, ni\u00f1as y adolescentes contar\u00e1 con equipos multidisciplinarios que incluyen atenciones de medicina familiar, psicolog\u00eda, enfermer\u00eda, fonoaudiolog\u00eda, kinesiolog\u00eda, terapia ocupacional y trabajo social. Actualmente se encuentra funcionando en el Ex Hotel Los \u00d1ires y desde junio lo har\u00e1 en una casa especialmente adecuada para estas prestaciones.<\/p>\n<p style=\"font-weight: 400; text-align: justify;\">Cecilia Molina, directora de la escuela Altamira agradeci\u00f3 la vinculaci\u00f3n con el SSA y la pr\u00f3xima instalaci\u00f3n de la sala de rehabilitaci\u00f3n infanto adolescente a trav\u00e9s de la direcci\u00f3n de Atenci\u00f3n Primaria.<\/p>\n<p style=\"font-weight: 400; text-align: justify;\">\u201cEsta es una acci\u00f3n muy relevante que va en beneficio de las familias y nos parece importante que esta informaci\u00f3n sea transmitida de primera fuente, desde el Servicio de Salud a la escuela y en instancias posteriores a los colegas y apoderados para ver como acceder. Nosotros tenemos varios estudiantes que van a ser beneficiarios de estos apoyos y sabemos que ya est\u00e1n trabajando con algunos\u201d, expres\u00f3 la directora del establecimiento educacional.<\/p>\n<p style=\"font-weight: 400; text-align: justify;\">Estas acciones buscan avanzar en la coordinaci\u00f3n permanente entre los equipos de educaci\u00f3n y salud para entregar rehabilitaci\u00f3n a ni\u00f1os, ni\u00f1as y adolescentes, familias y cuidadores, mejorando la calidad de vida y disminuyendo brechas.<\/p>\n<\/div><\/section><\/div><div  style='height:50px' class='hr hr-invisible   avia-builder-el-6  el_after_av_one_full  el_before_av_social_share '><span class='hr-inner ' ><span class='hr-inner-style'><\/span><\/span><\/div><\/p>\n<div  class='av-social-sharing-box  avia-builder-el-7  el_after_av_hr  el_before_av_hr  '><div class='av-share-box'><h5 class='av-share-link-description av-no-toc '>Compartir esta noticia<\/h5><ul class='av-share-box-list noLightbox'><li class='av-share-link av-social-link-facebook' ><a target=\"_blank\" aria-label=\"Compartir en Facebook\" href='https:\/\/www.facebook.com\/sharer.php?u=https:\/\/radiorevelacionfm.cl\/?p=52117&#038;t=En%20el%20d%C3%ADa%20Mundial%20de%20Concienciaci%C3%B3n%20sobre%20Autismo%20la%20Red%20Asistencial%20difunde%20Ley%20TEA%20e%20instalaci%C3%B3n%20de%20sala%20de%20rehabilitaci%C3%B3n' aria-hidden='false' data-av_icon='\ue8f3' data-av_iconfont='entypo-fontello' title='' data-avia-related-tooltip='Compartir en Facebook' rel=\"noopener\"><span class='avia_hidden_link_text'>Compartir en Facebook<\/span><\/a><\/li><li class='av-share-link av-social-link-twitter' ><a target=\"_blank\" aria-label=\"Compartir en Twitter\" href='https:\/\/twitter.com\/share?text=En%20el%20d%C3%ADa%20Mundial%20de%20Concienciaci%C3%B3n%20sobre%20Autismo%20la%20Red%20Asistencial%20difunde%20Ley%20TEA%20e%20instalaci%C3%B3n%20de%20sala%20de%20rehabilitaci%C3%B3n&#038;url=https:\/\/radiorevelacionfm.cl\/?p=52117' aria-hidden='false' data-av_icon='\ue8f1' data-av_iconfont='entypo-fontello' title='' data-avia-related-tooltip='Compartir en Twitter' rel=\"noopener\"><span class='avia_hidden_link_text'>Compartir en Twitter<\/span><\/a><\/li><li class='av-share-link av-social-link-whatsapp' ><a target=\"_blank\" aria-label=\"Compartir en Whatsapp\" href='https:\/\/api.whatsapp.com\/send?text=https:\/\/radiorevelacionfm.cl\/?p=52117' aria-hidden='false' data-av_icon='\uf232' data-av_iconfont='entypo-fontello' title='' data-avia-related-tooltip='Compartir en Whatsapp' rel=\"noopener\"><span class='avia_hidden_link_text'>Compartir en Whatsapp<\/span><\/a><\/li><li class='av-share-link av-social-link-linkedin' ><a target=\"_blank\" aria-label=\"Compartir en LinkedIn\" href='https:\/\/linkedin.com\/shareArticle?mini=true&#038;title=En%20el%20d%C3%ADa%20Mundial%20de%20Concienciaci%C3%B3n%20sobre%20Autismo%20la%20Red%20Asistencial%20difunde%20Ley%20TEA%20e%20instalaci%C3%B3n%20de%20sala%20de%20rehabilitaci%C3%B3n&#038;url=https:\/\/radiorevelacionfm.cl\/?p=52117' aria-hidden='false' data-av_icon='\ue8fc' data-av_iconfont='entypo-fontello' title='' data-avia-related-tooltip='Compartir en LinkedIn' rel=\"noopener\"><span class='avia_hidden_link_text'>Compartir en LinkedIn<\/span><\/a><\/li><li class='av-share-link av-social-link-mail' ><a  aria-label=\"Compartir por correo\" href='mailto:?subject=En%20el%20d%C3%ADa%20Mundial%20de%20Concienciaci%C3%B3n%20sobre%20Autismo%20la%20Red%20Asistencial%20difunde%20Ley%20TEA%20e%20instalaci%C3%B3n%20de%20sala%20de%20rehabilitaci%C3%B3n&#038;body=https:\/\/radiorevelacionfm.cl\/?p=52117' aria-hidden='false' data-av_icon='\ue805' data-av_iconfont='entypo-fontello' title='' data-avia-related-tooltip='Compartir por correo'><span class='avia_hidden_link_text'>Compartir por correo<\/span><\/a><\/li><\/ul><\/div><\/div>\n<div  style='height:50px' class='hr hr-invisible   avia-builder-el-8  el_after_av_social_share  el_before_av_comments_list '><span class='hr-inner ' ><span class='hr-inner-style'><\/span><\/span><\/div>\n<div  class='av-buildercomment  av-blog-meta-html-info-disabled av-blog-meta-tag-disabled  '><\/div>\n","protected":false},"excerpt":{"rendered":"","protected":false},"author":1,"featured_media":52118,"comment_status":"closed","ping_status":"closed","sticky":false,"template":"","format":"standard","meta":{"footnotes":""},"categories":[46],"tags":[],"class_list":["post-52117","post","type-post","status-publish","format-standard","has-post-thumbnail","hentry","category-salud"],"jetpack_featured_media_url":"https:\/\/radiorevelacionfm.cl\/wp-content\/uploads\/2025\/04\/escuela-altamira-25-1-1.jpeg","_links":{"self":[{"href":"https:\/\/radiorevelacionfm.cl\/index.php?rest_route=\/wp\/v2\/posts\/52117","targetHints":{"allow":["GET"]}}],"collection":[{"href":"https:\/\/radiorevelacionfm.cl\/index.php?rest_route=\/wp\/v2\/posts"}],"about":[{"href":"https:\/\/radiorevelacionfm.cl\/index.php?rest_route=\/wp\/v2\/types\/post"}],"author":[{"embeddable":true,"href":"https:\/\/radiorevelacionfm.cl\/index.php?rest_route=\/wp\/v2\/users\/1"}],"replies":[{"embeddable":true,"href":"https:\/\/radiorevelacionfm.cl\/index.php?rest_route=%2Fwp%2Fv2%2Fcomments&post=52117"}],"version-history":[{"count":2,"href":"https:\/\/radiorevelacionfm.cl\/index.php?rest_route=\/wp\/v2\/posts\/52117\/revisions"}],"predecessor-version":[{"id":52130,"href":"https:\/\/radiorevelacionfm.cl\/index.php?rest_route=\/wp\/v2\/posts\/52117\/revisions\/52130"}],"wp:featuredmedia":[{"embeddable":true,"href":"https:\/\/radiorevelacionfm.cl\/index.php?rest_route=\/wp\/v2\/media\/52118"}],"wp:attachment":[{"href":"https:\/\/radiorevelacionfm.cl\/index.php?rest_route=%2Fwp%2Fv2%2Fmedia&parent=52117"}],"wp:term":[{"taxonomy":"category","embeddable":true,"href":"https:\/\/radiorevelacionfm.cl\/index.php?rest_route=%2Fwp%2Fv2%2Fcategories&post=52117"},{"taxonomy":"post_tag","embeddable":true,"href":"https:\/\/radiorevelacionfm.cl\/index.php?rest_route=%2Fwp%2Fv2%2Ftags&post=52117"}],"curies":[{"name":"wp","href":"https:\/\/api.w.org\/{rel}","templated":true}]}}