{"id":52114,"date":"2025-04-04T10:14:21","date_gmt":"2025-04-04T13:14:21","guid":{"rendered":"https:\/\/radiorevelacionfm.cl\/?p=52114"},"modified":"2025-04-04T10:14:21","modified_gmt":"2025-04-04T13:14:21","slug":"premio-anual-dirigencias-sociales-y-comunitarias-2025","status":"publish","type":"post","link":"https:\/\/radiorevelacionfm.cl\/?p=52114","title":{"rendered":"Premio Anual Dirigencias Sociales y Comunitarias 2025"},"content":{"rendered":"<div class=\"flex_column av_one_full  flex_column_div av-zero-column-padding first  avia-builder-el-0  el_before_av_one_full  avia-builder-el-first  \" style='border-radius:0px; '><div  class='avia-image-container  av-styling-    avia-builder-el-1  avia-builder-el-no-sibling  avia-align-center '  itemprop=\"image\" itemscope=\"itemscope\" itemtype=\"https:\/\/schema.org\/ImageObject\"  ><div class='avia-image-container-inner'><div class='avia-image-overlay-wrap'><img decoding=\"async\" class='wp-image-52115 avia-img-lazy-loading-not-52115 avia_image' src=\"https:\/\/radiorevelacionfm.cl\/wp-content\/uploads\/2025\/04\/5_dir-1-1-1.jpg\" alt='' title='5_dir (1) (1) (1)' height=\"1000\" width=\"801\"  itemprop=\"thumbnailUrl\" srcset=\"https:\/\/radiorevelacionfm.cl\/wp-content\/uploads\/2025\/04\/5_dir-1-1-1.jpg 801w, https:\/\/radiorevelacionfm.cl\/wp-content\/uploads\/2025\/04\/5_dir-1-1-1-240x300.jpg 240w, https:\/\/radiorevelacionfm.cl\/wp-content\/uploads\/2025\/04\/5_dir-1-1-1-768x959.jpg 768w, https:\/\/radiorevelacionfm.cl\/wp-content\/uploads\/2025\/04\/5_dir-1-1-1-565x705.jpg 565w, https:\/\/radiorevelacionfm.cl\/wp-content\/uploads\/2025\/04\/5_dir-1-1-1-450x562.jpg 450w, https:\/\/radiorevelacionfm.cl\/wp-content\/uploads\/2025\/04\/5_dir-1-1-1-600x749.jpg 600w\" sizes=\"(max-width: 801px) 100vw, 801px\" \/><\/div><\/div><\/div><\/div><div class=\"flex_column av_one_full  flex_column_div av-zero-column-padding first  avia-builder-el-2  el_after_av_one_full  el_before_av_one_full  column-top-margin\" style='border-radius:0px; '><section class=\"av_textblock_section \"  itemscope=\"itemscope\" itemtype=\"https:\/\/schema.org\/BlogPosting\" itemprop=\"blogPost\" ><div class='avia_textblock  '   itemprop=\"text\" ><p style=\"text-align: center;\"><span style=\"font-size: 18pt;\"><strong>Premio Anual Dirigencias Sociales y Comunitarias 2025<\/strong><\/span><\/p>\n<div id=\"gtx-trans\" style=\"position: absolute; left: -50px; top: 4.31534px;\">\n<div class=\"gtx-trans-icon\"><\/div>\n<\/div>\n<\/div><\/section><\/div><div class=\"flex_column av_one_full  flex_column_div av-zero-column-padding first  avia-builder-el-4  el_after_av_one_full  el_before_av_hr  column-top-margin\" style='border-radius:0px; '><section class=\"av_textblock_section \"  itemscope=\"itemscope\" itemtype=\"https:\/\/schema.org\/BlogPosting\" itemprop=\"blogPost\" ><div class='avia_textblock  '   itemprop=\"text\" ><p style=\"text-align: justify;\">Con el objetivo de reconocer el liderazgo y el impacto significativo de personas que han demostrado un compromiso destacado en sus comunidades, el Ministerio Secretar\u00eda General de Gobierno, a trav\u00e9s de la Divisi\u00f3n de Organizaciones Sociales, ha lanzado la convocatoria para el \u00abPremio Anual Dirigencia Social y Comunitaria 2025\u00bb. Este galard\u00f3n busca premiar a dirigentes y dirigentas sociales cuyo trabajo haya marcado una diferencia tangible en su entorno.<\/p>\n<p style=\"text-align: justify;\">\u201cEs tiempo de reconocer a quienes transforman nuestra comunidad. El trabajo de los dirigentes y las dirigentas sociales es fundamental para el desarrollo y bienestar de nuestras comunidades. Con esfuerzo, dedicaci\u00f3n y un compromiso inquebrantable, estos l\u00edderes y lideresas contribuyen a crear un entorno m\u00e1s justo y solidario. Hoy, m\u00e1s que nunca, es necesario valorar y reconocer su labor incansable en la construcci\u00f3n de un futuro mejor. Su trabajo merece ser aplaudido y apoyado por todos\u201d, se\u00f1al\u00f3 la Seremi de Gobierno \u00darsula Mix.<\/p>\n<p style=\"text-align: justify;\">El proceso de postulaci\u00f3n estar\u00e1 abierto hasta el 23 de abril de 2025. Las organizaciones sociales con personalidad jur\u00eddica vigente podr\u00e1n postular a un integrante o a una persona externa a la organizaci\u00f3n que consideren merecedora del reconocimiento. Para hacerlo, deber\u00e1n completar un formulario que se puede encontrar en la web <a href=\"http:\/\/www.organizacionessociales.gob.cl\">www.organizacionessociales.gob.cl<\/a> de la Divisi\u00f3n de Organizaciones Sociales y una serie de documentos.<\/p>\n<p style=\"text-align: justify;\">El concurso tendr\u00e1 alcance nacional y permitir\u00e1 la selecci\u00f3n de entre 1 y 7 personas, garantizando una distribuci\u00f3n equitativa a nivel territorial y diversidad en las organizaciones postulantes. Las propias organizaciones sociales ser\u00e1n las encargadas de postular a los candidatos, quienes deber\u00e1n ser personas que se hayan destacado por su liderazgo.<\/p>\n<p style=\"text-align: justify;\">Este premio busca visibilizar y agradecer a aquellos que, con su esfuerzo y dedicaci\u00f3n, contribuyen al fortalecimiento de las comunidades, promoviendo el bienestar social y el desarrollo de la ciudadan\u00eda en cada rinc\u00f3n del pa\u00eds.<\/p>\n<p style=\"text-align: justify;\">Mayor informaci\u00f3n en el <a href=\"https:\/\/organizacionessociales.gob.cl\/se-abren-postulaciones-al-premio-anual-dirigencial-social-y-comunitaria-2025\/\">sitio web<\/a> de la Divisi\u00f3n de Organizaciones sociales <a href=\"http:\/\/www.organizacionessociales.gob.cl\/\">www.organizacionessociales.gob.cl<\/a> o en la Oficina de la Seremi de Gobierno ubicada en Ogana 798.<\/p>\n<\/div><\/section><\/div><div  style='height:50px' class='hr hr-invisible   avia-builder-el-6  el_after_av_one_full  el_before_av_social_share '><span class='hr-inner ' ><span class='hr-inner-style'><\/span><\/span><\/div><\/p>\n<div  class='av-social-sharing-box  avia-builder-el-7  el_after_av_hr  el_before_av_hr  '><div class='av-share-box'><h5 class='av-share-link-description av-no-toc '>Compartir esta noticia<\/h5><ul class='av-share-box-list noLightbox'><li class='av-share-link av-social-link-facebook' ><a target=\"_blank\" aria-label=\"Compartir en Facebook\" href='https:\/\/www.facebook.com\/sharer.php?u=https:\/\/radiorevelacionfm.cl\/?p=52114&#038;t=Premio%20Anual%20Dirigencias%20Sociales%20y%20Comunitarias%202025' aria-hidden='false' data-av_icon='\ue8f3' data-av_iconfont='entypo-fontello' title='' data-avia-related-tooltip='Compartir en Facebook' rel=\"noopener\"><span class='avia_hidden_link_text'>Compartir en Facebook<\/span><\/a><\/li><li class='av-share-link av-social-link-twitter' ><a target=\"_blank\" aria-label=\"Compartir en Twitter\" href='https:\/\/twitter.com\/share?text=Premio%20Anual%20Dirigencias%20Sociales%20y%20Comunitarias%202025&#038;url=https:\/\/radiorevelacionfm.cl\/?p=52114' aria-hidden='false' data-av_icon='\ue8f1' data-av_iconfont='entypo-fontello' title='' data-avia-related-tooltip='Compartir en Twitter' rel=\"noopener\"><span class='avia_hidden_link_text'>Compartir en Twitter<\/span><\/a><\/li><li class='av-share-link av-social-link-whatsapp' ><a target=\"_blank\" aria-label=\"Compartir en Whatsapp\" href='https:\/\/api.whatsapp.com\/send?text=https:\/\/radiorevelacionfm.cl\/?p=52114' aria-hidden='false' data-av_icon='\uf232' data-av_iconfont='entypo-fontello' title='' data-avia-related-tooltip='Compartir en Whatsapp' rel=\"noopener\"><span class='avia_hidden_link_text'>Compartir en Whatsapp<\/span><\/a><\/li><li class='av-share-link av-social-link-linkedin' ><a target=\"_blank\" aria-label=\"Compartir en LinkedIn\" href='https:\/\/linkedin.com\/shareArticle?mini=true&#038;title=Premio%20Anual%20Dirigencias%20Sociales%20y%20Comunitarias%202025&#038;url=https:\/\/radiorevelacionfm.cl\/?p=52114' aria-hidden='false' data-av_icon='\ue8fc' data-av_iconfont='entypo-fontello' title='' data-avia-related-tooltip='Compartir en LinkedIn' rel=\"noopener\"><span class='avia_hidden_link_text'>Compartir en LinkedIn<\/span><\/a><\/li><li class='av-share-link av-social-link-mail' ><a  aria-label=\"Compartir por correo\" href='mailto:?subject=Premio%20Anual%20Dirigencias%20Sociales%20y%20Comunitarias%202025&#038;body=https:\/\/radiorevelacionfm.cl\/?p=52114' aria-hidden='false' data-av_icon='\ue805' data-av_iconfont='entypo-fontello' title='' data-avia-related-tooltip='Compartir por correo'><span class='avia_hidden_link_text'>Compartir por correo<\/span><\/a><\/li><\/ul><\/div><\/div>\n<div  style='height:50px' class='hr hr-invisible   avia-builder-el-8  el_after_av_social_share  el_before_av_comments_list '><span class='hr-inner ' ><span class='hr-inner-style'><\/span><\/span><\/div>\n<div  class='av-buildercomment  av-blog-meta-html-info-disabled av-blog-meta-tag-disabled  '><\/div>\n","protected":false},"excerpt":{"rendered":"","protected":false},"author":1,"featured_media":52115,"comment_status":"closed","ping_status":"closed","sticky":false,"template":"","format":"standard","meta":{"footnotes":""},"categories":[38],"tags":[],"class_list":["post-52114","post","type-post","status-publish","format-standard","has-post-thumbnail","hentry","category-regional"],"jetpack_featured_media_url":"https:\/\/radiorevelacionfm.cl\/wp-content\/uploads\/2025\/04\/5_dir-1-1-1.jpg","_links":{"self":[{"href":"https:\/\/radiorevelacionfm.cl\/index.php?rest_route=\/wp\/v2\/posts\/52114","targetHints":{"allow":["GET"]}}],"collection":[{"href":"https:\/\/radiorevelacionfm.cl\/index.php?rest_route=\/wp\/v2\/posts"}],"about":[{"href":"https:\/\/radiorevelacionfm.cl\/index.php?rest_route=\/wp\/v2\/types\/post"}],"author":[{"embeddable":true,"href":"https:\/\/radiorevelacionfm.cl\/index.php?rest_route=\/wp\/v2\/users\/1"}],"replies":[{"embeddable":true,"href":"https:\/\/radiorevelacionfm.cl\/index.php?rest_route=%2Fwp%2Fv2%2Fcomments&post=52114"}],"version-history":[{"count":2,"href":"https:\/\/radiorevelacionfm.cl\/index.php?rest_route=\/wp\/v2\/posts\/52114\/revisions"}],"predecessor-version":[{"id":52191,"href":"https:\/\/radiorevelacionfm.cl\/index.php?rest_route=\/wp\/v2\/posts\/52114\/revisions\/52191"}],"wp:featuredmedia":[{"embeddable":true,"href":"https:\/\/radiorevelacionfm.cl\/index.php?rest_route=\/wp\/v2\/media\/52115"}],"wp:attachment":[{"href":"https:\/\/radiorevelacionfm.cl\/index.php?rest_route=%2Fwp%2Fv2%2Fmedia&parent=52114"}],"wp:term":[{"taxonomy":"category","embeddable":true,"href":"https:\/\/radiorevelacionfm.cl\/index.php?rest_route=%2Fwp%2Fv2%2Fcategories&post=52114"},{"taxonomy":"post_tag","embeddable":true,"href":"https:\/\/radiorevelacionfm.cl\/index.php?rest_route=%2Fwp%2Fv2%2Ftags&post=52114"}],"curies":[{"name":"wp","href":"https:\/\/api.w.org\/{rel}","templated":true}]}}