{"id":52111,"date":"2025-04-03T09:42:31","date_gmt":"2025-04-03T12:42:31","guid":{"rendered":"https:\/\/radiorevelacionfm.cl\/?p=52111"},"modified":"2025-04-03T09:42:31","modified_gmt":"2025-04-03T12:42:31","slug":"agentes-culturales-de-aysen-presentaran-sus-proyectos-en-mercado-de-industrias-creativas-mic-chile-2025","status":"publish","type":"post","link":"https:\/\/radiorevelacionfm.cl\/?p=52111","title":{"rendered":"Agentes culturales de Ays\u00e9n presentar\u00e1n sus proyectos en Mercado de Industrias Creativas MIC Chile 2025"},"content":{"rendered":"<div class=\"flex_column av_one_full  flex_column_div av-zero-column-padding first  avia-builder-el-0  el_before_av_one_full  avia-builder-el-first  \" style='border-radius:0px; '><div  class='avia-image-container  av-styling-    avia-builder-el-1  avia-builder-el-no-sibling  avia-align-center '  itemprop=\"image\" itemscope=\"itemscope\" itemtype=\"https:\/\/schema.org\/ImageObject\"  ><div class='avia-image-container-inner'><div class='avia-image-overlay-wrap'><img decoding=\"async\" class='wp-image-52112 avia-img-lazy-loading-not-52112 avia_image' src=\"https:\/\/radiorevelacionfm.cl\/wp-content\/uploads\/2025\/04\/madereros-tortel-1_optimized-1.jpg\" alt='' title='madereros-tortel-(1)_optimized (1)' height=\"600\" width=\"803\"  itemprop=\"thumbnailUrl\" srcset=\"https:\/\/radiorevelacionfm.cl\/wp-content\/uploads\/2025\/04\/madereros-tortel-1_optimized-1.jpg 803w, https:\/\/radiorevelacionfm.cl\/wp-content\/uploads\/2025\/04\/madereros-tortel-1_optimized-1-300x224.jpg 300w, https:\/\/radiorevelacionfm.cl\/wp-content\/uploads\/2025\/04\/madereros-tortel-1_optimized-1-768x574.jpg 768w, https:\/\/radiorevelacionfm.cl\/wp-content\/uploads\/2025\/04\/madereros-tortel-1_optimized-1-705x527.jpg 705w, https:\/\/radiorevelacionfm.cl\/wp-content\/uploads\/2025\/04\/madereros-tortel-1_optimized-1-450x336.jpg 450w, https:\/\/radiorevelacionfm.cl\/wp-content\/uploads\/2025\/04\/madereros-tortel-1_optimized-1-600x448.jpg 600w\" sizes=\"(max-width: 803px) 100vw, 803px\" \/><\/div><\/div><\/div><\/div><div class=\"flex_column av_one_full  flex_column_div av-zero-column-padding first  avia-builder-el-2  el_after_av_one_full  el_before_av_one_full  column-top-margin\" style='border-radius:0px; '><section class=\"av_textblock_section \"  itemscope=\"itemscope\" itemtype=\"https:\/\/schema.org\/BlogPosting\" itemprop=\"blogPost\" ><div class='avia_textblock  '   itemprop=\"text\" ><div><\/div>\n<div>\n<p style=\"text-align: center;\"><strong><span style=\"font-size: 18pt;\">Agentes culturales de Ays\u00e9n presentar\u00e1n sus proyectos en Mercado de Industrias Creativas MIC Chile 2025<\/span><\/strong><\/p>\n<\/div>\n<div><\/div>\n<div><\/div>\n<div><\/div>\n<div><\/div>\n<div><\/div>\n<div><\/div>\n<div><\/div>\n<div id=\"gtx-trans\" style=\"position: absolute; left: -50px; top: 4.31534px;\">\n<div class=\"gtx-trans-icon\"><\/div>\n<\/div>\n<\/div><\/section><\/div><div class=\"flex_column av_one_full  flex_column_div av-zero-column-padding first  avia-builder-el-4  el_after_av_one_full  el_before_av_hr  column-top-margin\" style='border-radius:0px; '><section class=\"av_textblock_section \"  itemscope=\"itemscope\" itemtype=\"https:\/\/schema.org\/BlogPosting\" itemprop=\"blogPost\" ><div class='avia_textblock  '   itemprop=\"text\" ><p style=\"text-align: justify;\">Hasta el Centro Cultural Gabriela Mistral de Santiago llegar\u00e1 este mes una delegaci\u00f3n de agentes culturales de la Regi\u00f3n de Ays\u00e9n para participar en el Mercado de Industrias Creativas MIC Chile 2025.<\/p>\n<p style=\"text-align: justify;\">El encuentro, organizado por el Ministerio de las Culturas, las Artes y el Patrimonio, ocurrir\u00e1 entre los d\u00edas nueve y 12 de abril y reunir\u00e1 a lo m\u00e1s destacado del talento creativo de Chile, poniendo la capital en el epicentro de las industrias culturales y creativas.<\/p>\n<p style=\"text-align: justify;\">La programaci\u00f3n contar\u00e1 en su apertura el 9 de abril con la participaci\u00f3n de la espa\u00f1ola\u00a0Christina Rosenvinge\u00a0y con una intervenci\u00f3n musical dedicada a los 80 a\u00f1os del Nobel de Gabriela Mistral. Los artistas\u00a0Alex Anwandter,\u00a0Maite Alberdi,\u00a0Iv\u00e1n Navarro\u00a0y la argentina\u00a0Juliana Gattas\u00a0est\u00e1n confirmados para\u00a0<em>\u201cLiving MIC\u201d<\/em>, el espacio en formato de entrevistas que se realizar\u00e1 los d\u00edas 10, 11 y 12 de abril y que promete revelar an\u00e9cdotas, historias y perspectivas \u00fanicas del mundo creativo. El concierto ciudadano de cierre, que se realizar\u00e1 el 12 de abril en el GAM, contar\u00e1 con la participaci\u00f3n de\u00a0Princesa Alba,\u00a0Javiera Parra,\u00a0DJ Bitman\u00a0y la espa\u00f1ola\u00a0Mala Rodr\u00edguez.<\/p>\n<p style=\"text-align: justify;\">El equipo de la Regi\u00f3n de Ays\u00e9n que participar\u00e1 en MIC Chile 2025 lo integran el rapero Rolando Form\u00f3n; Francisca Ram\u00edrez del Colectivo de Madereros de Tortel, el Centro Cultural Casa Alerce, la Fundaci\u00f3n Sol del Sur y la Agrupaci\u00f3n Cultural Malotun Ortiga. Todos ellos presentar\u00e1n sus experiencias durante la celebraci\u00f3n del encuentro.<\/p>\n<p style=\"text-align: justify;\">Para el seremi de Culturas Ays\u00e9n, Felipe Quiroz, \u201cse trata de una oportunidad \u00fanica para llevar el talento y la creatividad de nuestra regi\u00f3n a un espacio donde confluyen grandes expresiones de las industrias culturales y creativas de Chile. Adem\u00e1s de constituirse como un espacio de intercambio, es una vitrina para entrecruzar las diversas experiencias que conviven en los territorios y le aportan sustento creativo e identidad a cada uno de los rincones del pa\u00eds. Para nosotros es un tremendo orgullo que una muestra de Ays\u00e9n sea parte de MIC Chile 2025\u201d.<\/p>\n<p style=\"text-align: justify;\">Uno de los pilares de esta versi\u00f3n de MIC Chile 2025 son los territorios creativos y para Francisca Ram\u00edrez, del Colectivo de Madereros de Tortel, es un punto clave de su participaci\u00f3n: \u201dLa creatividad y la producci\u00f3n de bienes y servicios creativos puede ser un polo de desarrollo de los diferentes territorios del pa\u00eds y nuestro colectivo apunta\u00a0 a esto. Hemos trabajado la reactivaci\u00f3n de oficios tradicionales, en capacitaciones para artesanos, y en generar nuevas oportunidades para la comercializaci\u00f3n y difusi\u00f3n. Participar en MIC Chile representa para nosotros una oportunidad de compartir la experiencia que hemos tenido de gestiones en territorios extremos, pero tambi\u00e9n nos permite generar redes con otros actores del sector y explotar estrategias que nos permitan consolidar las econom\u00edas creativas en la Patagonia\u201d.<\/p>\n<p style=\"text-align: justify;\">Con 3 a\u00f1os de existencia y ya convertidos en un referente de las artes esc\u00e9nicas en Puerto Ays\u00e9n, el Centro Cultural Casa Alerce presentar\u00e1 una muestra de los procesos formativos que han entregado a la comunidad y las diferentes muestras que le han dado vida al espacio. Su director, Pedro Urbano resume: \u201cVamos a presentar una propuesta de contenidos con cinco pilares fundamentales y los tres principales apuntan a visibilizar a su territorio, sus caracter\u00edsticas y condiciones; tambi\u00e9n apuntando a poner en valor la riqueza natural que tiene el territorio como parte de los procesos creativos que puedan surgir ac\u00e1, desde ac\u00e1 y para quienes puedan visitar la regi\u00f3n. Tambi\u00e9n queremos hablar del trabajo que ha realizado el Centro Cultural, de los procesos normativos, de los procesos de creaci\u00f3n y de las distintas disciplinas con las que estamos trabajando, adem\u00e1s de las estrategias de vinculaci\u00f3n con la comunidad que hemos levantado y que estamos levantando hace tres a\u00f1os. Buscamos posicionar al Centro Cultural como un referente de la oferta art\u00edstica cultural en Chile y ampliar las redes para asegurar la sostenibilidad del espacio cultural. Creemos que es una gran oportunidad para generar redes y para hacer v\u00ednculos, para visibilizar lo que se est\u00e1 realizando en la regi\u00f3n. Y todo esto tambi\u00e9n potencia al desarrollo cultural y econom\u00eda creativa de la regi\u00f3n\u201d.<\/p>\n<p style=\"text-align: justify;\">Para conocer el programa completo y m\u00e1s detalles de las actividades de MIC Chile 2025, visita\u00a0<a href=\"https:\/\/micchile.cultura.gob.cl\/\">micchile.cultura.gob.cl<\/a><\/p>\n<\/div><\/section><\/div><div  style='height:50px' class='hr hr-invisible   avia-builder-el-6  el_after_av_one_full  el_before_av_social_share '><span class='hr-inner ' ><span class='hr-inner-style'><\/span><\/span><\/div><\/p>\n<div  class='av-social-sharing-box  avia-builder-el-7  el_after_av_hr  el_before_av_hr  '><div class='av-share-box'><h5 class='av-share-link-description av-no-toc '>Compartir esta noticia<\/h5><ul class='av-share-box-list noLightbox'><li class='av-share-link av-social-link-facebook' ><a target=\"_blank\" aria-label=\"Compartir en Facebook\" href='https:\/\/www.facebook.com\/sharer.php?u=https:\/\/radiorevelacionfm.cl\/?p=52111&#038;t=Agentes%20culturales%20de%20Ays%C3%A9n%20presentar%C3%A1n%20sus%20proyectos%20en%20Mercado%20de%20Industrias%20Creativas%20MIC%20Chile%202025' aria-hidden='false' data-av_icon='\ue8f3' data-av_iconfont='entypo-fontello' title='' data-avia-related-tooltip='Compartir en Facebook' rel=\"noopener\"><span class='avia_hidden_link_text'>Compartir en Facebook<\/span><\/a><\/li><li class='av-share-link av-social-link-twitter' ><a target=\"_blank\" aria-label=\"Compartir en Twitter\" href='https:\/\/twitter.com\/share?text=Agentes%20culturales%20de%20Ays%C3%A9n%20presentar%C3%A1n%20sus%20proyectos%20en%20Mercado%20de%20Industrias%20Creativas%20MIC%20Chile%202025&#038;url=https:\/\/radiorevelacionfm.cl\/?p=52111' aria-hidden='false' data-av_icon='\ue8f1' data-av_iconfont='entypo-fontello' title='' data-avia-related-tooltip='Compartir en Twitter' rel=\"noopener\"><span class='avia_hidden_link_text'>Compartir en Twitter<\/span><\/a><\/li><li class='av-share-link av-social-link-whatsapp' ><a target=\"_blank\" aria-label=\"Compartir en Whatsapp\" href='https:\/\/api.whatsapp.com\/send?text=https:\/\/radiorevelacionfm.cl\/?p=52111' aria-hidden='false' data-av_icon='\uf232' data-av_iconfont='entypo-fontello' title='' data-avia-related-tooltip='Compartir en Whatsapp' rel=\"noopener\"><span class='avia_hidden_link_text'>Compartir en Whatsapp<\/span><\/a><\/li><li class='av-share-link av-social-link-linkedin' ><a target=\"_blank\" aria-label=\"Compartir en LinkedIn\" href='https:\/\/linkedin.com\/shareArticle?mini=true&#038;title=Agentes%20culturales%20de%20Ays%C3%A9n%20presentar%C3%A1n%20sus%20proyectos%20en%20Mercado%20de%20Industrias%20Creativas%20MIC%20Chile%202025&#038;url=https:\/\/radiorevelacionfm.cl\/?p=52111' aria-hidden='false' data-av_icon='\ue8fc' data-av_iconfont='entypo-fontello' title='' data-avia-related-tooltip='Compartir en LinkedIn' rel=\"noopener\"><span class='avia_hidden_link_text'>Compartir en LinkedIn<\/span><\/a><\/li><li class='av-share-link av-social-link-mail' ><a  aria-label=\"Compartir por correo\" href='mailto:?subject=Agentes%20culturales%20de%20Ays%C3%A9n%20presentar%C3%A1n%20sus%20proyectos%20en%20Mercado%20de%20Industrias%20Creativas%20MIC%20Chile%202025&#038;body=https:\/\/radiorevelacionfm.cl\/?p=52111' aria-hidden='false' data-av_icon='\ue805' data-av_iconfont='entypo-fontello' title='' data-avia-related-tooltip='Compartir por correo'><span class='avia_hidden_link_text'>Compartir por correo<\/span><\/a><\/li><\/ul><\/div><\/div>\n<div  style='height:50px' class='hr hr-invisible   avia-builder-el-8  el_after_av_social_share  el_before_av_comments_list '><span class='hr-inner ' ><span class='hr-inner-style'><\/span><\/span><\/div>\n<div  class='av-buildercomment  av-blog-meta-html-info-disabled av-blog-meta-tag-disabled  '><\/div>\n","protected":false},"excerpt":{"rendered":"","protected":false},"author":1,"featured_media":52112,"comment_status":"closed","ping_status":"closed","sticky":false,"template":"","format":"standard","meta":{"footnotes":""},"categories":[52],"tags":[],"class_list":["post-52111","post","type-post","status-publish","format-standard","has-post-thumbnail","hentry","category-cultura"],"jetpack_featured_media_url":"https:\/\/radiorevelacionfm.cl\/wp-content\/uploads\/2025\/04\/madereros-tortel-1_optimized-1.jpg","_links":{"self":[{"href":"https:\/\/radiorevelacionfm.cl\/index.php?rest_route=\/wp\/v2\/posts\/52111","targetHints":{"allow":["GET"]}}],"collection":[{"href":"https:\/\/radiorevelacionfm.cl\/index.php?rest_route=\/wp\/v2\/posts"}],"about":[{"href":"https:\/\/radiorevelacionfm.cl\/index.php?rest_route=\/wp\/v2\/types\/post"}],"author":[{"embeddable":true,"href":"https:\/\/radiorevelacionfm.cl\/index.php?rest_route=\/wp\/v2\/users\/1"}],"replies":[{"embeddable":true,"href":"https:\/\/radiorevelacionfm.cl\/index.php?rest_route=%2Fwp%2Fv2%2Fcomments&post=52111"}],"version-history":[{"count":2,"href":"https:\/\/radiorevelacionfm.cl\/index.php?rest_route=\/wp\/v2\/posts\/52111\/revisions"}],"predecessor-version":[{"id":52141,"href":"https:\/\/radiorevelacionfm.cl\/index.php?rest_route=\/wp\/v2\/posts\/52111\/revisions\/52141"}],"wp:featuredmedia":[{"embeddable":true,"href":"https:\/\/radiorevelacionfm.cl\/index.php?rest_route=\/wp\/v2\/media\/52112"}],"wp:attachment":[{"href":"https:\/\/radiorevelacionfm.cl\/index.php?rest_route=%2Fwp%2Fv2%2Fmedia&parent=52111"}],"wp:term":[{"taxonomy":"category","embeddable":true,"href":"https:\/\/radiorevelacionfm.cl\/index.php?rest_route=%2Fwp%2Fv2%2Fcategories&post=52111"},{"taxonomy":"post_tag","embeddable":true,"href":"https:\/\/radiorevelacionfm.cl\/index.php?rest_route=%2Fwp%2Fv2%2Ftags&post=52111"}],"curies":[{"name":"wp","href":"https:\/\/api.w.org\/{rel}","templated":true}]}}