{"id":52108,"date":"2025-04-03T09:28:46","date_gmt":"2025-04-03T12:28:46","guid":{"rendered":"https:\/\/radiorevelacionfm.cl\/?p=52108"},"modified":"2025-04-03T09:28:46","modified_gmt":"2025-04-03T12:28:46","slug":"ministra-del-medio-ambiente-entrega-recomendaciones-para-el-inicio-del-periodo-de-gestion-de-episodios-criticos-en-coyhaique","status":"publish","type":"post","link":"https:\/\/radiorevelacionfm.cl\/?p=52108","title":{"rendered":"Ministra del Medio Ambiente entrega recomendaciones para el inicio del periodo de Gesti\u00f3n de Episodios cr\u00edticos en Coyhaique"},"content":{"rendered":"<div class=\"flex_column av_one_full  flex_column_div av-zero-column-padding first  avia-builder-el-0  el_before_av_one_full  avia-builder-el-first  \" style='border-radius:0px; '><div  class='avia-image-container  av-styling-    avia-builder-el-1  avia-builder-el-no-sibling  avia-align-center '  itemprop=\"image\" itemscope=\"itemscope\" itemtype=\"https:\/\/schema.org\/ImageObject\"  ><div class='avia-image-container-inner'><div class='avia-image-overlay-wrap'><img decoding=\"async\" class='wp-image-52109 avia-img-lazy-loading-not-52109 avia_image' src=\"https:\/\/radiorevelacionfm.cl\/wp-content\/uploads\/2025\/04\/1-2025-04-02t171309_optimized.982-1.jpg\" alt='' title='1 - -2025-04-02t171309_optimized.982-(1)' height=\"600\" width=\"1067\"  itemprop=\"thumbnailUrl\" srcset=\"https:\/\/radiorevelacionfm.cl\/wp-content\/uploads\/2025\/04\/1-2025-04-02t171309_optimized.982-1.jpg 1067w, https:\/\/radiorevelacionfm.cl\/wp-content\/uploads\/2025\/04\/1-2025-04-02t171309_optimized.982-1-300x169.jpg 300w, https:\/\/radiorevelacionfm.cl\/wp-content\/uploads\/2025\/04\/1-2025-04-02t171309_optimized.982-1-1030x579.jpg 1030w, https:\/\/radiorevelacionfm.cl\/wp-content\/uploads\/2025\/04\/1-2025-04-02t171309_optimized.982-1-768x432.jpg 768w, https:\/\/radiorevelacionfm.cl\/wp-content\/uploads\/2025\/04\/1-2025-04-02t171309_optimized.982-1-705x396.jpg 705w, https:\/\/radiorevelacionfm.cl\/wp-content\/uploads\/2025\/04\/1-2025-04-02t171309_optimized.982-1-450x253.jpg 450w, https:\/\/radiorevelacionfm.cl\/wp-content\/uploads\/2025\/04\/1-2025-04-02t171309_optimized.982-1-600x337.jpg 600w\" sizes=\"(max-width: 1067px) 100vw, 1067px\" \/><\/div><\/div><\/div><\/div><div class=\"flex_column av_one_full  flex_column_div av-zero-column-padding first  avia-builder-el-2  el_after_av_one_full  el_before_av_one_full  column-top-margin\" style='border-radius:0px; '><section class=\"av_textblock_section \"  itemscope=\"itemscope\" itemtype=\"https:\/\/schema.org\/BlogPosting\" itemprop=\"blogPost\" ><div class='avia_textblock  '   itemprop=\"text\" ><p style=\"text-align: center;\"><strong><span style=\"font-size: 18pt;\">Ministra del Medio Ambiente entrega recomendaciones para el inicio del periodo de Gesti\u00f3n de Episodios cr\u00edticos en Coyhaique<\/span><\/strong><\/p>\n<div id=\"gtx-trans\" style=\"position: absolute; left: -50px; top: 4.31534px;\">\n<div class=\"gtx-trans-icon\"><\/div>\n<\/div>\n<\/div><\/section><\/div><div class=\"flex_column av_one_full  flex_column_div av-zero-column-padding first  avia-builder-el-4  el_after_av_one_full  el_before_av_hr  column-top-margin\" style='border-radius:0px; '><section class=\"av_textblock_section \"  itemscope=\"itemscope\" itemtype=\"https:\/\/schema.org\/BlogPosting\" itemprop=\"blogPost\" ><div class='avia_textblock  '   itemprop=\"text\" ><p style=\"text-align: justify;\">En un punto de prensa en el colegio El camino a la Fuente, La Ministra, del Medio Ambiente, Maisa Rojas y el Delegado Presidencial Regional, Jorge D\u00edaz, dieron inicio al Periodo de Gesti\u00f3n de Episodios Cr\u00edticos GEC para la zona saturada de Coyhaique, compartiendo las restricciones, recomendaciones y avances en materia de calidad del aire.<\/p>\n<p style=\"text-align: justify;\">\u201cLa gesti\u00f3n de episodios cr\u00edticos es un momento muy importante dentro de nuestros planes de descontaminaci\u00f3n., que requieren de la colaboraci\u00f3n de todos y todas, pero el mensaje principal es que el Gobierno, el Estado de Chile est\u00e1 comprometido con la salud de las personas y por eso tenemos planes de descontaminaci\u00f3n y medidas especiales durante la GEC\u201d, declar\u00f3 la Ministra del Medio Ambiente, haciendo \u00e9nfasis en la necesidad de seguir las recomendaciones del periodo, que afectan especialmente a embarazadas, adultos mayores y pacientes cr\u00f3nicos, por lo que reiter\u00f3 que la problem\u00e1tica ambiental debe abordarse adem\u00e1s con una mirada de salud p\u00fablica.<\/p>\n<p style=\"text-align: justify;\">Por su parte el Delegado Presidencial destac\u00f3 el trabajo intersectorial que se esta llevando a cabo para abordar la problem\u00e1tica que, en una mirada retrospectiva da cuenta de una disminuci\u00f3n sostenida de disminuci\u00f3n de episodios cr\u00edticos donde los episodios de emergencia han disminuido en un 70% desde la implementaci\u00f3n del Plan de descontaminaci\u00f3n, \u201cestamos articulando la colaboraci\u00f3n para mitigar los episodios, es una pol\u00edtica p\u00fablica intersectorial y estamos abocados a que los episodios afecten lo menos posible a la ciudadan\u00eda, para lo que estamos desplegando campa\u00f1as, desde las diversas carteras, ya tenemos una disminuci\u00f3n de al menos un tercio de los episodios\u00a0 de a\u00f1os anteriores, pero esto requiere aun de mucho trabajo\u00a0 y seguimos avanzando\u201d.<\/p>\n<p style=\"text-align: justify;\">El periodo de Gesti\u00f3n de Episodios Cr\u00edticos GEC, forma parte del Plan de Descontaminaci\u00f3n Atmosf\u00e9rica (PDA) de la zona saturada de Coyhaique y rige desde el 1 de abril hasta el 30 de septiembre, con el objetivo de proteger la salud de la poblaci\u00f3n, realizando acciones preventivas y restrictivas que permitan disminuir la exposici\u00f3n de la comunidad a los altos \u00edndices de contaminaci\u00f3n del aire por material particulado asociado al aumento en el uso de le\u00f1a h\u00fameda en los meses de oto\u00f1o &#8211; invierno.<\/p>\n<p style=\"text-align: justify;\"><strong>Medidas periodo GEC<\/strong><\/p>\n<p style=\"text-align: justify;\">Durante este periodo\u00a0 se establecen medidas prohibitivas para cada episodio cr\u00edtico, definidos como ALERTA, PRE-EMERGENCIA y EMERGENCIA, cuya declaratoria emana desde la Delegaci\u00f3n Presidencial Regional y que son anunciados diariamente en airechile.mma.gob.cl, airecoyaique.mma.gob.cl, redes sociales de la Seremi del Medio Ambiente y medios de comunicaci\u00f3n locales.<\/p>\n<p style=\"text-align: justify;\">Las restricciones para los episodios de ALERTA, consisten en la prohibici\u00f3n de m\u00e1s de un artefacto a le\u00f1a por vivienda durante las 24 horas del d\u00eda, mientras que para los episodios de PRE-EMERGENCIA y EMERGENCIA adem\u00e1s se fiscalizar\u00e1n humos visibles y funcionamiento de calderas con emisiones mayores a 50 mg\/m3N. Dichas restricciones son fiscalizadas a trav\u00e9s de la SEREMI de Salud. \u201cComo autoridad sanitaria, obviamente tenemos un rol muy importante que cumplir y que se identifica con muchas \u00e1reas del \u00e1mbito de la promoci\u00f3n y la prevenci\u00f3n. Evidentemente, entregamos informaci\u00f3n a la comunidad sobre los riesgos que enfrentan los grupos m\u00e1s vulnerables, como las personas cr\u00f3nicas y los adultos mayores que ya presentan una enfermedad respiratoria de base, donde vemos que pueden agravarse\u201d, asegur\u00f3 la Seremi del Salud, Carmen Monsalve, recordando a la comunidad el uso de mascarillas,\u00a0 disponibles en los dispositivos de atenci\u00f3n primaria,\u00a0 a respetar las restricciones del periodo GEC y tambi\u00e9n las medidas de la alerta sanitaria disponible desde este mes hasta el fin del per\u00edodo invernal.<\/p>\n<p style=\"text-align: justify;\">Durante la GEC las medidas restrictivas permanentes y fiscalizadas por la Superintendencia del Medio Ambiente SMA, consideran la prohibici\u00f3n del uso de calefactores a le\u00f1a en establecimientos comerciales y en dependencias de organismos de la administraci\u00f3n del Estado y municipales. As\u00ed tambi\u00e9n se proh\u00edbe la comercializaci\u00f3n de le\u00f1a sobre un 25% de humedad, al respecto el Jefe de la Oficina regional SMA, Oscar Leal, realiz\u00f3 un llamado a la comunidad a exigir a su proveedor de le\u00f1a contar con un xilohigr\u00f3metro para verificar que cuente con menos del 25% de humedad. Otra medida permanente es la prohibici\u00f3n el uso del fuego para la quema de rastrojos, y de cualquier tipo de vegetaci\u00f3n viva o muerta en terrenos agr\u00edcolas, ganaderos o de aptitud preferentemente forestal dentro de la zona suscrita al plan. Finalmente se proh\u00edbe la quema de neum\u00e1ticos, hojas secas, ramas y\/o todo tipo de residuos al aire libre, en la v\u00eda p\u00fablica o recintos privados<\/p>\n<p style=\"text-align: justify;\"><strong>Educaci\u00f3n ambiental<\/strong><\/p>\n<p style=\"text-align: justify;\">La comitiva acompa\u00f1ada adem\u00e1s por el Gobierno regional, Municipio de Coyhaique, las Seremis de Salud, Energ\u00eda, Gobierno, Deporte y Departamento Provincial de Educaci\u00f3n fue recibidas por peque\u00f1os y peque\u00f1as del establecimiento educacional donde participaron de una clase de educaci\u00f3n f\u00edsica recordando a la comunidad educativa las recomendaciones para los episodios cr\u00edticos se puede realizar actividad f\u00edsica de baja intensidad en espacios cerrados.<\/p>\n<p style=\"text-align: justify;\">Respecto a las clases de Educaci\u00f3n F\u00edsica, las autoridades recordaron a la comunidad que estas no est\u00e1n prohibidas en los establecimientos educacionales, no obstante, se recomienda revisar la Gu\u00eda de actividades de educaci\u00f3n F\u00edsica para periodos de preemergencia y emergencia ambiental en Coyhaique, que se encuentra disponible en la p\u00e1gina web airecoyhaique.mma.gob.cl<\/p>\n<p style=\"text-align: justify;\">Finalmente, las autoridades participaron de una clase de ciencias, donde los y las estudiantes compartieron con la Ministra sus experiencias y acciones para el cuidado de la calidad del aire y realizaron la instalaci\u00f3n del sem\u00e1foro de episodios cr\u00edticos.<\/p>\n<\/div><\/section><\/div><div  style='height:50px' class='hr hr-invisible   avia-builder-el-6  el_after_av_one_full  el_before_av_social_share '><span class='hr-inner ' ><span class='hr-inner-style'><\/span><\/span><\/div><\/p>\n<div  class='av-social-sharing-box  avia-builder-el-7  el_after_av_hr  el_before_av_hr  '><div class='av-share-box'><h5 class='av-share-link-description av-no-toc '>Compartir esta noticia<\/h5><ul class='av-share-box-list noLightbox'><li class='av-share-link av-social-link-facebook' ><a target=\"_blank\" aria-label=\"Compartir en Facebook\" href='https:\/\/www.facebook.com\/sharer.php?u=https:\/\/radiorevelacionfm.cl\/?p=52108&#038;t=Ministra%20del%20Medio%20Ambiente%20entrega%20recomendaciones%20para%20el%20inicio%20del%20periodo%20de%20Gesti%C3%B3n%20de%20Episodios%20cr%C3%ADticos%20en%20Coyhaique' aria-hidden='false' data-av_icon='\ue8f3' data-av_iconfont='entypo-fontello' title='' data-avia-related-tooltip='Compartir en Facebook' rel=\"noopener\"><span class='avia_hidden_link_text'>Compartir en Facebook<\/span><\/a><\/li><li class='av-share-link av-social-link-twitter' ><a target=\"_blank\" aria-label=\"Compartir en Twitter\" href='https:\/\/twitter.com\/share?text=Ministra%20del%20Medio%20Ambiente%20entrega%20recomendaciones%20para%20el%20inicio%20del%20periodo%20de%20Gesti%C3%B3n%20de%20Episodios%20cr%C3%ADticos%20en%20Coyhaique&#038;url=https:\/\/radiorevelacionfm.cl\/?p=52108' aria-hidden='false' data-av_icon='\ue8f1' data-av_iconfont='entypo-fontello' title='' data-avia-related-tooltip='Compartir en Twitter' rel=\"noopener\"><span class='avia_hidden_link_text'>Compartir en Twitter<\/span><\/a><\/li><li class='av-share-link av-social-link-whatsapp' ><a target=\"_blank\" aria-label=\"Compartir en Whatsapp\" href='https:\/\/api.whatsapp.com\/send?text=https:\/\/radiorevelacionfm.cl\/?p=52108' aria-hidden='false' data-av_icon='\uf232' data-av_iconfont='entypo-fontello' title='' data-avia-related-tooltip='Compartir en Whatsapp' rel=\"noopener\"><span class='avia_hidden_link_text'>Compartir en Whatsapp<\/span><\/a><\/li><li class='av-share-link av-social-link-linkedin' ><a target=\"_blank\" aria-label=\"Compartir en LinkedIn\" href='https:\/\/linkedin.com\/shareArticle?mini=true&#038;title=Ministra%20del%20Medio%20Ambiente%20entrega%20recomendaciones%20para%20el%20inicio%20del%20periodo%20de%20Gesti%C3%B3n%20de%20Episodios%20cr%C3%ADticos%20en%20Coyhaique&#038;url=https:\/\/radiorevelacionfm.cl\/?p=52108' aria-hidden='false' data-av_icon='\ue8fc' data-av_iconfont='entypo-fontello' title='' data-avia-related-tooltip='Compartir en LinkedIn' rel=\"noopener\"><span class='avia_hidden_link_text'>Compartir en LinkedIn<\/span><\/a><\/li><li class='av-share-link av-social-link-mail' ><a  aria-label=\"Compartir por correo\" href='mailto:?subject=Ministra%20del%20Medio%20Ambiente%20entrega%20recomendaciones%20para%20el%20inicio%20del%20periodo%20de%20Gesti%C3%B3n%20de%20Episodios%20cr%C3%ADticos%20en%20Coyhaique&#038;body=https:\/\/radiorevelacionfm.cl\/?p=52108' aria-hidden='false' data-av_icon='\ue805' data-av_iconfont='entypo-fontello' title='' data-avia-related-tooltip='Compartir por correo'><span class='avia_hidden_link_text'>Compartir por correo<\/span><\/a><\/li><\/ul><\/div><\/div>\n<div  style='height:50px' class='hr hr-invisible   avia-builder-el-8  el_after_av_social_share  el_before_av_comments_list '><span class='hr-inner ' ><span class='hr-inner-style'><\/span><\/span><\/div>\n<div  class='av-buildercomment  av-blog-meta-html-info-disabled av-blog-meta-tag-disabled  '><\/div>\n","protected":false},"excerpt":{"rendered":"","protected":false},"author":1,"featured_media":52109,"comment_status":"closed","ping_status":"closed","sticky":false,"template":"","format":"standard","meta":{"footnotes":""},"categories":[39],"tags":[],"class_list":["post-52108","post","type-post","status-publish","format-standard","has-post-thumbnail","hentry","category-medio-ambiente"],"jetpack_featured_media_url":"https:\/\/radiorevelacionfm.cl\/wp-content\/uploads\/2025\/04\/1-2025-04-02t171309_optimized.982-1.jpg","_links":{"self":[{"href":"https:\/\/radiorevelacionfm.cl\/index.php?rest_route=\/wp\/v2\/posts\/52108","targetHints":{"allow":["GET"]}}],"collection":[{"href":"https:\/\/radiorevelacionfm.cl\/index.php?rest_route=\/wp\/v2\/posts"}],"about":[{"href":"https:\/\/radiorevelacionfm.cl\/index.php?rest_route=\/wp\/v2\/types\/post"}],"author":[{"embeddable":true,"href":"https:\/\/radiorevelacionfm.cl\/index.php?rest_route=\/wp\/v2\/users\/1"}],"replies":[{"embeddable":true,"href":"https:\/\/radiorevelacionfm.cl\/index.php?rest_route=%2Fwp%2Fv2%2Fcomments&post=52108"}],"version-history":[{"count":2,"href":"https:\/\/radiorevelacionfm.cl\/index.php?rest_route=\/wp\/v2\/posts\/52108\/revisions"}],"predecessor-version":[{"id":52140,"href":"https:\/\/radiorevelacionfm.cl\/index.php?rest_route=\/wp\/v2\/posts\/52108\/revisions\/52140"}],"wp:featuredmedia":[{"embeddable":true,"href":"https:\/\/radiorevelacionfm.cl\/index.php?rest_route=\/wp\/v2\/media\/52109"}],"wp:attachment":[{"href":"https:\/\/radiorevelacionfm.cl\/index.php?rest_route=%2Fwp%2Fv2%2Fmedia&parent=52108"}],"wp:term":[{"taxonomy":"category","embeddable":true,"href":"https:\/\/radiorevelacionfm.cl\/index.php?rest_route=%2Fwp%2Fv2%2Fcategories&post=52108"},{"taxonomy":"post_tag","embeddable":true,"href":"https:\/\/radiorevelacionfm.cl\/index.php?rest_route=%2Fwp%2Fv2%2Ftags&post=52108"}],"curies":[{"name":"wp","href":"https:\/\/api.w.org\/{rel}","templated":true}]}}