{"id":52104,"date":"2025-04-02T17:08:02","date_gmt":"2025-04-02T20:08:02","guid":{"rendered":"https:\/\/radiorevelacionfm.cl\/?p=52104"},"modified":"2025-04-02T17:08:02","modified_gmt":"2025-04-02T20:08:02","slug":"cerrando-el-mes-de-la-mujer-indap-aysen-impulsa-primera-sesion-del-comite-ejecutivo-y-directivo-de-la-mesa-de-la-mujer-rural","status":"publish","type":"post","link":"https:\/\/radiorevelacionfm.cl\/?p=52104","title":{"rendered":"Cerrando el Mes de la Mujer: Indap Ays\u00e9n impulsa primera sesi\u00f3n del comit\u00e9 ejecutivo y directivo de la Mesa de la Mujer Rural"},"content":{"rendered":"<div class=\"flex_column av_one_full  flex_column_div av-zero-column-padding first  avia-builder-el-0  el_before_av_one_full  avia-builder-el-first  \" style='border-radius:0px; '><div  class='avia-image-container  av-styling-    avia-builder-el-1  avia-builder-el-no-sibling  avia-align-center '  itemprop=\"image\" itemscope=\"itemscope\" itemtype=\"https:\/\/schema.org\/ImageObject\"  ><div class='avia-image-container-inner'><div class='avia-image-overlay-wrap'><img decoding=\"async\" class='wp-image-52105 avia-img-lazy-loading-not-52105 avia_image' src=\"https:\/\/radiorevelacionfm.cl\/wp-content\/uploads\/2025\/04\/MESA-DE-LA-MUJER-RURAL-3-1-1.jpeg\" alt='' title='MESA DE LA MUJER RURAL (3) (1) (1)' height=\"600\" width=\"800\"  itemprop=\"thumbnailUrl\" srcset=\"https:\/\/radiorevelacionfm.cl\/wp-content\/uploads\/2025\/04\/MESA-DE-LA-MUJER-RURAL-3-1-1.jpeg 800w, https:\/\/radiorevelacionfm.cl\/wp-content\/uploads\/2025\/04\/MESA-DE-LA-MUJER-RURAL-3-1-1-300x225.jpeg 300w, https:\/\/radiorevelacionfm.cl\/wp-content\/uploads\/2025\/04\/MESA-DE-LA-MUJER-RURAL-3-1-1-768x576.jpeg 768w, https:\/\/radiorevelacionfm.cl\/wp-content\/uploads\/2025\/04\/MESA-DE-LA-MUJER-RURAL-3-1-1-705x529.jpeg 705w, https:\/\/radiorevelacionfm.cl\/wp-content\/uploads\/2025\/04\/MESA-DE-LA-MUJER-RURAL-3-1-1-450x338.jpeg 450w, https:\/\/radiorevelacionfm.cl\/wp-content\/uploads\/2025\/04\/MESA-DE-LA-MUJER-RURAL-3-1-1-600x450.jpeg 600w\" sizes=\"(max-width: 800px) 100vw, 800px\" \/><\/div><\/div><\/div><\/div><div class=\"flex_column av_one_full  flex_column_div av-zero-column-padding first  avia-builder-el-2  el_after_av_one_full  el_before_av_one_full  column-top-margin\" style='border-radius:0px; '><section class=\"av_textblock_section \"  itemscope=\"itemscope\" itemtype=\"https:\/\/schema.org\/BlogPosting\" itemprop=\"blogPost\" ><div class='avia_textblock  '   itemprop=\"text\" ><p style=\"text-align: center;\"><strong><span style=\"font-size: 18pt;\">Cerrando el Mes de la Mujer: Indap Ays\u00e9n impulsa primera sesi\u00f3n del comit\u00e9 ejecutivo y directivo de la Mesa de la Mujer Rural<\/span><\/strong><\/p>\n<div id=\"gtx-trans\" style=\"position: absolute; left: -50px; top: 4.31534px;\">\n<div class=\"gtx-trans-icon\"><\/div>\n<\/div>\n<\/div><\/section><\/div><div class=\"flex_column av_one_full  flex_column_div av-zero-column-padding first  avia-builder-el-4  el_after_av_one_full  el_before_av_hr  column-top-margin\" style='border-radius:0px; '><section class=\"av_textblock_section \"  itemscope=\"itemscope\" itemtype=\"https:\/\/schema.org\/BlogPosting\" itemprop=\"blogPost\" ><div class='avia_textblock  '   itemprop=\"text\" ><p style=\"text-align: justify;\">En el marco del Mes de la Mujer, INDAP Ays\u00e9n del Ministerio de Agricultura realiz\u00f3 la primera sesi\u00f3n del\u00a0comit\u00e9 ejecutivo y directivo de\u00a0la Mesa de la Mujer Rural, instancia que destaca por su amplia representatividad institucional y territorial. La reuni\u00f3n cont\u00f3 con la participaci\u00f3n de la Directora Regional de INDAP Ays\u00e9n, Yessica Lagos C\u00e1rdenas; la SEREMI de la Mujer y Equidad de G\u00e9nero Isidora Gacit\u00faa Goles; el SEREMI de Agricultura Eugenio Ruiz; la Directora de Prodemu Ingrid Osorio; y representantes del Gobierno Regional.<\/p>\n<p style=\"text-align: justify;\">A su vez, estuvieron presentes las dirigentes que conforman la Mesa de la Mujer Rural, quienes representan a diversas organizaciones del territorio: Agrupaci\u00f3n de Mujeres Campesinas Emprendedoras Las Maravillas de Puerto Ays\u00e9n; la Agrupaci\u00f3n Cultural y Productiva Manos Amigas de El Blanco; Taller Artesanal Campesino Social y Cultural Ra\u00edces de Ma\u00f1ihuales; la Agrupaci\u00f3n Cultural y Productiva Productoras de La Patagonia; la Asociaci\u00f3n Gremial de Mujeres Campesinas de La Patagonia Ays\u00e9n; la Asociaci\u00f3n Gremial de Mujeres Campesinas de La Junta; y la Agrupaci\u00f3n de Mujeres Rurales Capit\u00e1n Prat.<\/p>\n<p style=\"text-align: justify;\">La Directora Regional de INDAP Ays\u00e9n, Yessica Lagos C\u00e1rdenas, destac\u00f3 la relevancia de este espacio: \u00abReafirmamos nuestro compromiso con las agricultoras de Ays\u00e9n, quienes con su esfuerzo y dedicaci\u00f3n son el coraz\u00f3n del desarrollo rural. La Mesa de la Mujer Rural es un espacio clave para que sus voces sean escuchadas y sus necesidades atendidas, porque sabemos que cuando apoyamos a una mujer rural, fortalecemos a toda su comunidad\u00bb.<\/p>\n<p style=\"text-align: justify;\">Durante la jornada, se abordaron diversos temas fundamentales para el desarrollo de la agenda 2025 de la Mesa de la Mujer Rural. Se entreg\u00f3 informaci\u00f3n sobre el Concurso SIRSD-S, a cargo del profesional de la Unidad de Fomento de INDAP, Gast\u00f3n Vera, y se revis\u00f3 el plan de trabajo y presupuesto para el presente a\u00f1o. Asimismo, se realiz\u00f3 una retroalimentaci\u00f3n con el SEREMI de Agricultura respecto a los cursos SENCE y las postulaciones al 8% del FNDR.<\/p>\n<p style=\"text-align: justify;\">Mar\u00eda Nelly P\u00e9rez, encargada de la Mesa de la Mujer Rural desde INDAP, coment\u00f3 sobre los alcances del plan de trabajo para este 2025: \u201cPriorizamos el trabajo territorial enfocado en las zonas m\u00e1s aisladas, para que las acciones de la Mesa de la Mujer Rural lleguen a lugares como Villa O\u2019Higgins. Prontamente nos trasladaremos con las dirigentas y representantes institucionales para fortalecer el trabajo local y acompa\u00f1ar a las organizaciones de mujeres rurales, incluyendo la recientemente formada agrupaci\u00f3n del Baker.\u201d<\/p>\n<p style=\"text-align: justify;\">La Mesa de la Mujer Rural es una instancia de di\u00e1logo y articulaci\u00f3n que busca fortalecer la participaci\u00f3n de las mujeres en la toma de decisiones sobre su desarrollo hacia la autonom\u00eda econ\u00f3mica a trav\u00e9s del fomento productivo. A trav\u00e9s de su Comit\u00e9 Ejecutivo y Directivo, este espacio permite canalizar las demandas de las agricultoras y emprendedoras rurales, asegurando su acceso a financiamiento, capacitaci\u00f3n y apoyo t\u00e9cnico para potenciar sus actividades productivas.<\/p>\n<\/div><\/section><\/div><div  style='height:50px' class='hr hr-invisible   avia-builder-el-6  el_after_av_one_full  el_before_av_social_share '><span class='hr-inner ' ><span class='hr-inner-style'><\/span><\/span><\/div><\/p>\n<div  class='av-social-sharing-box  avia-builder-el-7  el_after_av_hr  el_before_av_hr  '><div class='av-share-box'><h5 class='av-share-link-description av-no-toc '>Compartir esta noticia<\/h5><ul class='av-share-box-list noLightbox'><li class='av-share-link av-social-link-facebook' ><a target=\"_blank\" aria-label=\"Compartir en Facebook\" href='https:\/\/www.facebook.com\/sharer.php?u=https:\/\/radiorevelacionfm.cl\/?p=52104&#038;t=Cerrando%20el%20Mes%20de%20la%20Mujer%3A%20Indap%20Ays%C3%A9n%20impulsa%20primera%20sesi%C3%B3n%20del%20comit%C3%A9%20ejecutivo%20y%20directivo%20de%20la%20Mesa%20de%20la%20Mujer%20Rural' aria-hidden='false' data-av_icon='\ue8f3' data-av_iconfont='entypo-fontello' title='' data-avia-related-tooltip='Compartir en Facebook' rel=\"noopener\"><span class='avia_hidden_link_text'>Compartir en Facebook<\/span><\/a><\/li><li class='av-share-link av-social-link-twitter' ><a target=\"_blank\" aria-label=\"Compartir en Twitter\" href='https:\/\/twitter.com\/share?text=Cerrando%20el%20Mes%20de%20la%20Mujer%3A%20Indap%20Ays%C3%A9n%20impulsa%20primera%20sesi%C3%B3n%20del%20comit%C3%A9%20ejecutivo%20y%20directivo%20de%20la%20Mesa%20de%20la%20Mujer%20Rural&#038;url=https:\/\/radiorevelacionfm.cl\/?p=52104' aria-hidden='false' data-av_icon='\ue8f1' data-av_iconfont='entypo-fontello' title='' data-avia-related-tooltip='Compartir en Twitter' rel=\"noopener\"><span class='avia_hidden_link_text'>Compartir en Twitter<\/span><\/a><\/li><li class='av-share-link av-social-link-whatsapp' ><a target=\"_blank\" aria-label=\"Compartir en Whatsapp\" href='https:\/\/api.whatsapp.com\/send?text=https:\/\/radiorevelacionfm.cl\/?p=52104' aria-hidden='false' data-av_icon='\uf232' data-av_iconfont='entypo-fontello' title='' data-avia-related-tooltip='Compartir en Whatsapp' rel=\"noopener\"><span class='avia_hidden_link_text'>Compartir en Whatsapp<\/span><\/a><\/li><li class='av-share-link av-social-link-linkedin' ><a target=\"_blank\" aria-label=\"Compartir en LinkedIn\" href='https:\/\/linkedin.com\/shareArticle?mini=true&#038;title=Cerrando%20el%20Mes%20de%20la%20Mujer%3A%20Indap%20Ays%C3%A9n%20impulsa%20primera%20sesi%C3%B3n%20del%20comit%C3%A9%20ejecutivo%20y%20directivo%20de%20la%20Mesa%20de%20la%20Mujer%20Rural&#038;url=https:\/\/radiorevelacionfm.cl\/?p=52104' aria-hidden='false' data-av_icon='\ue8fc' data-av_iconfont='entypo-fontello' title='' data-avia-related-tooltip='Compartir en LinkedIn' rel=\"noopener\"><span class='avia_hidden_link_text'>Compartir en LinkedIn<\/span><\/a><\/li><li class='av-share-link av-social-link-mail' ><a  aria-label=\"Compartir por correo\" href='mailto:?subject=Cerrando%20el%20Mes%20de%20la%20Mujer%3A%20Indap%20Ays%C3%A9n%20impulsa%20primera%20sesi%C3%B3n%20del%20comit%C3%A9%20ejecutivo%20y%20directivo%20de%20la%20Mesa%20de%20la%20Mujer%20Rural&#038;body=https:\/\/radiorevelacionfm.cl\/?p=52104' aria-hidden='false' data-av_icon='\ue805' data-av_iconfont='entypo-fontello' title='' data-avia-related-tooltip='Compartir por correo'><span class='avia_hidden_link_text'>Compartir por correo<\/span><\/a><\/li><\/ul><\/div><\/div>\n<div  style='height:50px' class='hr hr-invisible   avia-builder-el-8  el_after_av_social_share  el_before_av_comments_list '><span class='hr-inner ' ><span class='hr-inner-style'><\/span><\/span><\/div>\n<div  class='av-buildercomment  av-blog-meta-html-info-disabled av-blog-meta-tag-disabled  '><\/div>\n","protected":false},"excerpt":{"rendered":"","protected":false},"author":1,"featured_media":52105,"comment_status":"closed","ping_status":"closed","sticky":false,"template":"","format":"standard","meta":{"footnotes":""},"categories":[58],"tags":[],"class_list":["post-52104","post","type-post","status-publish","format-standard","has-post-thumbnail","hentry","category-agricultura"],"jetpack_featured_media_url":"https:\/\/radiorevelacionfm.cl\/wp-content\/uploads\/2025\/04\/MESA-DE-LA-MUJER-RURAL-3-1-1.jpeg","_links":{"self":[{"href":"https:\/\/radiorevelacionfm.cl\/index.php?rest_route=\/wp\/v2\/posts\/52104","targetHints":{"allow":["GET"]}}],"collection":[{"href":"https:\/\/radiorevelacionfm.cl\/index.php?rest_route=\/wp\/v2\/posts"}],"about":[{"href":"https:\/\/radiorevelacionfm.cl\/index.php?rest_route=\/wp\/v2\/types\/post"}],"author":[{"embeddable":true,"href":"https:\/\/radiorevelacionfm.cl\/index.php?rest_route=\/wp\/v2\/users\/1"}],"replies":[{"embeddable":true,"href":"https:\/\/radiorevelacionfm.cl\/index.php?rest_route=%2Fwp%2Fv2%2Fcomments&post=52104"}],"version-history":[{"count":2,"href":"https:\/\/radiorevelacionfm.cl\/index.php?rest_route=\/wp\/v2\/posts\/52104\/revisions"}],"predecessor-version":[{"id":52107,"href":"https:\/\/radiorevelacionfm.cl\/index.php?rest_route=\/wp\/v2\/posts\/52104\/revisions\/52107"}],"wp:featuredmedia":[{"embeddable":true,"href":"https:\/\/radiorevelacionfm.cl\/index.php?rest_route=\/wp\/v2\/media\/52105"}],"wp:attachment":[{"href":"https:\/\/radiorevelacionfm.cl\/index.php?rest_route=%2Fwp%2Fv2%2Fmedia&parent=52104"}],"wp:term":[{"taxonomy":"category","embeddable":true,"href":"https:\/\/radiorevelacionfm.cl\/index.php?rest_route=%2Fwp%2Fv2%2Fcategories&post=52104"},{"taxonomy":"post_tag","embeddable":true,"href":"https:\/\/radiorevelacionfm.cl\/index.php?rest_route=%2Fwp%2Fv2%2Ftags&post=52104"}],"curies":[{"name":"wp","href":"https:\/\/api.w.org\/{rel}","templated":true}]}}