{"id":52096,"date":"2025-04-02T15:19:49","date_gmt":"2025-04-02T18:19:49","guid":{"rendered":"https:\/\/radiorevelacionfm.cl\/?p=52096"},"modified":"2025-04-02T15:19:49","modified_gmt":"2025-04-02T18:19:49","slug":"corte-de-coyhaique-rechaza-recurso-de-nulidad-y-confirma-condena-por-robo-con-violencia","status":"publish","type":"post","link":"https:\/\/radiorevelacionfm.cl\/?p=52096","title":{"rendered":"Corte de Coyhaique rechaza recurso de nulidad y confirma condena por robo con violencia"},"content":{"rendered":"<div class=\"flex_column av_one_full  flex_column_div av-zero-column-padding first  avia-builder-el-0  el_before_av_one_full  avia-builder-el-first  \" style='border-radius:0px; '><div  class='avia-image-container  av-styling-    avia-builder-el-1  avia-builder-el-no-sibling  avia-align-center '  itemprop=\"image\" itemscope=\"itemscope\" itemtype=\"https:\/\/schema.org\/ImageObject\"  ><div class='avia-image-container-inner'><div class='avia-image-overlay-wrap'><img decoding=\"async\" class='wp-image-44831 avia-img-lazy-loading-not-44831 avia_image' src=\"https:\/\/radiorevelacionfm.cl\/wp-content\/uploads\/2024\/08\/foto-02-corte-de-apelaciones-1-1_optimized-1.jpg\" alt='' title='foto-02-corte-de-apelaciones-(1)-(1)_optimized (1)' height=\"600\" width=\"934\"  itemprop=\"thumbnailUrl\" srcset=\"https:\/\/radiorevelacionfm.cl\/wp-content\/uploads\/2024\/08\/foto-02-corte-de-apelaciones-1-1_optimized-1.jpg 934w, https:\/\/radiorevelacionfm.cl\/wp-content\/uploads\/2024\/08\/foto-02-corte-de-apelaciones-1-1_optimized-1-300x193.jpg 300w, https:\/\/radiorevelacionfm.cl\/wp-content\/uploads\/2024\/08\/foto-02-corte-de-apelaciones-1-1_optimized-1-768x493.jpg 768w, https:\/\/radiorevelacionfm.cl\/wp-content\/uploads\/2024\/08\/foto-02-corte-de-apelaciones-1-1_optimized-1-705x453.jpg 705w, https:\/\/radiorevelacionfm.cl\/wp-content\/uploads\/2024\/08\/foto-02-corte-de-apelaciones-1-1_optimized-1-450x289.jpg 450w, https:\/\/radiorevelacionfm.cl\/wp-content\/uploads\/2024\/08\/foto-02-corte-de-apelaciones-1-1_optimized-1-600x385.jpg 600w\" sizes=\"(max-width: 934px) 100vw, 934px\" \/><\/div><\/div><\/div><\/div><div class=\"flex_column av_one_full  flex_column_div av-zero-column-padding first  avia-builder-el-2  el_after_av_one_full  el_before_av_one_full  column-top-margin\" style='border-radius:0px; '><section class=\"av_textblock_section \"  itemscope=\"itemscope\" itemtype=\"https:\/\/schema.org\/BlogPosting\" itemprop=\"blogPost\" ><div class='avia_textblock  '   itemprop=\"text\" ><p style=\"text-align: center;\"><strong><span style=\"font-size: 18pt;\">Corte de Coyhaique rechaza recurso de nulidad y confirma condena por robo con violencia<\/span><\/strong><\/p>\n<div id=\"gtx-trans\" style=\"position: absolute; left: -50px; top: 4.31534px;\">\n<div class=\"gtx-trans-icon\"><\/div>\n<\/div>\n<\/div><\/section><\/div><div class=\"flex_column av_one_full  flex_column_div av-zero-column-padding first  avia-builder-el-4  el_after_av_one_full  el_before_av_hr  column-top-margin\" style='border-radius:0px; '><section class=\"av_textblock_section \"  itemscope=\"itemscope\" itemtype=\"https:\/\/schema.org\/BlogPosting\" itemprop=\"blogPost\" ><div class='avia_textblock  '   itemprop=\"text\" ><p class=\"v1MsoNormal\" style=\"text-align: justify;\">La Corte de Apelaciones de Coyhaique rechaz\u00f3 el recurso de nulidad interpuesto en contra de la sentencia que conden\u00f3 a Yamil Antonio Corball B\u00f3rquez a la pena de 5 a\u00f1os y un d\u00eda de presidio efectivo, en calidad de autor del delito de robo con violencia. Il\u00edcito perpetrado en julio del a\u00f1o pasado, en la comuna.<\/p>\n<p class=\"v1MsoNormal\" style=\"text-align: justify;\">En fallo un\u00e1nime (causa rol 49-2025), la Primera Sala del tribunal de alzada \u2013integrada por los ministros Pedro Castro Espinoza, Luis Aedo Mora y Jos\u00e9 Ignacio Mora Trujillo\u2013 descart\u00f3 error de derecho en la sentencia impugnada, dictada por el\u00a0Tribunal de Juicio Oral en lo Penal de Coyhaique.<\/p>\n<p class=\"v1MsoNormal\" style=\"text-align: justify;\">\u00abQue, de esta manera, la eventual contravenci\u00f3n a un principio de la l\u00f3gica, a la que alude el recurrente en el an\u00e1lisis y ponderaci\u00f3n de la prueba, sin perjuicio de que no es efectiva, es constitutiva, m\u00e1s bien, de un recurso de apelaci\u00f3n que confiere otro tipo de competencia a estos juzgadores y que este extraordinario recurso, de derecho estricto, no permite, debi\u00e9ndose tener como inamovibles y definitivos los hechos establecidos por el Tribunal de Juicio Oral en lo Penal, siendo \u00a0soberanos para ello en la medida que en dicha acci\u00f3n no se hubiere infringido la normativa legal, que en el caso de autos no se visualiza ni acontece\u00bb, consigna el fallo.<\/p>\n<p class=\"v1MsoNormal\" style=\"text-align: justify;\">La resoluci\u00f3n agrega que: \u00abDe la lectura \u00edntegra, completa y con un simple ejercicio mental de correlaci\u00f3n de los considerandos en los que se expuso la prueba rendida, en donde se practic\u00f3 un razonamiento de ella para dar sustento a las proposiciones f\u00e1cticas que determinaron la condena, debido a la convicci\u00f3n adquirida por los sentenciadores que se encuentra, en demas\u00eda, adecuada y legalmente explicitada, lo que obligar\u00e1 a este Ilustr\u00edsimo Tribunal a rechazar el presente recurso de nulidad y as\u00ed se declarar\u00e1\u00bb.<\/p>\n<p class=\"v1MsoNormal\" style=\"text-align: justify;\">Por tanto, se resuelve que: \u00ab<b>SE DECLARA SIN LUGAR Y SE RECHAZA<\/b>, sin costas, el recurso de nulidad deducido por Ricardo Flores Tapia, abogado, Defensor Penal P\u00fablico de Coyhaique, en contra de la sentencia definitiva, de fecha 24 de enero del 2025, en cuanto se conden\u00f3, al citado acusado, Yamil Antonio Corball B\u00f3rquez, por su responsabilidad como autor de un delito de robo con violencia, previsto y sancionado en el art\u00edculo 436, del C\u00f3digo Penal, en grado consumado, a las penas que se establecen en lo resolutivo del fallo, sentencia que, en consecuencia, no es nula, como tampoco el Juicio en la que se dict\u00f3\u00bb.<\/p>\n<\/div><\/section><\/div><div  style='height:50px' class='hr hr-invisible   avia-builder-el-6  el_after_av_one_full  el_before_av_social_share '><span class='hr-inner ' ><span class='hr-inner-style'><\/span><\/span><\/div><\/p>\n<div  class='av-social-sharing-box  avia-builder-el-7  el_after_av_hr  el_before_av_hr  '><div class='av-share-box'><h5 class='av-share-link-description av-no-toc '>Compartir esta noticia<\/h5><ul class='av-share-box-list noLightbox'><li class='av-share-link av-social-link-facebook' ><a target=\"_blank\" aria-label=\"Compartir en Facebook\" href='https:\/\/www.facebook.com\/sharer.php?u=https:\/\/radiorevelacionfm.cl\/?p=52096&#038;t=Corte%20de%20Coyhaique%20rechaza%20recurso%20de%20nulidad%20y%20confirma%20condena%20por%20robo%20con%20violencia' aria-hidden='false' data-av_icon='\ue8f3' data-av_iconfont='entypo-fontello' title='' data-avia-related-tooltip='Compartir en Facebook' rel=\"noopener\"><span class='avia_hidden_link_text'>Compartir en Facebook<\/span><\/a><\/li><li class='av-share-link av-social-link-twitter' ><a target=\"_blank\" aria-label=\"Compartir en Twitter\" href='https:\/\/twitter.com\/share?text=Corte%20de%20Coyhaique%20rechaza%20recurso%20de%20nulidad%20y%20confirma%20condena%20por%20robo%20con%20violencia&#038;url=https:\/\/radiorevelacionfm.cl\/?p=52096' aria-hidden='false' data-av_icon='\ue8f1' data-av_iconfont='entypo-fontello' title='' data-avia-related-tooltip='Compartir en Twitter' rel=\"noopener\"><span class='avia_hidden_link_text'>Compartir en Twitter<\/span><\/a><\/li><li class='av-share-link av-social-link-whatsapp' ><a target=\"_blank\" aria-label=\"Compartir en Whatsapp\" href='https:\/\/api.whatsapp.com\/send?text=https:\/\/radiorevelacionfm.cl\/?p=52096' aria-hidden='false' data-av_icon='\uf232' data-av_iconfont='entypo-fontello' title='' data-avia-related-tooltip='Compartir en Whatsapp' rel=\"noopener\"><span class='avia_hidden_link_text'>Compartir en Whatsapp<\/span><\/a><\/li><li class='av-share-link av-social-link-linkedin' ><a target=\"_blank\" aria-label=\"Compartir en LinkedIn\" href='https:\/\/linkedin.com\/shareArticle?mini=true&#038;title=Corte%20de%20Coyhaique%20rechaza%20recurso%20de%20nulidad%20y%20confirma%20condena%20por%20robo%20con%20violencia&#038;url=https:\/\/radiorevelacionfm.cl\/?p=52096' aria-hidden='false' data-av_icon='\ue8fc' data-av_iconfont='entypo-fontello' title='' data-avia-related-tooltip='Compartir en LinkedIn' rel=\"noopener\"><span class='avia_hidden_link_text'>Compartir en LinkedIn<\/span><\/a><\/li><li class='av-share-link av-social-link-mail' ><a  aria-label=\"Compartir por correo\" href='mailto:?subject=Corte%20de%20Coyhaique%20rechaza%20recurso%20de%20nulidad%20y%20confirma%20condena%20por%20robo%20con%20violencia&#038;body=https:\/\/radiorevelacionfm.cl\/?p=52096' aria-hidden='false' data-av_icon='\ue805' data-av_iconfont='entypo-fontello' title='' data-avia-related-tooltip='Compartir por correo'><span class='avia_hidden_link_text'>Compartir por correo<\/span><\/a><\/li><\/ul><\/div><\/div>\n<div  style='height:50px' class='hr hr-invisible   avia-builder-el-8  el_after_av_social_share  el_before_av_comments_list '><span class='hr-inner ' ><span class='hr-inner-style'><\/span><\/span><\/div>\n<div  class='av-buildercomment  av-blog-meta-html-info-disabled av-blog-meta-tag-disabled  '><\/div>\n","protected":false},"excerpt":{"rendered":"","protected":false},"author":1,"featured_media":44831,"comment_status":"closed","ping_status":"closed","sticky":false,"template":"","format":"standard","meta":{"footnotes":""},"categories":[55],"tags":[],"class_list":["post-52096","post","type-post","status-publish","format-standard","has-post-thumbnail","hentry","category-justicia"],"jetpack_featured_media_url":"https:\/\/radiorevelacionfm.cl\/wp-content\/uploads\/2024\/08\/foto-02-corte-de-apelaciones-1-1_optimized-1.jpg","_links":{"self":[{"href":"https:\/\/radiorevelacionfm.cl\/index.php?rest_route=\/wp\/v2\/posts\/52096","targetHints":{"allow":["GET"]}}],"collection":[{"href":"https:\/\/radiorevelacionfm.cl\/index.php?rest_route=\/wp\/v2\/posts"}],"about":[{"href":"https:\/\/radiorevelacionfm.cl\/index.php?rest_route=\/wp\/v2\/types\/post"}],"author":[{"embeddable":true,"href":"https:\/\/radiorevelacionfm.cl\/index.php?rest_route=\/wp\/v2\/users\/1"}],"replies":[{"embeddable":true,"href":"https:\/\/radiorevelacionfm.cl\/index.php?rest_route=%2Fwp%2Fv2%2Fcomments&post=52096"}],"version-history":[{"count":2,"href":"https:\/\/radiorevelacionfm.cl\/index.php?rest_route=\/wp\/v2\/posts\/52096\/revisions"}],"predecessor-version":[{"id":52098,"href":"https:\/\/radiorevelacionfm.cl\/index.php?rest_route=\/wp\/v2\/posts\/52096\/revisions\/52098"}],"wp:featuredmedia":[{"embeddable":true,"href":"https:\/\/radiorevelacionfm.cl\/index.php?rest_route=\/wp\/v2\/media\/44831"}],"wp:attachment":[{"href":"https:\/\/radiorevelacionfm.cl\/index.php?rest_route=%2Fwp%2Fv2%2Fmedia&parent=52096"}],"wp:term":[{"taxonomy":"category","embeddable":true,"href":"https:\/\/radiorevelacionfm.cl\/index.php?rest_route=%2Fwp%2Fv2%2Fcategories&post=52096"},{"taxonomy":"post_tag","embeddable":true,"href":"https:\/\/radiorevelacionfm.cl\/index.php?rest_route=%2Fwp%2Fv2%2Ftags&post=52096"}],"curies":[{"name":"wp","href":"https:\/\/api.w.org\/{rel}","templated":true}]}}