{"id":52091,"date":"2025-04-02T14:05:46","date_gmt":"2025-04-02T17:05:46","guid":{"rendered":"https:\/\/radiorevelacionfm.cl\/?p=52091"},"modified":"2025-04-02T14:05:46","modified_gmt":"2025-04-02T17:05:46","slug":"sorprenden-a-embarcacion-de-los-lagos-extrayendo-almejas-desde-zona-con-marea-roja-en-aysen","status":"publish","type":"post","link":"https:\/\/radiorevelacionfm.cl\/?p=52091","title":{"rendered":"Sorprenden a embarcaci\u00f3n de Los Lagos extrayendo almejas desde zona con marea roja en Ays\u00e9n"},"content":{"rendered":"<div class=\"flex_column av_one_full  flex_column_div av-zero-column-padding first  avia-builder-el-0  el_before_av_one_full  avia-builder-el-first  \" style='border-radius:0px; '><div  class='avia-image-container  av-styling-    avia-builder-el-1  avia-builder-el-no-sibling  avia-align-center '  itemprop=\"image\" itemscope=\"itemscope\" itemtype=\"https:\/\/schema.org\/ImageObject\"  ><div class='avia-image-container-inner'><div class='avia-image-overlay-wrap'><img decoding=\"async\" class='wp-image-52092 avia-img-lazy-loading-not-52092 avia_image' src=\"https:\/\/radiorevelacionfm.cl\/wp-content\/uploads\/2025\/04\/foto-2025-04-02t134629_optimized.474-1.jpg\" alt='' title='foto - -2025-04-02t134629_optimized.474-(1)' height=\"600\" width=\"800\"  itemprop=\"thumbnailUrl\" srcset=\"https:\/\/radiorevelacionfm.cl\/wp-content\/uploads\/2025\/04\/foto-2025-04-02t134629_optimized.474-1.jpg 800w, https:\/\/radiorevelacionfm.cl\/wp-content\/uploads\/2025\/04\/foto-2025-04-02t134629_optimized.474-1-300x225.jpg 300w, https:\/\/radiorevelacionfm.cl\/wp-content\/uploads\/2025\/04\/foto-2025-04-02t134629_optimized.474-1-768x576.jpg 768w, https:\/\/radiorevelacionfm.cl\/wp-content\/uploads\/2025\/04\/foto-2025-04-02t134629_optimized.474-1-705x529.jpg 705w, https:\/\/radiorevelacionfm.cl\/wp-content\/uploads\/2025\/04\/foto-2025-04-02t134629_optimized.474-1-450x338.jpg 450w, https:\/\/radiorevelacionfm.cl\/wp-content\/uploads\/2025\/04\/foto-2025-04-02t134629_optimized.474-1-600x450.jpg 600w\" sizes=\"(max-width: 800px) 100vw, 800px\" \/><\/div><\/div><\/div><\/div><div class=\"flex_column av_one_full  flex_column_div av-zero-column-padding first  avia-builder-el-2  el_after_av_one_full  el_before_av_one_full  column-top-margin\" style='border-radius:0px; '><section class=\"av_textblock_section \"  itemscope=\"itemscope\" itemtype=\"https:\/\/schema.org\/BlogPosting\" itemprop=\"blogPost\" ><div class='avia_textblock  '   itemprop=\"text\" ><p style=\"text-align: center;\"><span style=\"font-size: 18pt;\"><b>Sorprenden a embarcaci\u00f3n de Los Lagos extrayendo almejas desde zona con marea roja en Ays\u00e9n<\/b><\/span><\/p>\n<div id=\"gtx-trans\" style=\"position: absolute; left: -50px; top: 4.31534px;\">\n<div class=\"gtx-trans-icon\"><\/div>\n<\/div>\n<\/div><\/section><\/div><div class=\"flex_column av_one_full  flex_column_div av-zero-column-padding first  avia-builder-el-4  el_after_av_one_full  el_before_av_hr  column-top-margin\" style='border-radius:0px; '><section class=\"av_textblock_section \"  itemscope=\"itemscope\" itemtype=\"https:\/\/schema.org\/BlogPosting\" itemprop=\"blogPost\" ><div class='avia_textblock  '   itemprop=\"text\" ><p style=\"font-weight: 400; text-align: justify;\">Nuevamente sorprenden a embarcaci\u00f3n de la regi\u00f3n de Los Lagos extrayendo recursos desde un \u00e1rea cerrada por la Seremi de Salud en la regi\u00f3n de Ays\u00e9n, debido a los altos niveles de toxinas presentes en ese sector.<\/p>\n<p style=\"font-weight: 400; text-align: justify;\">En procedimiento de fiscalizaci\u00f3n entre personal del Servicio Nacional de Pesca y Acuicultura (Sernapesca) de Ays\u00e9n y personal de la Armada de Chile en zona de pesca se sorprendi\u00f3 a una embarcaci\u00f3n de pesca artesanal de regi\u00f3n de Los Lagos que se encontraba fuera de la zona contigua, y que adem\u00e1s se encontraba extrayendo recursos desde una zona no autorizada por Autoridad Sanitaria para la extracci\u00f3n de almeja.<\/p>\n<p style=\"font-weight: 400; text-align: justify;\">Jorge Padilla, director regional (s) de Sernapesca en Ays\u00e9n conden\u00f3 esta conducta: \u201cNos parece que es grave que esta pr\u00e1ctica sea repetitiva por parte de un grupo de pescadores que insiste en extraer recursos desde zonas cerradas por la autoridad sanitaria. Esto significa un riesgo para la sustentabilidad del sector pesquero y tambi\u00e9n para la salud de las personas. Vamos a continuar con los controles en toda la regi\u00f3n para asegurar que las faenas de pesca cumplan con las exigencias normativas y sanitarias, es decir que se realicen en zonas autorizadas\u201d.<\/p>\n<p style=\"font-weight: 400; text-align: justify;\">Se curs\u00f3 una citaci\u00f3n al armador de la nave y se incaut\u00f3 el total del recurso, 400 kg de almejas, el cual fue devuelto al mar en el mismo lugar de extracci\u00f3n, para asegurar que no se comercialice.<\/p>\n<\/div><\/section><\/div><div  style='height:50px' class='hr hr-invisible   avia-builder-el-6  el_after_av_one_full  el_before_av_social_share '><span class='hr-inner ' ><span class='hr-inner-style'><\/span><\/span><\/div><\/p>\n<div  class='av-social-sharing-box  avia-builder-el-7  el_after_av_hr  el_before_av_hr  '><div class='av-share-box'><h5 class='av-share-link-description av-no-toc '>Compartir esta noticia<\/h5><ul class='av-share-box-list noLightbox'><li class='av-share-link av-social-link-facebook' ><a target=\"_blank\" aria-label=\"Compartir en Facebook\" href='https:\/\/www.facebook.com\/sharer.php?u=https:\/\/radiorevelacionfm.cl\/?p=52091&#038;t=Sorprenden%20a%20embarcaci%C3%B3n%20de%20Los%20Lagos%20extrayendo%20almejas%20desde%20zona%20con%20marea%20roja%20en%20Ays%C3%A9n' aria-hidden='false' data-av_icon='\ue8f3' data-av_iconfont='entypo-fontello' title='' data-avia-related-tooltip='Compartir en Facebook' rel=\"noopener\"><span class='avia_hidden_link_text'>Compartir en Facebook<\/span><\/a><\/li><li class='av-share-link av-social-link-twitter' ><a target=\"_blank\" aria-label=\"Compartir en Twitter\" href='https:\/\/twitter.com\/share?text=Sorprenden%20a%20embarcaci%C3%B3n%20de%20Los%20Lagos%20extrayendo%20almejas%20desde%20zona%20con%20marea%20roja%20en%20Ays%C3%A9n&#038;url=https:\/\/radiorevelacionfm.cl\/?p=52091' aria-hidden='false' data-av_icon='\ue8f1' data-av_iconfont='entypo-fontello' title='' data-avia-related-tooltip='Compartir en Twitter' rel=\"noopener\"><span class='avia_hidden_link_text'>Compartir en Twitter<\/span><\/a><\/li><li class='av-share-link av-social-link-whatsapp' ><a target=\"_blank\" aria-label=\"Compartir en Whatsapp\" href='https:\/\/api.whatsapp.com\/send?text=https:\/\/radiorevelacionfm.cl\/?p=52091' aria-hidden='false' data-av_icon='\uf232' data-av_iconfont='entypo-fontello' title='' data-avia-related-tooltip='Compartir en Whatsapp' rel=\"noopener\"><span class='avia_hidden_link_text'>Compartir en Whatsapp<\/span><\/a><\/li><li class='av-share-link av-social-link-linkedin' ><a target=\"_blank\" aria-label=\"Compartir en LinkedIn\" href='https:\/\/linkedin.com\/shareArticle?mini=true&#038;title=Sorprenden%20a%20embarcaci%C3%B3n%20de%20Los%20Lagos%20extrayendo%20almejas%20desde%20zona%20con%20marea%20roja%20en%20Ays%C3%A9n&#038;url=https:\/\/radiorevelacionfm.cl\/?p=52091' aria-hidden='false' data-av_icon='\ue8fc' data-av_iconfont='entypo-fontello' title='' data-avia-related-tooltip='Compartir en LinkedIn' rel=\"noopener\"><span class='avia_hidden_link_text'>Compartir en LinkedIn<\/span><\/a><\/li><li class='av-share-link av-social-link-mail' ><a  aria-label=\"Compartir por correo\" href='mailto:?subject=Sorprenden%20a%20embarcaci%C3%B3n%20de%20Los%20Lagos%20extrayendo%20almejas%20desde%20zona%20con%20marea%20roja%20en%20Ays%C3%A9n&#038;body=https:\/\/radiorevelacionfm.cl\/?p=52091' aria-hidden='false' data-av_icon='\ue805' data-av_iconfont='entypo-fontello' title='' data-avia-related-tooltip='Compartir por correo'><span class='avia_hidden_link_text'>Compartir por correo<\/span><\/a><\/li><\/ul><\/div><\/div>\n<div  style='height:50px' class='hr hr-invisible   avia-builder-el-8  el_after_av_social_share  el_before_av_comments_list '><span class='hr-inner ' ><span class='hr-inner-style'><\/span><\/span><\/div>\n<div  class='av-buildercomment  av-blog-meta-html-info-disabled av-blog-meta-tag-disabled  '><\/div>\n","protected":false},"excerpt":{"rendered":"","protected":false},"author":1,"featured_media":52092,"comment_status":"closed","ping_status":"closed","sticky":false,"template":"","format":"standard","meta":{"footnotes":""},"categories":[60],"tags":[],"class_list":["post-52091","post","type-post","status-publish","format-standard","has-post-thumbnail","hentry","category-pesca"],"jetpack_featured_media_url":"https:\/\/radiorevelacionfm.cl\/wp-content\/uploads\/2025\/04\/foto-2025-04-02t134629_optimized.474-1.jpg","_links":{"self":[{"href":"https:\/\/radiorevelacionfm.cl\/index.php?rest_route=\/wp\/v2\/posts\/52091","targetHints":{"allow":["GET"]}}],"collection":[{"href":"https:\/\/radiorevelacionfm.cl\/index.php?rest_route=\/wp\/v2\/posts"}],"about":[{"href":"https:\/\/radiorevelacionfm.cl\/index.php?rest_route=\/wp\/v2\/types\/post"}],"author":[{"embeddable":true,"href":"https:\/\/radiorevelacionfm.cl\/index.php?rest_route=\/wp\/v2\/users\/1"}],"replies":[{"embeddable":true,"href":"https:\/\/radiorevelacionfm.cl\/index.php?rest_route=%2Fwp%2Fv2%2Fcomments&post=52091"}],"version-history":[{"count":2,"href":"https:\/\/radiorevelacionfm.cl\/index.php?rest_route=\/wp\/v2\/posts\/52091\/revisions"}],"predecessor-version":[{"id":52094,"href":"https:\/\/radiorevelacionfm.cl\/index.php?rest_route=\/wp\/v2\/posts\/52091\/revisions\/52094"}],"wp:featuredmedia":[{"embeddable":true,"href":"https:\/\/radiorevelacionfm.cl\/index.php?rest_route=\/wp\/v2\/media\/52092"}],"wp:attachment":[{"href":"https:\/\/radiorevelacionfm.cl\/index.php?rest_route=%2Fwp%2Fv2%2Fmedia&parent=52091"}],"wp:term":[{"taxonomy":"category","embeddable":true,"href":"https:\/\/radiorevelacionfm.cl\/index.php?rest_route=%2Fwp%2Fv2%2Fcategories&post=52091"},{"taxonomy":"post_tag","embeddable":true,"href":"https:\/\/radiorevelacionfm.cl\/index.php?rest_route=%2Fwp%2Fv2%2Ftags&post=52091"}],"curies":[{"name":"wp","href":"https:\/\/api.w.org\/{rel}","templated":true}]}}