{"id":52088,"date":"2025-04-02T18:09:08","date_gmt":"2025-04-02T21:09:08","guid":{"rendered":"https:\/\/radiorevelacionfm.cl\/?p=52088"},"modified":"2025-04-02T18:09:08","modified_gmt":"2025-04-02T21:09:08","slug":"experiencias-y-desafios-reune-en-chile-chico-a-equipos-municipales-de-8-comunas-del-programa-vinculos","status":"publish","type":"post","link":"https:\/\/radiorevelacionfm.cl\/?p=52088","title":{"rendered":"Experiencias y desaf\u00edos re\u00fane en Chile Chico a equipos municipales de 8 comunas del Programa V\u00ednculos"},"content":{"rendered":"<div class=\"flex_column av_one_full  flex_column_div av-zero-column-padding first  avia-builder-el-0  el_before_av_one_full  avia-builder-el-first  \" style='border-radius:0px; '><div  class='avia-image-container  av-styling-    avia-builder-el-1  avia-builder-el-no-sibling  avia-align-center '  itemprop=\"image\" itemscope=\"itemscope\" itemtype=\"https:\/\/schema.org\/ImageObject\"  ><div class='avia-image-container-inner'><div class='avia-image-overlay-wrap'><img decoding=\"async\" class='wp-image-52089 avia-img-lazy-loading-not-52089 avia_image' src=\"https:\/\/radiorevelacionfm.cl\/wp-content\/uploads\/2025\/04\/vinculos-1-1-1.jpeg\" alt='' title='vinculos 1 (1) (1)' height=\"600\" width=\"800\"  itemprop=\"thumbnailUrl\" srcset=\"https:\/\/radiorevelacionfm.cl\/wp-content\/uploads\/2025\/04\/vinculos-1-1-1.jpeg 800w, https:\/\/radiorevelacionfm.cl\/wp-content\/uploads\/2025\/04\/vinculos-1-1-1-300x225.jpeg 300w, https:\/\/radiorevelacionfm.cl\/wp-content\/uploads\/2025\/04\/vinculos-1-1-1-768x576.jpeg 768w, https:\/\/radiorevelacionfm.cl\/wp-content\/uploads\/2025\/04\/vinculos-1-1-1-705x529.jpeg 705w, https:\/\/radiorevelacionfm.cl\/wp-content\/uploads\/2025\/04\/vinculos-1-1-1-450x338.jpeg 450w, https:\/\/radiorevelacionfm.cl\/wp-content\/uploads\/2025\/04\/vinculos-1-1-1-600x450.jpeg 600w\" sizes=\"(max-width: 800px) 100vw, 800px\" \/><\/div><\/div><\/div><\/div><div class=\"flex_column av_one_full  flex_column_div av-zero-column-padding first  avia-builder-el-2  el_after_av_one_full  el_before_av_one_full  column-top-margin\" style='border-radius:0px; '><section class=\"av_textblock_section \"  itemscope=\"itemscope\" itemtype=\"https:\/\/schema.org\/BlogPosting\" itemprop=\"blogPost\" ><div class='avia_textblock  '   itemprop=\"text\" ><p style=\"text-align: center;\"><strong><span style=\"font-size: 18pt;\">Experiencias y desaf\u00edos re\u00fane en Chile Chico a equipos municipales de 8 comunas del Programa V\u00ednculos <\/span><\/strong><\/p>\n<div id=\"gtx-trans\" style=\"position: absolute; left: -50px; top: 4.31534px;\">\n<div class=\"gtx-trans-icon\"><\/div>\n<\/div>\n<\/div><\/section><\/div><div class=\"flex_column av_one_full  flex_column_div av-zero-column-padding first  avia-builder-el-4  el_after_av_one_full  el_before_av_hr  column-top-margin\" style='border-radius:0px; '><section class=\"av_textblock_section \"  itemscope=\"itemscope\" itemtype=\"https:\/\/schema.org\/BlogPosting\" itemprop=\"blogPost\" ><div class='avia_textblock  '   itemprop=\"text\" ><p style=\"text-align: justify;\">Dos importantes acciones en el territorio Aysenino es el que est\u00e1 llevando el Programa V\u00ednculos, uno de ellos fue el Encuentro regional que se realiz\u00f3 en Chile Chico con la participaci\u00f3n de los equipos ministeriales, monitores comunitarios y encargados comunales de Coyhaique, Cisnes, Cochrane, Chile Chico, R\u00edo Ib\u00e1\u00f1ez, Guaitecas y Tortel y el otro, fue la apertura del llamado 19 del Programa en la comuna de Cochrane que reuni\u00f3 a 25 nuevos participantes, sum\u00e1ndose a los 35 integrantes de la versi\u00f3n anterior.<\/p>\n<p style=\"text-align: justify;\">El objetivo de la jornada t\u00e9cnica es poder actualizar contenidos y conocimientos metodol\u00f3gicos, adem\u00e1s de poner en valor esta pol\u00edtica p\u00fablica que est\u00e1 dirigida a personas mayores y que gran parte del \u00e9xito depende de la calidad de intervenci\u00f3n que puedan proporcionar los equipos a cargo. Es por ello que la Seremi de Desarrollo Social y Familia Karina Acevedo destac\u00f3 este encuentro \u00abpara nosotros es muy importante este Programa el que adem\u00e1s forma parte de Chile Cuida, en ese entendido que todos los equipos municipales se reunieron, conocieron sus experiencias y se pudo constatar el dise\u00f1o que tenemos con cada municipalidad. Fue muy importante descentralizar y generar este espacio en donde particip\u00f3 el alcalde Ariel Keim, el Delegado Presidencial Provincial Crist\u00f3bal Barcel\u00f3 y los equipos municipales de las 8 \u00a0comunas involucradas\u00bb.<\/p>\n<p style=\"text-align: justify;\">El Programa V\u00ednculos, tiene como misi\u00f3n contribuir a que las personas mayores superen su situaci\u00f3n de pobreza o pobreza extrema, mejorando la situaci\u00f3n de bienestar y su calidad de vida, pero sobre todo, la vinculaci\u00f3n con su entorno es por ello que Ricardo Miranda, participante del Programa en la comuna de Cochrane manifest\u00f3 su aprecio a V\u00ednculos \u00abHa sido enriquecedor, muy bueno para mi, me hab\u00edan dicho que el programa era bueno pero yo no sab\u00eda\u00a0 y si, estoy muy conforme porque todo se dio muy bien y lo que le puedo decir a los nuevos que vienen entrando al programa es que asistan, porque van a tener apoyo\u00bb.<\/p>\n<p style=\"text-align: justify;\">Por otro lado, los profesionales que realizan el trato directo con las personas mayores destacaron la oportunidad de profundizar en las experiencias de los distintos municipios, entre ellos Danitza Jara, Monitora del Programa en Cochrane quien se\u00f1al\u00f3 \u00abMe pareci\u00f3 una muy buena instancia ir a Chile Chico para conocer la realidad de otros municipios, descentralizar y conocernos como equipos de trabajo, como vincularnos con las otras comunas y ponerle rostros por ejemplo a un correo electr\u00f3nico, con esto se humaniza nuestra labor. Sin duda, uno de los puntos m\u00e1s reconfortantes de ser parte de V\u00ednculos es poder darles una oportunidad a las personas mayores de que vuelvan a ser parte y de conectarlos porque muchos de ellos a ra\u00edz de la pandemia se volvieron muy retra\u00eddos\u00bb.<\/p>\n<\/div><\/section><\/div><div  style='height:50px' class='hr hr-invisible   avia-builder-el-6  el_after_av_one_full  el_before_av_social_share '><span class='hr-inner ' ><span class='hr-inner-style'><\/span><\/span><\/div><\/p>\n<div  class='av-social-sharing-box  avia-builder-el-7  el_after_av_hr  el_before_av_hr  '><div class='av-share-box'><h5 class='av-share-link-description av-no-toc '>Compartir esta noticia<\/h5><ul class='av-share-box-list noLightbox'><li class='av-share-link av-social-link-facebook' ><a target=\"_blank\" aria-label=\"Compartir en Facebook\" href='https:\/\/www.facebook.com\/sharer.php?u=https:\/\/radiorevelacionfm.cl\/?p=52088&#038;t=Experiencias%20y%20desaf%C3%ADos%20re%C3%BAne%20en%20Chile%20Chico%20a%20equipos%20municipales%20de%208%20comunas%20del%20Programa%20V%C3%ADnculos' aria-hidden='false' data-av_icon='\ue8f3' data-av_iconfont='entypo-fontello' title='' data-avia-related-tooltip='Compartir en Facebook' rel=\"noopener\"><span class='avia_hidden_link_text'>Compartir en Facebook<\/span><\/a><\/li><li class='av-share-link av-social-link-twitter' ><a target=\"_blank\" aria-label=\"Compartir en Twitter\" href='https:\/\/twitter.com\/share?text=Experiencias%20y%20desaf%C3%ADos%20re%C3%BAne%20en%20Chile%20Chico%20a%20equipos%20municipales%20de%208%20comunas%20del%20Programa%20V%C3%ADnculos&#038;url=https:\/\/radiorevelacionfm.cl\/?p=52088' aria-hidden='false' data-av_icon='\ue8f1' data-av_iconfont='entypo-fontello' title='' data-avia-related-tooltip='Compartir en Twitter' rel=\"noopener\"><span class='avia_hidden_link_text'>Compartir en Twitter<\/span><\/a><\/li><li class='av-share-link av-social-link-whatsapp' ><a target=\"_blank\" aria-label=\"Compartir en Whatsapp\" href='https:\/\/api.whatsapp.com\/send?text=https:\/\/radiorevelacionfm.cl\/?p=52088' aria-hidden='false' data-av_icon='\uf232' data-av_iconfont='entypo-fontello' title='' data-avia-related-tooltip='Compartir en Whatsapp' rel=\"noopener\"><span class='avia_hidden_link_text'>Compartir en Whatsapp<\/span><\/a><\/li><li class='av-share-link av-social-link-linkedin' ><a target=\"_blank\" aria-label=\"Compartir en LinkedIn\" href='https:\/\/linkedin.com\/shareArticle?mini=true&#038;title=Experiencias%20y%20desaf%C3%ADos%20re%C3%BAne%20en%20Chile%20Chico%20a%20equipos%20municipales%20de%208%20comunas%20del%20Programa%20V%C3%ADnculos&#038;url=https:\/\/radiorevelacionfm.cl\/?p=52088' aria-hidden='false' data-av_icon='\ue8fc' data-av_iconfont='entypo-fontello' title='' data-avia-related-tooltip='Compartir en LinkedIn' rel=\"noopener\"><span class='avia_hidden_link_text'>Compartir en LinkedIn<\/span><\/a><\/li><li class='av-share-link av-social-link-mail' ><a  aria-label=\"Compartir por correo\" href='mailto:?subject=Experiencias%20y%20desaf%C3%ADos%20re%C3%BAne%20en%20Chile%20Chico%20a%20equipos%20municipales%20de%208%20comunas%20del%20Programa%20V%C3%ADnculos&#038;body=https:\/\/radiorevelacionfm.cl\/?p=52088' aria-hidden='false' data-av_icon='\ue805' data-av_iconfont='entypo-fontello' title='' data-avia-related-tooltip='Compartir por correo'><span class='avia_hidden_link_text'>Compartir por correo<\/span><\/a><\/li><\/ul><\/div><\/div>\n<div  style='height:50px' class='hr hr-invisible   avia-builder-el-8  el_after_av_social_share  el_before_av_comments_list '><span class='hr-inner ' ><span class='hr-inner-style'><\/span><\/span><\/div>\n<div  class='av-buildercomment  av-blog-meta-html-info-disabled av-blog-meta-tag-disabled  '><\/div>\n","protected":false},"excerpt":{"rendered":"","protected":false},"author":1,"featured_media":52089,"comment_status":"closed","ping_status":"closed","sticky":false,"template":"","format":"standard","meta":{"footnotes":""},"categories":[38],"tags":[],"class_list":["post-52088","post","type-post","status-publish","format-standard","has-post-thumbnail","hentry","category-regional"],"jetpack_featured_media_url":"https:\/\/radiorevelacionfm.cl\/wp-content\/uploads\/2025\/04\/vinculos-1-1-1.jpeg","_links":{"self":[{"href":"https:\/\/radiorevelacionfm.cl\/index.php?rest_route=\/wp\/v2\/posts\/52088","targetHints":{"allow":["GET"]}}],"collection":[{"href":"https:\/\/radiorevelacionfm.cl\/index.php?rest_route=\/wp\/v2\/posts"}],"about":[{"href":"https:\/\/radiorevelacionfm.cl\/index.php?rest_route=\/wp\/v2\/types\/post"}],"author":[{"embeddable":true,"href":"https:\/\/radiorevelacionfm.cl\/index.php?rest_route=\/wp\/v2\/users\/1"}],"replies":[{"embeddable":true,"href":"https:\/\/radiorevelacionfm.cl\/index.php?rest_route=%2Fwp%2Fv2%2Fcomments&post=52088"}],"version-history":[{"count":2,"href":"https:\/\/radiorevelacionfm.cl\/index.php?rest_route=\/wp\/v2\/posts\/52088\/revisions"}],"predecessor-version":[{"id":52124,"href":"https:\/\/radiorevelacionfm.cl\/index.php?rest_route=\/wp\/v2\/posts\/52088\/revisions\/52124"}],"wp:featuredmedia":[{"embeddable":true,"href":"https:\/\/radiorevelacionfm.cl\/index.php?rest_route=\/wp\/v2\/media\/52089"}],"wp:attachment":[{"href":"https:\/\/radiorevelacionfm.cl\/index.php?rest_route=%2Fwp%2Fv2%2Fmedia&parent=52088"}],"wp:term":[{"taxonomy":"category","embeddable":true,"href":"https:\/\/radiorevelacionfm.cl\/index.php?rest_route=%2Fwp%2Fv2%2Fcategories&post=52088"},{"taxonomy":"post_tag","embeddable":true,"href":"https:\/\/radiorevelacionfm.cl\/index.php?rest_route=%2Fwp%2Fv2%2Ftags&post=52088"}],"curies":[{"name":"wp","href":"https:\/\/api.w.org\/{rel}","templated":true}]}}