{"id":52085,"date":"2025-04-02T10:39:52","date_gmt":"2025-04-02T13:39:52","guid":{"rendered":"https:\/\/radiorevelacionfm.cl\/?p=52085"},"modified":"2025-04-02T10:39:52","modified_gmt":"2025-04-02T13:39:52","slug":"triunfo-ciudadano-municipalidad-de-chile-chico-retira-proyecto-bicomunal-de-incineracion-de-basura","status":"publish","type":"post","link":"https:\/\/radiorevelacionfm.cl\/?p=52085","title":{"rendered":"Triunfo ciudadano: Municipalidad de Chile Chico retira proyecto bicomunal de incineraci\u00f3n de basura"},"content":{"rendered":"<div class=\"flex_column av_one_full  flex_column_div av-zero-column-padding first  avia-builder-el-0  el_before_av_one_full  avia-builder-el-first  \" style='border-radius:0px; '><div  class='avia-image-container  av-styling-    avia-builder-el-1  avia-builder-el-no-sibling  avia-align-center '  itemprop=\"image\" itemscope=\"itemscope\" itemtype=\"https:\/\/schema.org\/ImageObject\"  ><div class='avia-image-container-inner'><div class='avia-image-overlay-wrap'><img decoding=\"async\" class='wp-image-45454 avia-img-lazy-loading-not-45454 avia_image' src=\"https:\/\/radiorevelacionfm.cl\/wp-content\/uploads\/2024\/08\/al-fondo-del-vertedero-municipal-de-puerto-guadal-el-lago-general-carrera_optimized.-hoy-esta-cerrado-1-1-1.jpg\" alt='' title='al-fondo-del-vertedero-municipal-de-puerto-guadal,-el-lago-general-carrera_optimized.-hoy-est\u00e1-cerrado-(1)-(1) (1)' height=\"674\" width=\"800\"  itemprop=\"thumbnailUrl\" srcset=\"https:\/\/radiorevelacionfm.cl\/wp-content\/uploads\/2024\/08\/al-fondo-del-vertedero-municipal-de-puerto-guadal-el-lago-general-carrera_optimized.-hoy-esta-cerrado-1-1-1.jpg 800w, https:\/\/radiorevelacionfm.cl\/wp-content\/uploads\/2024\/08\/al-fondo-del-vertedero-municipal-de-puerto-guadal-el-lago-general-carrera_optimized.-hoy-esta-cerrado-1-1-1-300x253.jpg 300w, https:\/\/radiorevelacionfm.cl\/wp-content\/uploads\/2024\/08\/al-fondo-del-vertedero-municipal-de-puerto-guadal-el-lago-general-carrera_optimized.-hoy-esta-cerrado-1-1-1-768x647.jpg 768w, https:\/\/radiorevelacionfm.cl\/wp-content\/uploads\/2024\/08\/al-fondo-del-vertedero-municipal-de-puerto-guadal-el-lago-general-carrera_optimized.-hoy-esta-cerrado-1-1-1-705x594.jpg 705w, https:\/\/radiorevelacionfm.cl\/wp-content\/uploads\/2024\/08\/al-fondo-del-vertedero-municipal-de-puerto-guadal-el-lago-general-carrera_optimized.-hoy-esta-cerrado-1-1-1-450x379.jpg 450w, https:\/\/radiorevelacionfm.cl\/wp-content\/uploads\/2024\/08\/al-fondo-del-vertedero-municipal-de-puerto-guadal-el-lago-general-carrera_optimized.-hoy-esta-cerrado-1-1-1-600x506.jpg 600w\" sizes=\"(max-width: 800px) 100vw, 800px\" \/><\/div><\/div><\/div><\/div><div class=\"flex_column av_one_full  flex_column_div av-zero-column-padding first  avia-builder-el-2  el_after_av_one_full  el_before_av_one_full  column-top-margin\" style='border-radius:0px; '><section class=\"av_textblock_section \"  itemscope=\"itemscope\" itemtype=\"https:\/\/schema.org\/BlogPosting\" itemprop=\"blogPost\" ><div class='avia_textblock  '   itemprop=\"text\" ><p style=\"text-align: center;\"><span style=\"font-size: 18pt;\"><b><span lang=\"ES-TRAD\">Triunfo ciudadano: Municipalidad de Chile Chico retira proyecto bicomunal de incineraci\u00f3n de basura<\/span><\/b><\/span><\/p>\n<div id=\"gtx-trans\" style=\"position: absolute; left: -50px; top: 4.31534px;\">\n<div class=\"gtx-trans-icon\"><\/div>\n<\/div>\n<\/div><\/section><\/div><div class=\"flex_column av_one_full  flex_column_div av-zero-column-padding first  avia-builder-el-4  el_after_av_one_full  el_before_av_hr  column-top-margin\" style='border-radius:0px; '><section class=\"av_textblock_section \"  itemscope=\"itemscope\" itemtype=\"https:\/\/schema.org\/BlogPosting\" itemprop=\"blogPost\" ><div class='avia_textblock  '   itemprop=\"text\" ><p class=\"v1gmail-MsoListParagraphCxSpFirst\" style=\"text-align: justify;\"><i><span lang=\"ES-TRAD\">Decisi\u00f3n se oficializ\u00f3 mediante resoluci\u00f3n del 7 de marzo de Servicio de Evaluaci\u00f3n Ambiental que oficializ\u00f3 el desistimiento del titular.<\/span><\/i><\/p>\n<p class=\"v1gmail-MsoListParagraphCxSpLast\" style=\"text-align: justify;\"><i><span lang=\"ES-TRAD\">Con esto se abre una ventana para seguir avanzando desde las comunidades con apoyo de los municipios, el Gobierno Regional y servicios sectoriales en alternativas sustentables para el territorio y los poblados.<\/span><\/i><\/p>\n<p class=\"v1MsoNormal\" style=\"text-align: justify;\"><span lang=\"ES-TRAD\">Tras casi cinco meses de tramitaci\u00f3n, un sostenido rechazo entre diversas organizaciones de la cuenca y recursos p\u00fablicos destinados a su evaluaci\u00f3n, el 7 de marzo de este a\u00f1o la direcci\u00f3n regional del Servicio de Evaluaci\u00f3n Ambiental (SEA) puso una l\u00e1pida al<span class=\"v1gmail-Apple-converted-space\">\u00a0<\/span><a href=\"https:\/\/seia.sea.gob.cl\/expediente\/ficha\/fichaPrincipal.php?modo=normal&amp;id_expediente=2163435300\" target=\"_blank\" rel=\"noopener noreferrer\">proyecto de termodisociaci\u00f3n an\u00f3xica (TDA)<\/a><span class=\"v1gmail-Apple-converted-space\">\u00a0<\/span>para tratar los residuos de varias localidades de las comunas de Chile Chico y R\u00edo Ib\u00e1\u00f1ez. La acci\u00f3n se materializ\u00f3 en una<span class=\"v1gmail-Apple-converted-space\">\u00a0<\/span><\/span><a href=\"https:\/\/infofirma.sea.gob.cl\/DocumentosSEA\/MostrarDocumento?docId=2025\/03\/07\/9d63-1ccc-4e4b-90ad-f89206dec36e\" target=\"_blank\" rel=\"noopener noreferrer\"><span lang=\"ES-TRAD\">resoluci\u00f3n exenta<\/span><\/a><span lang=\"ES-TRAD\"><span class=\"v1gmail-Apple-converted-space\">\u00a0<\/span>del SEA, tras la carta que el d\u00eda previo el alcalde de Chile Chico, Ariel Keim Hermosilla, ingresara al organismo comunicando el desistimiento del municipio de seguir impulsando la iniciativa.<\/span><\/p>\n<p class=\"v1MsoNormal\" style=\"text-align: justify;\"><span lang=\"ES-TRAD\">El proyecto, que buscaba incinerar m\u00e1s del 90 % de los residuos de las localidades de<span class=\"v1gmail-Apple-converted-space\">\u00a0<\/span><b>Puerto S\u00e1nchez<\/b>,<span class=\"v1gmail-Apple-converted-space\">\u00a0<\/span><b>Bah\u00eda Murta<\/b>,<span class=\"v1gmail-Apple-converted-space\">\u00a0<\/span><b>Puerto R\u00edo Tranquilo<\/b>,<span class=\"v1gmail-Apple-converted-space\">\u00a0<\/span><b>Puerto Guadal<\/b>,<span class=\"v1gmail-Apple-converted-space\">\u00a0<\/span><b>Puerto Bertrand<\/b><span class=\"v1gmail-Apple-converted-space\">\u00a0<\/span>y<span class=\"v1gmail-Apple-converted-space\">\u00a0<\/span><b>Mall\u00edn Grande<\/b>, fue presentado al Sistema de Evaluaci\u00f3n de Impacto Ambiental en octubre de 2024 por la administraci\u00f3n de Luperciano Mu\u00f1oz Gonz\u00e1lez y defendido en m\u00faltiples instancias por su director de Planificaci\u00f3n, Pedro Dur\u00e1n Ivanoff.\u00a0<span class=\"v1gmail-Apple-converted-space\">\u00a0<\/span>Este particular sistema, de car\u00e1cter experimental dado que no existen experiencias de este tipo en el mundo, inclu\u00eda incinerar desechos org\u00e1nicos, podas, pl\u00e1sticos, papel, cartones y todo material con poder calor\u00edfico.\u00a0<span class=\"v1gmail-Apple-converted-space\">\u00a0<\/span><\/span><\/p>\n<p class=\"v1MsoNormal\" style=\"text-align: justify;\"><span lang=\"ES-TRAD\">La iniciativa hab\u00eda ya concitado el rechazo de diversas organizaciones y comunidades de las localidades involucradas, que mediante cartas y recursos buscaron que el proyecto fuera desechado por tener que ser evaluado mediante estudio y no simplemente declaraci\u00f3n de impacto ambiental.\u00a0<span class=\"v1gmail-Apple-converted-space\">\u00a0<\/span><\/span><\/p>\n<p class=\"v1MsoNormal\" style=\"text-align: justify;\"><span lang=\"ES-TRAD\">Adem\u00e1s, en enero de este 14 organizaciones solicitaron formalmente al SEA se iniciara un<span class=\"v1gmail-Apple-converted-space\">\u00a0<\/span><\/span><a href=\"https:\/\/radiorevelacionfm.cl\/?p=49715\" target=\"_blank\" rel=\"noopener noreferrer\"><span lang=\"ES-TRAD\">proceso de participaci\u00f3n ciudadana<\/span><\/a><span lang=\"ES-TRAD\">.\u00a0<span class=\"v1gmail-Apple-converted-space\">\u00a0<\/span><\/span><\/p>\n<p class=\"v1MsoNormal\" style=\"text-align: justify;\"><span lang=\"ES-TRAD\">Por la comuna de Chile Chico suscribieron la solicitud la<span class=\"v1gmail-Apple-converted-space\">\u00a0<\/span>AG de Turismo de Puerto Guadal,<span class=\"v1gmail-Apple-converted-space\">\u00a0<\/span>Artechelenko, el<span class=\"v1gmail-Apple-converted-space\">\u00a0<\/span>Comit\u00e9 Desarrollo de la Infancia del Baker de Puerto Bertrand, el<span class=\"v1gmail-Apple-converted-space\">\u00a0<\/span>Comit\u00e9 de Emprendimiento y Turismo de Puerto Bertrand, la<span class=\"v1gmail-Apple-converted-space\">\u00a0<\/span>Junta de Vecinos N\u00ba 8 de Puerto Guadal<span class=\"v1gmail-Apple-converted-space\">\u00a0<\/span>y la<span class=\"v1gmail-Apple-converted-space\">\u00a0<\/span>Fundaci\u00f3n Ra\u00edces de Calafate de Chile Chico. Por la comuna de R\u00edo Ib\u00e1\u00f1ez la<span class=\"v1gmail-Apple-converted-space\">\u00a0<\/span>Feria Campesina Libre de Bah\u00eda Murta, la<span class=\"v1gmail-Apple-converted-space\">\u00a0<\/span>C\u00e1mara de Turismo y Comercio de Puerto R\u00edo Tranquilo, el<span class=\"v1gmail-Apple-converted-space\">\u00a0<\/span>Comit\u00e9 de Turismo, Deporte y Cultura de Puerto S\u00e1nchez, la<span class=\"v1gmail-Apple-converted-space\">\u00a0<\/span>AG Hielo Norte de Puerto R\u00edo Tranquilo, la<span class=\"v1gmail-Apple-converted-space\">\u00a0<\/span>AG Turismo y Cultura Calafates de Bah\u00eda Murta, la<span class=\"v1gmail-Apple-converted-space\">\u00a0<\/span>AG Costa Murta, y la<span class=\"v1gmail-Apple-converted-space\">\u00a0<\/span>Junta de Vecinos N6 de Puerto R\u00edo Tranquilo.\u00a0<span class=\"v1gmail-Apple-converted-space\">\u00a0<\/span>Adem\u00e1s, la<span class=\"v1gmail-Apple-converted-space\">\u00a0<\/span>Corporaci\u00f3n Chelenko, la<span class=\"v1gmail-Apple-converted-space\">\u00a0<\/span>Corporaci\u00f3n Privada para el Desarrollo de Ays\u00e9n<span class=\"v1gmail-Apple-converted-space\">\u00a0<\/span>y la<span class=\"v1gmail-Apple-converted-space\">\u00a0<\/span>Agrupaci\u00f3n Social y Cultural Ays\u00e9n Reserva de Vida.<\/span><\/p>\n<p class=\"v1MsoNormal\" style=\"text-align: justify;\"><span lang=\"ES-TRAD\">La decisi\u00f3n del municipio fue considerada un triunfo ciudadano, toda vez que la articulaci\u00f3n del rechazo a esta idea parti\u00f3 en abril de 2024 cuando varias organizaciones enviaran una carta al Gobierno Regional de Ays\u00e9n<span class=\"v1gmail-Apple-converted-space\">\u00a0<\/span><\/span><a href=\"https:\/\/www.patagonjournal.com\/index.php?option=com_content&amp;view=article&amp;id=4524%3Ala-propuesta-del-alcalde-de-chile-chico-para-los-residuos-de-la-cuenca-del-general-carrera-quemarlo-casi-todo&amp;catid=78%3Amedioambiente&amp;Itemid=268&amp;lang=es\" target=\"_blank\" rel=\"noopener noreferrer\"><span lang=\"ES-TRAD\">planteando sus inquietudes<\/span><\/a><span lang=\"ES-TRAD\">.\u00a0<span class=\"v1gmail-Apple-converted-space\">\u00a0<\/span>Esto, porque desde hace a\u00f1os se trabaja comunitariamente en la zona para una gesti\u00f3n responsable de los residuos en m\u00faltiples niveles:<span class=\"v1gmail-Apple-converted-space\">\u00a0<\/span><b>reducci\u00f3n<\/b>,<span class=\"v1gmail-Apple-converted-space\">\u00a0<\/span><b>reutilizaci\u00f3n<\/b>,<span class=\"v1gmail-Apple-converted-space\">\u00a0<\/span><b>reciclaje<\/b>, con miras a avanzar a las 7Rs con<span class=\"v1gmail-Apple-converted-space\">\u00a0<\/span><b>redise\u00f1o<\/b><span class=\"v1gmail-Apple-converted-space\">\u00a0<\/span>de los sistemas, junto a<span class=\"v1gmail-Apple-converted-space\">\u00a0<\/span><b>recuperaci\u00f3n<\/b>,<span class=\"v1gmail-Apple-converted-space\">\u00a0<\/span><b>reparaci\u00f3n<\/b><span class=\"v1gmail-Apple-converted-space\">\u00a0<\/span>y<span class=\"v1gmail-Apple-converted-space\">\u00a0<\/span><b>renovaci\u00f3n<\/b><span class=\"v1gmail-Apple-converted-space\">\u00a0<\/span>de los bienes.<\/span><\/p>\n<p class=\"v1MsoNormal\" style=\"text-align: justify;\"><span lang=\"ES-TRAD\">La se\u00f1al de la propuesta de Luperciano Mu\u00f1oz iba en la direcci\u00f3n contraria: no gestionar los residuos a nivel local ya que en las instalaciones de TDA se har\u00edan \u00abdesaparecer\u00bb.\u00a0<span class=\"v1gmail-Apple-converted-space\">\u00a0<\/span>Con esto se abre una ventana para seguir avanzando desde las comunidades con apoyo de los municipios, el Gobierno Regional y servicios sectoriales en alternativas sustentables para el territorio y los poblados.<\/span><\/p>\n<\/div><\/section><\/div><div  style='height:50px' class='hr hr-invisible   avia-builder-el-6  el_after_av_one_full  el_before_av_social_share '><span class='hr-inner ' ><span class='hr-inner-style'><\/span><\/span><\/div><\/p>\n<div  class='av-social-sharing-box  avia-builder-el-7  el_after_av_hr  el_before_av_hr  '><div class='av-share-box'><h5 class='av-share-link-description av-no-toc '>Compartir esta noticia<\/h5><ul class='av-share-box-list noLightbox'><li class='av-share-link av-social-link-facebook' ><a target=\"_blank\" aria-label=\"Compartir en Facebook\" href='https:\/\/www.facebook.com\/sharer.php?u=https:\/\/radiorevelacionfm.cl\/?p=52085&#038;t=Triunfo%20ciudadano%3A%20Municipalidad%20de%20Chile%20Chico%20retira%20proyecto%20bicomunal%20de%20incineraci%C3%B3n%20de%20basura' aria-hidden='false' data-av_icon='\ue8f3' data-av_iconfont='entypo-fontello' title='' data-avia-related-tooltip='Compartir en Facebook' rel=\"noopener\"><span class='avia_hidden_link_text'>Compartir en Facebook<\/span><\/a><\/li><li class='av-share-link av-social-link-twitter' ><a target=\"_blank\" aria-label=\"Compartir en Twitter\" href='https:\/\/twitter.com\/share?text=Triunfo%20ciudadano%3A%20Municipalidad%20de%20Chile%20Chico%20retira%20proyecto%20bicomunal%20de%20incineraci%C3%B3n%20de%20basura&#038;url=https:\/\/radiorevelacionfm.cl\/?p=52085' aria-hidden='false' data-av_icon='\ue8f1' data-av_iconfont='entypo-fontello' title='' data-avia-related-tooltip='Compartir en Twitter' rel=\"noopener\"><span class='avia_hidden_link_text'>Compartir en Twitter<\/span><\/a><\/li><li class='av-share-link av-social-link-whatsapp' ><a target=\"_blank\" aria-label=\"Compartir en Whatsapp\" href='https:\/\/api.whatsapp.com\/send?text=https:\/\/radiorevelacionfm.cl\/?p=52085' aria-hidden='false' data-av_icon='\uf232' data-av_iconfont='entypo-fontello' title='' data-avia-related-tooltip='Compartir en Whatsapp' rel=\"noopener\"><span class='avia_hidden_link_text'>Compartir en Whatsapp<\/span><\/a><\/li><li class='av-share-link av-social-link-linkedin' ><a target=\"_blank\" aria-label=\"Compartir en LinkedIn\" href='https:\/\/linkedin.com\/shareArticle?mini=true&#038;title=Triunfo%20ciudadano%3A%20Municipalidad%20de%20Chile%20Chico%20retira%20proyecto%20bicomunal%20de%20incineraci%C3%B3n%20de%20basura&#038;url=https:\/\/radiorevelacionfm.cl\/?p=52085' aria-hidden='false' data-av_icon='\ue8fc' data-av_iconfont='entypo-fontello' title='' data-avia-related-tooltip='Compartir en LinkedIn' rel=\"noopener\"><span class='avia_hidden_link_text'>Compartir en LinkedIn<\/span><\/a><\/li><li class='av-share-link av-social-link-mail' ><a  aria-label=\"Compartir por correo\" href='mailto:?subject=Triunfo%20ciudadano%3A%20Municipalidad%20de%20Chile%20Chico%20retira%20proyecto%20bicomunal%20de%20incineraci%C3%B3n%20de%20basura&#038;body=https:\/\/radiorevelacionfm.cl\/?p=52085' aria-hidden='false' data-av_icon='\ue805' data-av_iconfont='entypo-fontello' title='' data-avia-related-tooltip='Compartir por correo'><span class='avia_hidden_link_text'>Compartir por correo<\/span><\/a><\/li><\/ul><\/div><\/div>\n<div  style='height:50px' class='hr hr-invisible   avia-builder-el-8  el_after_av_social_share  el_before_av_comments_list '><span class='hr-inner ' ><span class='hr-inner-style'><\/span><\/span><\/div>\n<div  class='av-buildercomment  av-blog-meta-html-info-disabled av-blog-meta-tag-disabled  '><\/div>\n","protected":false},"excerpt":{"rendered":"","protected":false},"author":1,"featured_media":45454,"comment_status":"closed","ping_status":"closed","sticky":false,"template":"","format":"standard","meta":{"footnotes":""},"categories":[38],"tags":[],"class_list":["post-52085","post","type-post","status-publish","format-standard","has-post-thumbnail","hentry","category-regional"],"jetpack_featured_media_url":"https:\/\/radiorevelacionfm.cl\/wp-content\/uploads\/2024\/08\/al-fondo-del-vertedero-municipal-de-puerto-guadal-el-lago-general-carrera_optimized.-hoy-esta-cerrado-1-1-1.jpg","_links":{"self":[{"href":"https:\/\/radiorevelacionfm.cl\/index.php?rest_route=\/wp\/v2\/posts\/52085","targetHints":{"allow":["GET"]}}],"collection":[{"href":"https:\/\/radiorevelacionfm.cl\/index.php?rest_route=\/wp\/v2\/posts"}],"about":[{"href":"https:\/\/radiorevelacionfm.cl\/index.php?rest_route=\/wp\/v2\/types\/post"}],"author":[{"embeddable":true,"href":"https:\/\/radiorevelacionfm.cl\/index.php?rest_route=\/wp\/v2\/users\/1"}],"replies":[{"embeddable":true,"href":"https:\/\/radiorevelacionfm.cl\/index.php?rest_route=%2Fwp%2Fv2%2Fcomments&post=52085"}],"version-history":[{"count":2,"href":"https:\/\/radiorevelacionfm.cl\/index.php?rest_route=\/wp\/v2\/posts\/52085\/revisions"}],"predecessor-version":[{"id":52087,"href":"https:\/\/radiorevelacionfm.cl\/index.php?rest_route=\/wp\/v2\/posts\/52085\/revisions\/52087"}],"wp:featuredmedia":[{"embeddable":true,"href":"https:\/\/radiorevelacionfm.cl\/index.php?rest_route=\/wp\/v2\/media\/45454"}],"wp:attachment":[{"href":"https:\/\/radiorevelacionfm.cl\/index.php?rest_route=%2Fwp%2Fv2%2Fmedia&parent=52085"}],"wp:term":[{"taxonomy":"category","embeddable":true,"href":"https:\/\/radiorevelacionfm.cl\/index.php?rest_route=%2Fwp%2Fv2%2Fcategories&post=52085"},{"taxonomy":"post_tag","embeddable":true,"href":"https:\/\/radiorevelacionfm.cl\/index.php?rest_route=%2Fwp%2Fv2%2Ftags&post=52085"}],"curies":[{"name":"wp","href":"https:\/\/api.w.org\/{rel}","templated":true}]}}