{"id":52081,"date":"2025-04-02T10:17:32","date_gmt":"2025-04-02T13:17:32","guid":{"rendered":"https:\/\/radiorevelacionfm.cl\/?p=52081"},"modified":"2025-04-02T10:17:32","modified_gmt":"2025-04-02T13:17:32","slug":"uaysen-llama-a-jovenes-a-inscribirse-para-el-xiv-torneo-delibera-2025","status":"publish","type":"post","link":"https:\/\/radiorevelacionfm.cl\/?p=52081","title":{"rendered":"UAys\u00e9n llama a j\u00f3venes a inscribirse para el XIV Torneo Delibera 2025"},"content":{"rendered":"<div class=\"flex_column av_one_full  flex_column_div av-zero-column-padding first  avia-builder-el-0  el_before_av_one_full  avia-builder-el-first  \" style='border-radius:0px; '><div  class='avia-image-container  av-styling-    avia-builder-el-1  avia-builder-el-no-sibling  avia-align-center '  itemprop=\"image\" itemscope=\"itemscope\" itemtype=\"https:\/\/schema.org\/ImageObject\"  ><div class='avia-image-container-inner'><div class='avia-image-overlay-wrap'><img decoding=\"async\" class='wp-image-52082 avia-img-lazy-loading-not-52082 avia_image' src=\"https:\/\/radiorevelacionfm.cl\/wp-content\/uploads\/2025\/04\/delibera-1-1_optimized-1.jpeg\" alt='' title='delibera-(1)-(1)_optimized (1)' height=\"600\" width=\"900\"  itemprop=\"thumbnailUrl\" srcset=\"https:\/\/radiorevelacionfm.cl\/wp-content\/uploads\/2025\/04\/delibera-1-1_optimized-1.jpeg 900w, https:\/\/radiorevelacionfm.cl\/wp-content\/uploads\/2025\/04\/delibera-1-1_optimized-1-300x200.jpeg 300w, https:\/\/radiorevelacionfm.cl\/wp-content\/uploads\/2025\/04\/delibera-1-1_optimized-1-768x512.jpeg 768w, https:\/\/radiorevelacionfm.cl\/wp-content\/uploads\/2025\/04\/delibera-1-1_optimized-1-705x470.jpeg 705w, https:\/\/radiorevelacionfm.cl\/wp-content\/uploads\/2025\/04\/delibera-1-1_optimized-1-450x300.jpeg 450w, https:\/\/radiorevelacionfm.cl\/wp-content\/uploads\/2025\/04\/delibera-1-1_optimized-1-600x400.jpeg 600w\" sizes=\"(max-width: 900px) 100vw, 900px\" \/><\/div><\/div><\/div><\/div><div class=\"flex_column av_one_full  flex_column_div av-zero-column-padding first  avia-builder-el-2  el_after_av_one_full  el_before_av_one_full  column-top-margin\" style='border-radius:0px; '><section class=\"av_textblock_section \"  itemscope=\"itemscope\" itemtype=\"https:\/\/schema.org\/BlogPosting\" itemprop=\"blogPost\" ><div class='avia_textblock  '   itemprop=\"text\" ><p style=\"text-align: center;\"><strong><span style=\"font-size: 18pt;\">UAys\u00e9n llama a j\u00f3venes a inscribirse para el XIV Torneo Delibera 2025<\/span><\/strong><\/p>\n<div id=\"gtx-trans\" style=\"position: absolute; left: -50px; top: 4.31534px;\">\n<div class=\"gtx-trans-icon\"><\/div>\n<\/div>\n<\/div><\/section><\/div><div class=\"flex_column av_one_full  flex_column_div av-zero-column-padding first  avia-builder-el-4  el_after_av_one_full  el_before_av_hr  column-top-margin\" style='border-radius:0px; '><section class=\"av_textblock_section \"  itemscope=\"itemscope\" itemtype=\"https:\/\/schema.org\/BlogPosting\" itemprop=\"blogPost\" ><div class='avia_textblock  '   itemprop=\"text\" ><div>\n<p style=\"text-align: justify;\"><em>El equipo ganador del certamen regional representar\u00e1 a Ays\u00e9n en el Congreso Nacional en Valpara\u00edso.<\/em><\/p>\n<\/div>\n<div style=\"text-align: justify;\">A partir del <b>1 de abril<\/b>\u00a0y hasta el\u00a0<b>22 de ese mismo mes<\/b>, estudiantes desde s\u00e9ptimo a\u00f1o de ense\u00f1anza b\u00e1sica hasta el \u00faltimo a\u00f1o de ense\u00f1anza media, de todas las regiones del pa\u00eds, podr\u00e1n inscribirse en la nueva versi\u00f3n del\u00a0<b>Torneo Delibera<\/b>, la competencia interescolar de deliberaci\u00f3n y formaci\u00f3n c\u00edvica organizada por la\u00a0<b>Biblioteca del Congreso Nacional de Chile (BCN)<\/b>, por mandato del\u00a0<b>Senado<\/b>\u00a0y la\u00a0<b>C\u00e1mara de Diputadas y Diputados<\/b>. Y en la Regi\u00f3n de Ays\u00e9n por la Universidad de Ays\u00e9n.<\/div>\n<div>\n<p class=\"v1MsoNormal\" style=\"text-align: justify;\">Al respecto, Gabriel N\u00fa\u00f1ez Vivanco, director general de V\u00ednculos se\u00f1al\u00f3 que \u00abinvitamos a todos los establecimientos de educaci\u00f3n, en particular a los y las estudiantes de s\u00e9ptimo o cuarto a\u00f1o medio a participar en esta nueva versi\u00f3n del torneo Delibera. Equipos de cuatro participantes con sus profesores, con sus profesoras podr\u00e1n proponer una iniciativa de ley para que sea discutida. Todos los equipos de la regi\u00f3n pueden participar y los siete mejores equipos van a estar discutiendo su propuesta ac\u00e1 en Coyhaique y nuestro representante regional va a estar participando en el Congreso Nacional en Valpara\u00edso para presentar esta propuesta de iniciativa de ley juvenil. Recuerden inscribirse a trav\u00e9s de los canales, a trav\u00e9s de la p\u00e1gina web vamos a estar informando, pero tambi\u00e9n a trav\u00e9s de la p\u00e1gina de la Biblioteca del Congreso entre el 1 y el 22 de abril\u00bb puntualiz\u00f3.<\/p>\n<p class=\"v1MsoNormal\" style=\"text-align: justify;\">Cabe se\u00f1alar que este certamen invita a las y los j\u00f3venes a formar equipos de\u00a0<b>cuatro integrantes<\/b>\u00a0para estudiar, debatir y presentar una\u00a0<b>Iniciativa Juvenil de Ley (IJL)<\/b>\u00a0que aborde problem\u00e1ticas locales o nacionales. En cada etapa de la competencia, los equipos:<\/p>\n<ol style=\"text-align: justify;\" start=\"1\" type=\"1\">\n<li class=\"v1MsoNormal\"><b>Identifican<\/b>\u00a0un problema y proponen una soluci\u00f3n a trav\u00e9s de su IJL.<\/li>\n<li class=\"v1MsoNormal\"><b>Difunden<\/b>\u00a0la propuesta en un video de presentaci\u00f3n.<\/li>\n<li class=\"v1MsoNormal\"><b>Buscan patrocinios<\/b>, reforzando la pertinencia de su iniciativa.<\/li>\n<\/ol>\n<p class=\"v1MsoNormal\" style=\"text-align: justify;\">Luego de completar estas fases, las y los estudiantes deber\u00e1n subir su material a la plataforma oficial, donde un jurado especializado de la BCN evaluar\u00e1 cada IJL y seleccionar\u00e1 a los\u00a0<b>siete mejores equipos por regi\u00f3n<\/b>.<\/p>\n<p class=\"v1MsoNormal\" style=\"text-align: justify;\">Las agrupaciones seleccionadas participar\u00e1n de forma presencial en la\u00a0<b>Final Regional<\/b>, de la cual surgir\u00e1 un equipo finalista por regi\u00f3n. Posteriormente, cada uno de estos conjuntos finalistas competir\u00e1 en la\u00a0<b>Final Nacional<\/b>, que se llevar\u00e1 a cabo en el\u00a0<b>edificio del Congreso Nacional en Valpara\u00edso<\/b>, donde se definir\u00e1 la\u00a0<b>iniciativa ganadora<\/b>\u00a0del Torneo Delibera 2025.<\/p>\n<p class=\"v1MsoNormal\" style=\"text-align: justify;\">El\u00a0<b>formulario de inscripci\u00f3n<\/b>\u00a0estar\u00e1 disponible desde el 1 de abril en nuestro sitio web\u00a0<a href=\"http:\/\/www.bcn.cl\/delibera\" target=\"_blank\" rel=\"noopener noreferrer\">www.bcn.cl\/delibera<\/a>\u00a0y en la cuenta de Instagram oficial\u00a0<a href=\"https:\/\/www.instagram.com\/torneo_delibera\" target=\"_blank\" rel=\"noopener noreferrer\">@torneo_delibera<\/a>. Adem\u00e1s, realizaremos diversas\u00a0<b>inducciones y capacitaciones<\/b>\u00a0para orientar a las y los participantes en la formulaci\u00f3n de sus propuestas, cuyas fechas y detalles se anunciar\u00e1n tanto en el sitio web como en nuestra cuenta de Instagram, en la Regi\u00f3n de Ays\u00e9n, el responsable del Torneo (M\u00e1ster Regional)\u00a0 es el funcionario de la Universidad de Ays\u00e9n, Mario Saldivia a quien se deben dirigir las consultas de la al correo electr\u00f3nico\u00a0<a href=\"mailto:mario.saldivia@uaysen.cl\" rel=\"noreferrer\">mario.saldivia@uaysen.cl<\/a><\/p>\n<p class=\"v1MsoNormal\" style=\"text-align: justify;\">Para obtener m\u00e1s informaci\u00f3n, invitamos a todas y todos los interesados a consultar el\u00a0<b>Reglamento<\/b>, disponible en\u00a0<a href=\"http:\/\/www.bcn.cl\/delibera\" target=\"_blank\" rel=\"noopener noreferrer\">www.bcn.cl\/delibera<\/a>, donde se describen cada una de las etapas y requisitos del torneo.<\/p>\n<p class=\"v1MsoNormal\" style=\"text-align: justify;\">Desde su primera edici\u00f3n en 2008,\u00a0<b>m\u00e1s de 19.700 estudiantes<\/b>\u00a0han sido parte de este espacio de formaci\u00f3n c\u00edvica. \u00a1No te quedes fuera de la\u00a0<b>XIV versi\u00f3n<\/b>\u00a0del Torneo Delibera! Inf\u00f3rmate, organiza tu equipo e inscr\u00edbete.\u00a0<b>\u00a1S\u00e9 parte de quienes est\u00e1n transformando ideas en soluciones para el Chile del futuro!<\/b><\/p>\n<\/div>\n<\/div><\/section><\/div><div  style='height:50px' class='hr hr-invisible   avia-builder-el-6  el_after_av_one_full  el_before_av_social_share '><span class='hr-inner ' ><span class='hr-inner-style'><\/span><\/span><\/div><\/p>\n<div  class='av-social-sharing-box  avia-builder-el-7  el_after_av_hr  el_before_av_hr  '><div class='av-share-box'><h5 class='av-share-link-description av-no-toc '>Compartir esta noticia<\/h5><ul class='av-share-box-list noLightbox'><li class='av-share-link av-social-link-facebook' ><a target=\"_blank\" aria-label=\"Compartir en Facebook\" href='https:\/\/www.facebook.com\/sharer.php?u=https:\/\/radiorevelacionfm.cl\/?p=52081&#038;t=UAys%C3%A9n%20llama%20a%20j%C3%B3venes%20a%20inscribirse%20para%20el%20XIV%20Torneo%20Delibera%202025' aria-hidden='false' data-av_icon='\ue8f3' data-av_iconfont='entypo-fontello' title='' data-avia-related-tooltip='Compartir en Facebook' rel=\"noopener\"><span class='avia_hidden_link_text'>Compartir en Facebook<\/span><\/a><\/li><li class='av-share-link av-social-link-twitter' ><a target=\"_blank\" aria-label=\"Compartir en Twitter\" href='https:\/\/twitter.com\/share?text=UAys%C3%A9n%20llama%20a%20j%C3%B3venes%20a%20inscribirse%20para%20el%20XIV%20Torneo%20Delibera%202025&#038;url=https:\/\/radiorevelacionfm.cl\/?p=52081' aria-hidden='false' data-av_icon='\ue8f1' data-av_iconfont='entypo-fontello' title='' data-avia-related-tooltip='Compartir en Twitter' rel=\"noopener\"><span class='avia_hidden_link_text'>Compartir en Twitter<\/span><\/a><\/li><li class='av-share-link av-social-link-whatsapp' ><a target=\"_blank\" aria-label=\"Compartir en Whatsapp\" href='https:\/\/api.whatsapp.com\/send?text=https:\/\/radiorevelacionfm.cl\/?p=52081' aria-hidden='false' data-av_icon='\uf232' data-av_iconfont='entypo-fontello' title='' data-avia-related-tooltip='Compartir en Whatsapp' rel=\"noopener\"><span class='avia_hidden_link_text'>Compartir en Whatsapp<\/span><\/a><\/li><li class='av-share-link av-social-link-linkedin' ><a target=\"_blank\" aria-label=\"Compartir en LinkedIn\" href='https:\/\/linkedin.com\/shareArticle?mini=true&#038;title=UAys%C3%A9n%20llama%20a%20j%C3%B3venes%20a%20inscribirse%20para%20el%20XIV%20Torneo%20Delibera%202025&#038;url=https:\/\/radiorevelacionfm.cl\/?p=52081' aria-hidden='false' data-av_icon='\ue8fc' data-av_iconfont='entypo-fontello' title='' data-avia-related-tooltip='Compartir en LinkedIn' rel=\"noopener\"><span class='avia_hidden_link_text'>Compartir en LinkedIn<\/span><\/a><\/li><li class='av-share-link av-social-link-mail' ><a  aria-label=\"Compartir por correo\" href='mailto:?subject=UAys%C3%A9n%20llama%20a%20j%C3%B3venes%20a%20inscribirse%20para%20el%20XIV%20Torneo%20Delibera%202025&#038;body=https:\/\/radiorevelacionfm.cl\/?p=52081' aria-hidden='false' data-av_icon='\ue805' data-av_iconfont='entypo-fontello' title='' data-avia-related-tooltip='Compartir por correo'><span class='avia_hidden_link_text'>Compartir por correo<\/span><\/a><\/li><\/ul><\/div><\/div>\n<div  style='height:50px' class='hr hr-invisible   avia-builder-el-8  el_after_av_social_share  el_before_av_comments_list '><span class='hr-inner ' ><span class='hr-inner-style'><\/span><\/span><\/div>\n<div  class='av-buildercomment  av-blog-meta-html-info-disabled av-blog-meta-tag-disabled  '><\/div>\n","protected":false},"excerpt":{"rendered":"","protected":false},"author":1,"featured_media":52082,"comment_status":"closed","ping_status":"closed","sticky":false,"template":"","format":"standard","meta":{"footnotes":""},"categories":[49],"tags":[],"class_list":["post-52081","post","type-post","status-publish","format-standard","has-post-thumbnail","hentry","category-educacion"],"jetpack_featured_media_url":"https:\/\/radiorevelacionfm.cl\/wp-content\/uploads\/2025\/04\/delibera-1-1_optimized-1.jpeg","_links":{"self":[{"href":"https:\/\/radiorevelacionfm.cl\/index.php?rest_route=\/wp\/v2\/posts\/52081","targetHints":{"allow":["GET"]}}],"collection":[{"href":"https:\/\/radiorevelacionfm.cl\/index.php?rest_route=\/wp\/v2\/posts"}],"about":[{"href":"https:\/\/radiorevelacionfm.cl\/index.php?rest_route=\/wp\/v2\/types\/post"}],"author":[{"embeddable":true,"href":"https:\/\/radiorevelacionfm.cl\/index.php?rest_route=\/wp\/v2\/users\/1"}],"replies":[{"embeddable":true,"href":"https:\/\/radiorevelacionfm.cl\/index.php?rest_route=%2Fwp%2Fv2%2Fcomments&post=52081"}],"version-history":[{"count":2,"href":"https:\/\/radiorevelacionfm.cl\/index.php?rest_route=\/wp\/v2\/posts\/52081\/revisions"}],"predecessor-version":[{"id":52084,"href":"https:\/\/radiorevelacionfm.cl\/index.php?rest_route=\/wp\/v2\/posts\/52081\/revisions\/52084"}],"wp:featuredmedia":[{"embeddable":true,"href":"https:\/\/radiorevelacionfm.cl\/index.php?rest_route=\/wp\/v2\/media\/52082"}],"wp:attachment":[{"href":"https:\/\/radiorevelacionfm.cl\/index.php?rest_route=%2Fwp%2Fv2%2Fmedia&parent=52081"}],"wp:term":[{"taxonomy":"category","embeddable":true,"href":"https:\/\/radiorevelacionfm.cl\/index.php?rest_route=%2Fwp%2Fv2%2Fcategories&post=52081"},{"taxonomy":"post_tag","embeddable":true,"href":"https:\/\/radiorevelacionfm.cl\/index.php?rest_route=%2Fwp%2Fv2%2Ftags&post=52081"}],"curies":[{"name":"wp","href":"https:\/\/api.w.org\/{rel}","templated":true}]}}