{"id":52075,"date":"2025-04-02T09:59:43","date_gmt":"2025-04-02T12:59:43","guid":{"rendered":"https:\/\/radiorevelacionfm.cl\/?p=52075"},"modified":"2025-04-02T09:59:43","modified_gmt":"2025-04-02T12:59:43","slug":"calisto-realiza-conversatorios-por-proyecto-de-ley-que-regula-las-ferias-libres","status":"publish","type":"post","link":"https:\/\/radiorevelacionfm.cl\/?p=52075","title":{"rendered":"Calisto realiza conversatorios por proyecto de ley que regula las ferias libres"},"content":{"rendered":"<div class=\"flex_column av_one_full  flex_column_div av-zero-column-padding first  avia-builder-el-0  el_before_av_one_full  avia-builder-el-first  \" style='border-radius:0px; '><div  class='avia-image-container  av-styling-    avia-builder-el-1  avia-builder-el-no-sibling  avia-align-center '  itemprop=\"image\" itemscope=\"itemscope\" itemtype=\"https:\/\/schema.org\/ImageObject\"  ><div class='avia-image-container-inner'><div class='avia-image-overlay-wrap'><img decoding=\"async\" class='wp-image-52076 avia-img-lazy-loading-not-52076 avia_image' src=\"https:\/\/radiorevelacionfm.cl\/wp-content\/uploads\/2025\/04\/foto-calisto-ferias-1_optimized.jpg\" alt='' title='foto-calisto-ferias-(1)_optimized' height=\"600\" width=\"800\"  itemprop=\"thumbnailUrl\" srcset=\"https:\/\/radiorevelacionfm.cl\/wp-content\/uploads\/2025\/04\/foto-calisto-ferias-1_optimized.jpg 800w, https:\/\/radiorevelacionfm.cl\/wp-content\/uploads\/2025\/04\/foto-calisto-ferias-1_optimized-300x225.jpg 300w, https:\/\/radiorevelacionfm.cl\/wp-content\/uploads\/2025\/04\/foto-calisto-ferias-1_optimized-768x576.jpg 768w, https:\/\/radiorevelacionfm.cl\/wp-content\/uploads\/2025\/04\/foto-calisto-ferias-1_optimized-705x529.jpg 705w, https:\/\/radiorevelacionfm.cl\/wp-content\/uploads\/2025\/04\/foto-calisto-ferias-1_optimized-450x338.jpg 450w, https:\/\/radiorevelacionfm.cl\/wp-content\/uploads\/2025\/04\/foto-calisto-ferias-1_optimized-600x450.jpg 600w\" sizes=\"(max-width: 800px) 100vw, 800px\" \/><\/div><\/div><\/div><\/div><div class=\"flex_column av_one_full  flex_column_div av-zero-column-padding first  avia-builder-el-2  el_after_av_one_full  el_before_av_one_full  column-top-margin\" style='border-radius:0px; '><section class=\"av_textblock_section \"  itemscope=\"itemscope\" itemtype=\"https:\/\/schema.org\/BlogPosting\" itemprop=\"blogPost\" ><div class='avia_textblock  '   itemprop=\"text\" ><p style=\"text-align: center;\"><strong><span style=\"font-size: 18pt;\">Calisto realiza conversatorios por proyecto de ley que regula las ferias libres<\/span><\/strong><\/p>\n<div id=\"gtx-trans\" style=\"position: absolute; left: -50px; top: 4.31534px;\">\n<div class=\"gtx-trans-icon\"><\/div>\n<\/div>\n<\/div><\/section><\/div><div class=\"flex_column av_one_full  flex_column_div av-zero-column-padding first  avia-builder-el-4  el_after_av_one_full  el_before_av_hr  column-top-margin\" style='border-radius:0px; '><section class=\"av_textblock_section \"  itemscope=\"itemscope\" itemtype=\"https:\/\/schema.org\/BlogPosting\" itemprop=\"blogPost\" ><div class='avia_textblock  '   itemprop=\"text\" ><p style=\"font-weight: 400; text-align: justify;\"><em>El legislador realiz\u00f3 tres reuniones en Puerto Ays\u00e9n y un masivo conversatorio en dependencias del colegio V\u00edctor Domingo Silva en Coyhaique.<\/em><\/p>\n<p style=\"font-weight: 400; text-align: justify;\">El diputado Miguel \u00c1ngel Calisto realiz\u00f3 una serie de conversatorios con distintas organizaciones que realizan ferias libres en Coyhaique y Puerto Ays\u00e9n, esto en el marco de la discusi\u00f3n que se est\u00e1 llevando a cabo en la C\u00e1mara de Diputados sobre el proyecto de ley que regula este tipo de actividades econ\u00f3micas.<\/p>\n<p style=\"font-weight: 400; text-align: justify;\">El legislador tuvo tres reuniones en Puerto Ays\u00e9n, donde participaron dirigentas y feriantes representantes de las ferias Las Maravillas, Palafitos, Asociaci\u00f3n Gremial de Peque\u00f1as Agricultoras, el Comit\u00e9 Horto Frut\u00edcola y el Comit\u00e9 Galer\u00eda de Artesanas. En Coyhaique, el legislador sostuvo una masiva reuni\u00f3n informativa con feriantes del sector de la escuela V\u00edctor Domingo Silva, instancia donde participaron m\u00e1s de 150 personas.<\/p>\n<p style=\"font-weight: 400; text-align: justify;\">Seg\u00fan el diputado Calisto, \u201ctuvimos unas buenas jornadas junto a organizaciones campesinas y tambi\u00e9n de feriantes de Puerto Ays\u00e9n y Coyhaique, principalmente para abordar el tema de la ley de ferias libres. Es una ley que se est\u00e1 discutiendo en el Congreso, est\u00e1 en la Comisi\u00f3n de Gobierno, va bien avanzada\u201d.<\/p>\n<p style=\"font-weight: 400; text-align: justify;\">\u201cEste es un proyecto que es importante que sea discutido, porque hay varios aspectos que son relevantes. Primero, la heredabilidad respecto del puesto de una persona que vende en una feria. Por ejemplo, qu\u00e9 condiciones tiene que tener el municipio para poder habilitar el funcionamiento de una feria. Por otro lado, est\u00e1 la indicaci\u00f3n que presentamos que deja sin efecto la intenci\u00f3n del Gobierno de establecer que las ferias sean prioritariamente de venta de alimentos, lo que habr\u00eda afectado mucho a la regi\u00f3n\u201d, indic\u00f3.<\/p>\n<p style=\"font-weight: 400; text-align: justify;\"><strong><em>Dirigentas valoraron iniciativa del legislador<\/em><\/strong><\/p>\n<p style=\"font-weight: 400; text-align: justify;\">Por su parte, Mirta Vargas, representante del Comit\u00e9 Hortofrut\u00edcola de Puerto Ays\u00e9n, indic\u00f3 que \u201cestas actividades son muy beneficiosas, porque nos reunimos hoy d\u00eda las cinco agrupaciones que funcionamos aqu\u00ed y pudimos aclarar muchas dudas. Y tambi\u00e9n le explicamos al diputado cu\u00e1les son las necesidades que tenemos nosotros. Nuestra regi\u00f3n es muy particular, no funcionamos como en Santiago Centro, entonces tenemos que hacerle llegar igual a trav\u00e9s de \u00e9l al Congreso que nosotros tenemos otra realidad ac\u00e1\u201d.<\/p>\n<p style=\"font-weight: 400; text-align: justify;\">Carola Ojeda, directora del grupo Palafitos de Ays\u00e9n \u201cas\u00ed como hay cosas buenas en el proyecto, tambi\u00e9n hay cosas malas, pero yo creo que siempre hay que ver el positivo para que nosotros sigamos surgiendo y mejorando en cuanto al tema de todo lo que viene en esta nueva ley. Fue muy provechosa, no es lo mismo que en el norte vender ropa o vender al aire libre las frutas y verduras, porque el clima es diferente. Ac\u00e1 no puedes vender debajo de la lluvia\u201d.<\/p>\n<p style=\"font-weight: 400; text-align: justify;\">Finalmente, Janette Villagr\u00e1n, encargada de cuadra de la Feria Las Quintas de Coyhaique, \u201cme parece muy bien que nos tengan en cuenta como feriantes, porque no todos est\u00e1n informados de este tema. Nosotros como feriante ac\u00e1 solo trabajamos una vez a la semana, a diferencia de las ferias que son para el norte, que son m\u00e1s d\u00edas, m\u00e1s tiempo. Yo creo que vamos a llegar a un buen punto, y esperamos que nos ordenemos y salgamos adelante.<\/p>\n<\/div><\/section><\/div><div  style='height:50px' class='hr hr-invisible   avia-builder-el-6  el_after_av_one_full  el_before_av_social_share '><span class='hr-inner ' ><span class='hr-inner-style'><\/span><\/span><\/div><\/p>\n<div  class='av-social-sharing-box  avia-builder-el-7  el_after_av_hr  el_before_av_hr  '><div class='av-share-box'><h5 class='av-share-link-description av-no-toc '>Compartir esta noticia<\/h5><ul class='av-share-box-list noLightbox'><li class='av-share-link av-social-link-facebook' ><a target=\"_blank\" aria-label=\"Compartir en Facebook\" href='https:\/\/www.facebook.com\/sharer.php?u=https:\/\/radiorevelacionfm.cl\/?p=52075&#038;t=Calisto%20realiza%20conversatorios%20por%20proyecto%20de%20ley%20que%20regula%20las%20ferias%20libres' aria-hidden='false' data-av_icon='\ue8f3' data-av_iconfont='entypo-fontello' title='' data-avia-related-tooltip='Compartir en Facebook' rel=\"noopener\"><span class='avia_hidden_link_text'>Compartir en Facebook<\/span><\/a><\/li><li class='av-share-link av-social-link-twitter' ><a target=\"_blank\" aria-label=\"Compartir en Twitter\" href='https:\/\/twitter.com\/share?text=Calisto%20realiza%20conversatorios%20por%20proyecto%20de%20ley%20que%20regula%20las%20ferias%20libres&#038;url=https:\/\/radiorevelacionfm.cl\/?p=52075' aria-hidden='false' data-av_icon='\ue8f1' data-av_iconfont='entypo-fontello' title='' data-avia-related-tooltip='Compartir en Twitter' rel=\"noopener\"><span class='avia_hidden_link_text'>Compartir en Twitter<\/span><\/a><\/li><li class='av-share-link av-social-link-whatsapp' ><a target=\"_blank\" aria-label=\"Compartir en Whatsapp\" href='https:\/\/api.whatsapp.com\/send?text=https:\/\/radiorevelacionfm.cl\/?p=52075' aria-hidden='false' data-av_icon='\uf232' data-av_iconfont='entypo-fontello' title='' data-avia-related-tooltip='Compartir en Whatsapp' rel=\"noopener\"><span class='avia_hidden_link_text'>Compartir en Whatsapp<\/span><\/a><\/li><li class='av-share-link av-social-link-linkedin' ><a target=\"_blank\" aria-label=\"Compartir en LinkedIn\" href='https:\/\/linkedin.com\/shareArticle?mini=true&#038;title=Calisto%20realiza%20conversatorios%20por%20proyecto%20de%20ley%20que%20regula%20las%20ferias%20libres&#038;url=https:\/\/radiorevelacionfm.cl\/?p=52075' aria-hidden='false' data-av_icon='\ue8fc' data-av_iconfont='entypo-fontello' title='' data-avia-related-tooltip='Compartir en LinkedIn' rel=\"noopener\"><span class='avia_hidden_link_text'>Compartir en LinkedIn<\/span><\/a><\/li><li class='av-share-link av-social-link-mail' ><a  aria-label=\"Compartir por correo\" href='mailto:?subject=Calisto%20realiza%20conversatorios%20por%20proyecto%20de%20ley%20que%20regula%20las%20ferias%20libres&#038;body=https:\/\/radiorevelacionfm.cl\/?p=52075' aria-hidden='false' data-av_icon='\ue805' data-av_iconfont='entypo-fontello' title='' data-avia-related-tooltip='Compartir por correo'><span class='avia_hidden_link_text'>Compartir por correo<\/span><\/a><\/li><\/ul><\/div><\/div>\n<div  style='height:50px' class='hr hr-invisible   avia-builder-el-8  el_after_av_social_share  el_before_av_comments_list '><span class='hr-inner ' ><span class='hr-inner-style'><\/span><\/span><\/div>\n<div  class='av-buildercomment  av-blog-meta-html-info-disabled av-blog-meta-tag-disabled  '><\/div>\n","protected":false},"excerpt":{"rendered":"","protected":false},"author":1,"featured_media":52076,"comment_status":"closed","ping_status":"closed","sticky":false,"template":"","format":"standard","meta":{"footnotes":""},"categories":[35],"tags":[],"class_list":["post-52075","post","type-post","status-publish","format-standard","has-post-thumbnail","hentry","category-politica"],"jetpack_featured_media_url":"https:\/\/radiorevelacionfm.cl\/wp-content\/uploads\/2025\/04\/foto-calisto-ferias-1_optimized.jpg","_links":{"self":[{"href":"https:\/\/radiorevelacionfm.cl\/index.php?rest_route=\/wp\/v2\/posts\/52075","targetHints":{"allow":["GET"]}}],"collection":[{"href":"https:\/\/radiorevelacionfm.cl\/index.php?rest_route=\/wp\/v2\/posts"}],"about":[{"href":"https:\/\/radiorevelacionfm.cl\/index.php?rest_route=\/wp\/v2\/types\/post"}],"author":[{"embeddable":true,"href":"https:\/\/radiorevelacionfm.cl\/index.php?rest_route=\/wp\/v2\/users\/1"}],"replies":[{"embeddable":true,"href":"https:\/\/radiorevelacionfm.cl\/index.php?rest_route=%2Fwp%2Fv2%2Fcomments&post=52075"}],"version-history":[{"count":2,"href":"https:\/\/radiorevelacionfm.cl\/index.php?rest_route=\/wp\/v2\/posts\/52075\/revisions"}],"predecessor-version":[{"id":52080,"href":"https:\/\/radiorevelacionfm.cl\/index.php?rest_route=\/wp\/v2\/posts\/52075\/revisions\/52080"}],"wp:featuredmedia":[{"embeddable":true,"href":"https:\/\/radiorevelacionfm.cl\/index.php?rest_route=\/wp\/v2\/media\/52076"}],"wp:attachment":[{"href":"https:\/\/radiorevelacionfm.cl\/index.php?rest_route=%2Fwp%2Fv2%2Fmedia&parent=52075"}],"wp:term":[{"taxonomy":"category","embeddable":true,"href":"https:\/\/radiorevelacionfm.cl\/index.php?rest_route=%2Fwp%2Fv2%2Fcategories&post=52075"},{"taxonomy":"post_tag","embeddable":true,"href":"https:\/\/radiorevelacionfm.cl\/index.php?rest_route=%2Fwp%2Fv2%2Ftags&post=52075"}],"curies":[{"name":"wp","href":"https:\/\/api.w.org\/{rel}","templated":true}]}}