{"id":52069,"date":"2025-04-01T20:07:59","date_gmt":"2025-04-01T23:07:59","guid":{"rendered":"https:\/\/radiorevelacionfm.cl\/?p=52069"},"modified":"2025-04-01T20:07:59","modified_gmt":"2025-04-01T23:07:59","slug":"subsecretario-de-obras-publicas-inspecciona-mejoramiento-de-conectividad-en-acceso-norte-a-coyhaique","status":"publish","type":"post","link":"https:\/\/radiorevelacionfm.cl\/?p=52069","title":{"rendered":"Subsecretario de Obras P\u00fablicas inspecciona mejoramiento de conectividad en acceso norte a Coyhaique"},"content":{"rendered":"<div class=\"flex_column av_one_full  flex_column_div av-zero-column-padding first  avia-builder-el-0  el_before_av_one_full  avia-builder-el-first  \" style='border-radius:0px; '><div  class='avia-image-container  av-styling-    avia-builder-el-1  avia-builder-el-no-sibling  avia-align-center '  itemprop=\"image\" itemscope=\"itemscope\" itemtype=\"https:\/\/schema.org\/ImageObject\"  ><div class='avia-image-container-inner'><div class='avia-image-overlay-wrap'><img decoding=\"async\" class='wp-image-52070 avia-img-lazy-loading-not-52070 avia_image' src=\"https:\/\/radiorevelacionfm.cl\/wp-content\/uploads\/2025\/04\/img-20250401-wa0031-1_optimized-1.jpg\" alt='' title='img-20250401-wa0031-(1)_optimized (1)' height=\"600\" width=\"901\"  itemprop=\"thumbnailUrl\" srcset=\"https:\/\/radiorevelacionfm.cl\/wp-content\/uploads\/2025\/04\/img-20250401-wa0031-1_optimized-1.jpg 901w, https:\/\/radiorevelacionfm.cl\/wp-content\/uploads\/2025\/04\/img-20250401-wa0031-1_optimized-1-300x200.jpg 300w, https:\/\/radiorevelacionfm.cl\/wp-content\/uploads\/2025\/04\/img-20250401-wa0031-1_optimized-1-768x511.jpg 768w, https:\/\/radiorevelacionfm.cl\/wp-content\/uploads\/2025\/04\/img-20250401-wa0031-1_optimized-1-705x469.jpg 705w, https:\/\/radiorevelacionfm.cl\/wp-content\/uploads\/2025\/04\/img-20250401-wa0031-1_optimized-1-450x300.jpg 450w, https:\/\/radiorevelacionfm.cl\/wp-content\/uploads\/2025\/04\/img-20250401-wa0031-1_optimized-1-600x400.jpg 600w\" sizes=\"(max-width: 901px) 100vw, 901px\" \/><\/div><\/div><\/div><\/div><div class=\"flex_column av_one_full  flex_column_div av-zero-column-padding first  avia-builder-el-2  el_after_av_one_full  el_before_av_one_full  column-top-margin\" style='border-radius:0px; '><section class=\"av_textblock_section \"  itemscope=\"itemscope\" itemtype=\"https:\/\/schema.org\/BlogPosting\" itemprop=\"blogPost\" ><div class='avia_textblock  '   itemprop=\"text\" ><p style=\"text-align: center;\"><strong><span style=\"font-size: 18pt;\">Subsecretario de Obras P\u00fablicas inspecciona mejoramiento de conectividad en acceso norte a Coyhaique<\/span><\/strong><\/p>\n<div id=\"gtx-trans\" style=\"position: absolute; left: -50px; top: 4.31534px;\">\n<div class=\"gtx-trans-icon\"><\/div>\n<\/div>\n<\/div><\/section><\/div><div class=\"flex_column av_one_full  flex_column_div av-zero-column-padding first  avia-builder-el-4  el_after_av_one_full  el_before_av_hr  column-top-margin\" style='border-radius:0px; '><section class=\"av_textblock_section \"  itemscope=\"itemscope\" itemtype=\"https:\/\/schema.org\/BlogPosting\" itemprop=\"blogPost\" ><div class='avia_textblock  '   itemprop=\"text\" ><p style=\"text-align: justify;\"><em>Los trabajos, que son ejecutados por la Direcci\u00f3n de Vialidad del MOP, representar\u00e1n una inversi\u00f3n cercana a los 5.800 millones de pesos y se estima estar\u00e1n terminados durante este a\u00f1o.<\/em><\/p>\n<p style=\"text-align: justify;\">En el marco de su visita a la Regi\u00f3n de Ays\u00e9n, el subsecretario de Obras P\u00fablicas, Danilo Nu\u00f1ez, se traslad\u00f3 hasta el acceso norte a la ciudad de Coyhaique para supervisar en terreno el avance de los trabajos en el contrato de mejoramiento de la conectividad en las rutas 7, 240 y 243.<\/p>\n<p style=\"text-align: justify;\">\u201cPara nuestro gobierno es una prioridad mejorar la conectividad en esta regi\u00f3n, por eso apenas llegamos vinimos junto al alcalde de Coyhaique a inspeccionar esta gran obra, que ya tiene un 70% de avance y que esperamos est\u00e9 terminada durante este a\u00f1o\u201d, inform\u00f3 el subsecretario de Obras P\u00fablicas, luego de recorrer el sector de los trabajos.<\/p>\n<p style=\"text-align: justify;\">La autoridad del MOP explic\u00f3 que \u201cse trata de una obra, que representar\u00e1 una gran inversi\u00f3n, que tuvo sus complicaciones en el pasado y que retomamos con sentido de urgencia y vamos a entregar a la comunidad\u201d.<\/p>\n<p style=\"text-align: justify;\">\u201cEl mejoramiento del acceso norte y otras obras de conectividad, como las que vamos a iniciar en la Ruta 7, tambi\u00e9n son importantes para la econom\u00eda, la reactivaci\u00f3n de la construcci\u00f3n y la generaci\u00f3n de empleo\u201d, agreg\u00f3.<\/p>\n<p style=\"text-align: justify;\">En tanto, el alcalde de Coyhaique, Carlos Gatica, junto con agradecer la visita del subsecretario, destac\u00f3 que: \u201cestamos contentos de ver el avance de esta obra, que mejorar\u00e1 el acceso a nuestra ciudad, la seguridad vial en este punto cr\u00edtico y que tambi\u00e9n vamos a complementar con obras de seguridad y de paisajismo\u201d.<\/p>\n<p style=\"text-align: justify;\">Las obras, ejecutadas por la Direcci\u00f3n de Vialidad, se ubican en la intersecci\u00f3n de la Ruta 240, Ruta 7 y la Ruta 243 y consideran la construcci\u00f3n de una rotonda, que cambiar\u00e1 definitivamente el acceso y dar\u00e1 una nueva puerta de entrada a la ciudad de Coyhaique, entregando mayor seguridad vial para sus habitantes y para las localidades aleda\u00f1as. Los trabajos incluyen finalizar la construcci\u00f3n del puente El Moro (Mirador Marchant).<\/p>\n<p style=\"text-align: justify;\">Durante su visita el subsecretario del MOP estuvo acompa\u00f1ado\u00a0 por la Seremi de Obras P\u00fablicas de Ays\u00e9n, Paloma Jara y el director regional de Vialidad, Renzo Sanders, junto a representantes de la empresa constructora Bitumix.<\/p>\n<\/div><\/section><\/div><div  style='height:50px' class='hr hr-invisible   avia-builder-el-6  el_after_av_one_full  el_before_av_social_share '><span class='hr-inner ' ><span class='hr-inner-style'><\/span><\/span><\/div><\/p>\n<div  class='av-social-sharing-box  avia-builder-el-7  el_after_av_hr  el_before_av_hr  '><div class='av-share-box'><h5 class='av-share-link-description av-no-toc '>Compartir esta noticia<\/h5><ul class='av-share-box-list noLightbox'><li class='av-share-link av-social-link-facebook' ><a target=\"_blank\" aria-label=\"Compartir en Facebook\" href='https:\/\/www.facebook.com\/sharer.php?u=https:\/\/radiorevelacionfm.cl\/?p=52069&#038;t=Subsecretario%20de%20Obras%20P%C3%BAblicas%20inspecciona%20mejoramiento%20de%20conectividad%20en%20acceso%20norte%20a%20Coyhaique' aria-hidden='false' data-av_icon='\ue8f3' data-av_iconfont='entypo-fontello' title='' data-avia-related-tooltip='Compartir en Facebook' rel=\"noopener\"><span class='avia_hidden_link_text'>Compartir en Facebook<\/span><\/a><\/li><li class='av-share-link av-social-link-twitter' ><a target=\"_blank\" aria-label=\"Compartir en Twitter\" href='https:\/\/twitter.com\/share?text=Subsecretario%20de%20Obras%20P%C3%BAblicas%20inspecciona%20mejoramiento%20de%20conectividad%20en%20acceso%20norte%20a%20Coyhaique&#038;url=https:\/\/radiorevelacionfm.cl\/?p=52069' aria-hidden='false' data-av_icon='\ue8f1' data-av_iconfont='entypo-fontello' title='' data-avia-related-tooltip='Compartir en Twitter' rel=\"noopener\"><span class='avia_hidden_link_text'>Compartir en Twitter<\/span><\/a><\/li><li class='av-share-link av-social-link-whatsapp' ><a target=\"_blank\" aria-label=\"Compartir en Whatsapp\" href='https:\/\/api.whatsapp.com\/send?text=https:\/\/radiorevelacionfm.cl\/?p=52069' aria-hidden='false' data-av_icon='\uf232' data-av_iconfont='entypo-fontello' title='' data-avia-related-tooltip='Compartir en Whatsapp' rel=\"noopener\"><span class='avia_hidden_link_text'>Compartir en Whatsapp<\/span><\/a><\/li><li class='av-share-link av-social-link-linkedin' ><a target=\"_blank\" aria-label=\"Compartir en LinkedIn\" href='https:\/\/linkedin.com\/shareArticle?mini=true&#038;title=Subsecretario%20de%20Obras%20P%C3%BAblicas%20inspecciona%20mejoramiento%20de%20conectividad%20en%20acceso%20norte%20a%20Coyhaique&#038;url=https:\/\/radiorevelacionfm.cl\/?p=52069' aria-hidden='false' data-av_icon='\ue8fc' data-av_iconfont='entypo-fontello' title='' data-avia-related-tooltip='Compartir en LinkedIn' rel=\"noopener\"><span class='avia_hidden_link_text'>Compartir en LinkedIn<\/span><\/a><\/li><li class='av-share-link av-social-link-mail' ><a  aria-label=\"Compartir por correo\" href='mailto:?subject=Subsecretario%20de%20Obras%20P%C3%BAblicas%20inspecciona%20mejoramiento%20de%20conectividad%20en%20acceso%20norte%20a%20Coyhaique&#038;body=https:\/\/radiorevelacionfm.cl\/?p=52069' aria-hidden='false' data-av_icon='\ue805' data-av_iconfont='entypo-fontello' title='' data-avia-related-tooltip='Compartir por correo'><span class='avia_hidden_link_text'>Compartir por correo<\/span><\/a><\/li><\/ul><\/div><\/div>\n<div  style='height:50px' class='hr hr-invisible   avia-builder-el-8  el_after_av_social_share  el_before_av_comments_list '><span class='hr-inner ' ><span class='hr-inner-style'><\/span><\/span><\/div>\n<div  class='av-buildercomment  av-blog-meta-html-info-disabled av-blog-meta-tag-disabled  '><\/div>\n","protected":false},"excerpt":{"rendered":"","protected":false},"author":1,"featured_media":52070,"comment_status":"closed","ping_status":"closed","sticky":false,"template":"","format":"standard","meta":{"footnotes":""},"categories":[38],"tags":[],"class_list":["post-52069","post","type-post","status-publish","format-standard","has-post-thumbnail","hentry","category-regional"],"jetpack_featured_media_url":"https:\/\/radiorevelacionfm.cl\/wp-content\/uploads\/2025\/04\/img-20250401-wa0031-1_optimized-1.jpg","_links":{"self":[{"href":"https:\/\/radiorevelacionfm.cl\/index.php?rest_route=\/wp\/v2\/posts\/52069","targetHints":{"allow":["GET"]}}],"collection":[{"href":"https:\/\/radiorevelacionfm.cl\/index.php?rest_route=\/wp\/v2\/posts"}],"about":[{"href":"https:\/\/radiorevelacionfm.cl\/index.php?rest_route=\/wp\/v2\/types\/post"}],"author":[{"embeddable":true,"href":"https:\/\/radiorevelacionfm.cl\/index.php?rest_route=\/wp\/v2\/users\/1"}],"replies":[{"embeddable":true,"href":"https:\/\/radiorevelacionfm.cl\/index.php?rest_route=%2Fwp%2Fv2%2Fcomments&post=52069"}],"version-history":[{"count":2,"href":"https:\/\/radiorevelacionfm.cl\/index.php?rest_route=\/wp\/v2\/posts\/52069\/revisions"}],"predecessor-version":[{"id":52073,"href":"https:\/\/radiorevelacionfm.cl\/index.php?rest_route=\/wp\/v2\/posts\/52069\/revisions\/52073"}],"wp:featuredmedia":[{"embeddable":true,"href":"https:\/\/radiorevelacionfm.cl\/index.php?rest_route=\/wp\/v2\/media\/52070"}],"wp:attachment":[{"href":"https:\/\/radiorevelacionfm.cl\/index.php?rest_route=%2Fwp%2Fv2%2Fmedia&parent=52069"}],"wp:term":[{"taxonomy":"category","embeddable":true,"href":"https:\/\/radiorevelacionfm.cl\/index.php?rest_route=%2Fwp%2Fv2%2Fcategories&post=52069"},{"taxonomy":"post_tag","embeddable":true,"href":"https:\/\/radiorevelacionfm.cl\/index.php?rest_route=%2Fwp%2Fv2%2Ftags&post=52069"}],"curies":[{"name":"wp","href":"https:\/\/api.w.org\/{rel}","templated":true}]}}