{"id":52062,"date":"2025-04-03T12:27:10","date_gmt":"2025-04-03T15:27:10","guid":{"rendered":"https:\/\/radiorevelacionfm.cl\/?p=52062"},"modified":"2025-04-03T12:27:10","modified_gmt":"2025-04-03T15:27:10","slug":"sandoval-destaca-trabajo-de-hogar-de-la-obra-don-guanella-en-visita-realizada-al-establecimiento","status":"publish","type":"post","link":"https:\/\/radiorevelacionfm.cl\/?p=52062","title":{"rendered":"Sandoval destaca trabajo de Hogar de la Obra don Guanella en visita realizada al establecimiento"},"content":{"rendered":"<div class=\"flex_column av_one_full  flex_column_div av-zero-column-padding first  avia-builder-el-0  el_before_av_one_full  avia-builder-el-first  \" style='border-radius:0px; '><div  class='avia-image-container  av-styling-    avia-builder-el-1  avia-builder-el-no-sibling  avia-align-center '  itemprop=\"image\" itemscope=\"itemscope\" itemtype=\"https:\/\/schema.org\/ImageObject\"  ><div class='avia-image-container-inner'><div class='avia-image-overlay-wrap'><img decoding=\"async\" class='wp-image-52063 avia-img-lazy-loading-not-52063 avia_image' src=\"https:\/\/radiorevelacionfm.cl\/wp-content\/uploads\/2025\/04\/visita-hogar-de-la-obra-don-guanella-1_optimized.jpg\" alt='' title='visita-hogar-de-la-obra-don-guanella-(1)_optimized' height=\"600\" width=\"800\"  itemprop=\"thumbnailUrl\" srcset=\"https:\/\/radiorevelacionfm.cl\/wp-content\/uploads\/2025\/04\/visita-hogar-de-la-obra-don-guanella-1_optimized.jpg 800w, https:\/\/radiorevelacionfm.cl\/wp-content\/uploads\/2025\/04\/visita-hogar-de-la-obra-don-guanella-1_optimized-300x225.jpg 300w, https:\/\/radiorevelacionfm.cl\/wp-content\/uploads\/2025\/04\/visita-hogar-de-la-obra-don-guanella-1_optimized-768x576.jpg 768w, https:\/\/radiorevelacionfm.cl\/wp-content\/uploads\/2025\/04\/visita-hogar-de-la-obra-don-guanella-1_optimized-705x529.jpg 705w, https:\/\/radiorevelacionfm.cl\/wp-content\/uploads\/2025\/04\/visita-hogar-de-la-obra-don-guanella-1_optimized-450x338.jpg 450w, https:\/\/radiorevelacionfm.cl\/wp-content\/uploads\/2025\/04\/visita-hogar-de-la-obra-don-guanella-1_optimized-600x450.jpg 600w\" sizes=\"(max-width: 800px) 100vw, 800px\" \/><\/div><\/div><\/div><\/div><div class=\"flex_column av_one_full  flex_column_div av-zero-column-padding first  avia-builder-el-2  el_after_av_one_full  el_before_av_one_full  column-top-margin\" style='border-radius:0px; '><section class=\"av_textblock_section \"  itemscope=\"itemscope\" itemtype=\"https:\/\/schema.org\/BlogPosting\" itemprop=\"blogPost\" ><div class='avia_textblock  '   itemprop=\"text\" ><p style=\"text-align: center;\"><span style=\"font-size: 18pt;\"><strong>Sandoval destaca trabajo de Hogar de la Obra don Guanella en visita realizada al establecimiento\u00a0<\/strong><\/span><\/p>\n<div id=\"gtx-trans\" style=\"position: absolute; left: -50px; top: 4.31534px;\">\n<div class=\"gtx-trans-icon\"><\/div>\n<\/div>\n<\/div><\/section><\/div><div class=\"flex_column av_one_full  flex_column_div av-zero-column-padding first  avia-builder-el-4  el_after_av_one_full  el_before_av_hr  column-top-margin\" style='border-radius:0px; '><section class=\"av_textblock_section \"  itemscope=\"itemscope\" itemtype=\"https:\/\/schema.org\/BlogPosting\" itemprop=\"blogPost\" ><div class='avia_textblock  '   itemprop=\"text\" ><p style=\"text-align: justify;\"><em>Parlamentario espera se concrete construcci\u00f3n de la nueva infraestructura para el hogar, adem\u00e1s de hacer un llamado para que en la visita que realiza esta semana la ministra de Desarrollo Social, Javiera Toro, tambi\u00e9n considere acudir al establecimiento.\u00a0<\/em><\/p>\n<p style=\"text-align: justify;\">Este martes, el senador David Sandoval visit\u00f3 las dependencias del hogar de la Obra Don Guanella de Coyhaique, el cual atiende a 70 adultos mayores, destacando el importante papel que ha cumplido el establecimiento durante sus a\u00f1os de funcionamiento en la regi\u00f3n de Ays\u00e9n.<\/p>\n<p style=\"text-align: justify;\">\u201cEs una instituci\u00f3n que mantiene, junto a los cooperadores, con mucho amor y cari\u00f1o, la atenci\u00f3n social de personas mayores, algunos afectados de dependencia severa, para quienes este recinto es fundamental\u201d, se\u00f1al\u00f3 el parlamentario, quien se reuni\u00f3 con la directora del recinto, Andrea Preller.<\/p>\n<p style=\"text-align: justify;\">En ese sentido, Sandoval espera que prontamente se concrete la construcci\u00f3n del nuevo establecimiento, un sue\u00f1o para quienes han administrador el lugar durante estos a\u00f1os. \u201cSe han hecho los pasos t\u00e9cnicos, administrativos, est\u00e1n en los detalles de observaciones finales, pero ser\u00eda un gran anhelo materializar la construcci\u00f3n de este nuevo ELEAM. A pesar que ya existe uno (en Coyhaique), y pensamos que con ello se iban a cubrir todas las necesidades, pero no ha sido as\u00ed. Nuestro pa\u00eds, al igual que nuestra regi\u00f3n, se est\u00e1 envejeciendo y al pasar eso, se demanda este tipo de servicios\u201d, explic\u00f3.<\/p>\n<p style=\"text-align: justify;\">Para el parlamentario, es fundamental avanzar en esta iniciativa, porque la obra don Guanella se ha caracterizado por la entrega con la que atienden a sus mayores. \u201cHemos sabido del compromiso del Gobernador Regional, Marcelo Santana, de que hay una voluntad expresa para apoyar la construcci\u00f3n de este tema\u201d, subray\u00f3.<\/p>\n<p style=\"text-align: justify;\">Con este panorama, el legislador hizo un llamado para que en la visita que realizar\u00e1 esta semana a la regi\u00f3n la ministra de Desarrollo Social, Javiera Toro, considere concurrir a este establecimiento. \u201cHay un trabajo encomiable de muchos a\u00f1os que merece todo nuestro reconocimiento. Y por eso hemos venido para ratificar las tareas que hay hacer y nuestra completa disposici\u00f3n los mayores de nuestra regi\u00f3n y el pa\u00eds\u201d, concluy\u00f3.<\/p>\n<\/div><\/section><\/div><div  style='height:50px' class='hr hr-invisible   avia-builder-el-6  el_after_av_one_full  el_before_av_social_share '><span class='hr-inner ' ><span class='hr-inner-style'><\/span><\/span><\/div><\/p>\n<div  class='av-social-sharing-box  avia-builder-el-7  el_after_av_hr  el_before_av_hr  '><div class='av-share-box'><h5 class='av-share-link-description av-no-toc '>Compartir esta noticia<\/h5><ul class='av-share-box-list noLightbox'><li class='av-share-link av-social-link-facebook' ><a target=\"_blank\" aria-label=\"Compartir en Facebook\" href='https:\/\/www.facebook.com\/sharer.php?u=https:\/\/radiorevelacionfm.cl\/?p=52062&#038;t=Sandoval%20destaca%20trabajo%20de%20Hogar%20de%20la%20Obra%20don%20Guanella%20en%20visita%20realizada%20al%20establecimiento' aria-hidden='false' data-av_icon='\ue8f3' data-av_iconfont='entypo-fontello' title='' data-avia-related-tooltip='Compartir en Facebook' rel=\"noopener\"><span class='avia_hidden_link_text'>Compartir en Facebook<\/span><\/a><\/li><li class='av-share-link av-social-link-twitter' ><a target=\"_blank\" aria-label=\"Compartir en Twitter\" href='https:\/\/twitter.com\/share?text=Sandoval%20destaca%20trabajo%20de%20Hogar%20de%20la%20Obra%20don%20Guanella%20en%20visita%20realizada%20al%20establecimiento&#038;url=https:\/\/radiorevelacionfm.cl\/?p=52062' aria-hidden='false' data-av_icon='\ue8f1' data-av_iconfont='entypo-fontello' title='' data-avia-related-tooltip='Compartir en Twitter' rel=\"noopener\"><span class='avia_hidden_link_text'>Compartir en Twitter<\/span><\/a><\/li><li class='av-share-link av-social-link-whatsapp' ><a target=\"_blank\" aria-label=\"Compartir en Whatsapp\" href='https:\/\/api.whatsapp.com\/send?text=https:\/\/radiorevelacionfm.cl\/?p=52062' aria-hidden='false' data-av_icon='\uf232' data-av_iconfont='entypo-fontello' title='' data-avia-related-tooltip='Compartir en Whatsapp' rel=\"noopener\"><span class='avia_hidden_link_text'>Compartir en Whatsapp<\/span><\/a><\/li><li class='av-share-link av-social-link-linkedin' ><a target=\"_blank\" aria-label=\"Compartir en LinkedIn\" href='https:\/\/linkedin.com\/shareArticle?mini=true&#038;title=Sandoval%20destaca%20trabajo%20de%20Hogar%20de%20la%20Obra%20don%20Guanella%20en%20visita%20realizada%20al%20establecimiento&#038;url=https:\/\/radiorevelacionfm.cl\/?p=52062' aria-hidden='false' data-av_icon='\ue8fc' data-av_iconfont='entypo-fontello' title='' data-avia-related-tooltip='Compartir en LinkedIn' rel=\"noopener\"><span class='avia_hidden_link_text'>Compartir en LinkedIn<\/span><\/a><\/li><li class='av-share-link av-social-link-mail' ><a  aria-label=\"Compartir por correo\" href='mailto:?subject=Sandoval%20destaca%20trabajo%20de%20Hogar%20de%20la%20Obra%20don%20Guanella%20en%20visita%20realizada%20al%20establecimiento&#038;body=https:\/\/radiorevelacionfm.cl\/?p=52062' aria-hidden='false' data-av_icon='\ue805' data-av_iconfont='entypo-fontello' title='' data-avia-related-tooltip='Compartir por correo'><span class='avia_hidden_link_text'>Compartir por correo<\/span><\/a><\/li><\/ul><\/div><\/div>\n<div  style='height:50px' class='hr hr-invisible   avia-builder-el-8  el_after_av_social_share  el_before_av_comments_list '><span class='hr-inner ' ><span class='hr-inner-style'><\/span><\/span><\/div>\n<div  class='av-buildercomment  av-blog-meta-html-info-disabled av-blog-meta-tag-disabled  '><\/div>\n","protected":false},"excerpt":{"rendered":"","protected":false},"author":1,"featured_media":52063,"comment_status":"closed","ping_status":"closed","sticky":false,"template":"","format":"standard","meta":{"footnotes":""},"categories":[35],"tags":[],"class_list":["post-52062","post","type-post","status-publish","format-standard","has-post-thumbnail","hentry","category-politica"],"jetpack_featured_media_url":"https:\/\/radiorevelacionfm.cl\/wp-content\/uploads\/2025\/04\/visita-hogar-de-la-obra-don-guanella-1_optimized.jpg","_links":{"self":[{"href":"https:\/\/radiorevelacionfm.cl\/index.php?rest_route=\/wp\/v2\/posts\/52062","targetHints":{"allow":["GET"]}}],"collection":[{"href":"https:\/\/radiorevelacionfm.cl\/index.php?rest_route=\/wp\/v2\/posts"}],"about":[{"href":"https:\/\/radiorevelacionfm.cl\/index.php?rest_route=\/wp\/v2\/types\/post"}],"author":[{"embeddable":true,"href":"https:\/\/radiorevelacionfm.cl\/index.php?rest_route=\/wp\/v2\/users\/1"}],"replies":[{"embeddable":true,"href":"https:\/\/radiorevelacionfm.cl\/index.php?rest_route=%2Fwp%2Fv2%2Fcomments&post=52062"}],"version-history":[{"count":2,"href":"https:\/\/radiorevelacionfm.cl\/index.php?rest_route=\/wp\/v2\/posts\/52062\/revisions"}],"predecessor-version":[{"id":52157,"href":"https:\/\/radiorevelacionfm.cl\/index.php?rest_route=\/wp\/v2\/posts\/52062\/revisions\/52157"}],"wp:featuredmedia":[{"embeddable":true,"href":"https:\/\/radiorevelacionfm.cl\/index.php?rest_route=\/wp\/v2\/media\/52063"}],"wp:attachment":[{"href":"https:\/\/radiorevelacionfm.cl\/index.php?rest_route=%2Fwp%2Fv2%2Fmedia&parent=52062"}],"wp:term":[{"taxonomy":"category","embeddable":true,"href":"https:\/\/radiorevelacionfm.cl\/index.php?rest_route=%2Fwp%2Fv2%2Fcategories&post=52062"},{"taxonomy":"post_tag","embeddable":true,"href":"https:\/\/radiorevelacionfm.cl\/index.php?rest_route=%2Fwp%2Fv2%2Ftags&post=52062"}],"curies":[{"name":"wp","href":"https:\/\/api.w.org\/{rel}","templated":true}]}}