{"id":5206,"date":"2021-06-13T16:51:43","date_gmt":"2021-06-13T19:51:43","guid":{"rendered":"https:\/\/radiorevelacionfm.cl\/?p=5206"},"modified":"2021-06-13T16:58:46","modified_gmt":"2021-06-13T19:58:46","slug":"consejero-rudolphi-pidio-priorizar-reposicion-de-puentes-palena-y-rosselot","status":"publish","type":"post","link":"https:\/\/radiorevelacionfm.cl\/?p=5206","title":{"rendered":"Consejero Rudolphi pidi\u00f3 priorizar reposici\u00f3n de puentes Palena y Rosselot en La Junta"},"content":{"rendered":"<div class=\"flex_column av_one_full  flex_column_div av-zero-column-padding first  avia-builder-el-0  el_before_av_one_full  avia-builder-el-first  \" style='border-radius:0px; '><div  class='avia-image-container  av-styling-    avia-builder-el-1  avia-builder-el-no-sibling  avia-align-center '  itemprop=\"image\" itemscope=\"itemscope\" itemtype=\"https:\/\/schema.org\/ImageObject\"  ><div class='avia-image-container-inner'><div class='avia-image-overlay-wrap'><img decoding=\"async\" class='wp-image-5209 avia-img-lazy-loading-not-5209 avia_image' src=\"https:\/\/radiorevelacionfm.cl\/wp-content\/uploads\/2021\/06\/puente_lajunta-1-1_optimized.jpg\" alt='' title='puente_lajunta-(1)-(1)_optimized' height=\"600\" width=\"904\"  itemprop=\"thumbnailUrl\" srcset=\"https:\/\/radiorevelacionfm.cl\/wp-content\/uploads\/2021\/06\/puente_lajunta-1-1_optimized.jpg 904w, https:\/\/radiorevelacionfm.cl\/wp-content\/uploads\/2021\/06\/puente_lajunta-1-1_optimized-300x199.jpg 300w, https:\/\/radiorevelacionfm.cl\/wp-content\/uploads\/2021\/06\/puente_lajunta-1-1_optimized-768x510.jpg 768w, https:\/\/radiorevelacionfm.cl\/wp-content\/uploads\/2021\/06\/puente_lajunta-1-1_optimized-705x468.jpg 705w, https:\/\/radiorevelacionfm.cl\/wp-content\/uploads\/2021\/06\/puente_lajunta-1-1_optimized-600x398.jpg 600w\" sizes=\"(max-width: 904px) 100vw, 904px\" \/><\/div><\/div><\/div><\/div>\n<div class=\"flex_column av_one_full  flex_column_div av-zero-column-padding first  avia-builder-el-2  el_after_av_one_full  el_before_av_one_full  column-top-margin\" style='border-radius:0px; '><section class=\"av_textblock_section \"  itemscope=\"itemscope\" itemtype=\"https:\/\/schema.org\/BlogPosting\" itemprop=\"blogPost\" ><div class='avia_textblock  '   itemprop=\"text\" ><p style=\"text-align: center;\"><strong><span style=\"font-size: 18pt;\">Consejero Rudolphi pidi\u00f3 priorizar reposici\u00f3n de puentes Palena y Rosselot en La Junta<\/span><\/strong><\/p>\n<div id=\"gtx-trans\" style=\"position: absolute; left: -50px; top: 4.31534px;\">\n<div class=\"gtx-trans-icon\"><\/div>\n<\/div>\n<\/div><\/section><\/div><div class=\"flex_column av_one_full  flex_column_div av-zero-column-padding first  avia-builder-el-4  el_after_av_one_full  el_before_av_hr  column-top-margin\" style='border-radius:0px; '><section class=\"av_textblock_section \"  itemscope=\"itemscope\" itemtype=\"https:\/\/schema.org\/BlogPosting\" itemprop=\"blogPost\" ><div class='avia_textblock  '   itemprop=\"text\" ><p class=\"v1MsoNormal\" style=\"text-align: justify;\"><span lang=\"ES-MX\">Priorizar la reposici\u00f3n de los puentes Palena y Rosselot, en la localidad de La Junta, en el norte de la Regi\u00f3n de Ays\u00e9n, solicit\u00f3 al Ministerio de Obras P\u00fablicas el consejero por la provincia de Coyhaique Ra\u00fal Rudolphi Altaner.<\/span><\/p>\n<p class=\"v1MsoNormal\" style=\"text-align: justify;\"><span lang=\"ES-MX\">Lo anterior durante la presentaci\u00f3n del Anteproyecto Regional de Inversiones 2022 por parte del MOP a la Comisi\u00f3n Ampliada de Presupuesto e Inversiones del CORE.<\/span><\/p>\n<p class=\"v1MsoNormal\" style=\"text-align: justify;\"><span lang=\"ES-MX\">Ra\u00fal Rudolphi explic\u00f3 que urge priorizar estas inversiones y materializar la infraestructura al m\u00e1s breve plazo, para un tr\u00e1nsito expedito y seguro hacia y dentro de la regi\u00f3n.<\/span><\/p>\n<p class=\"v1MsoNormal\" style=\"text-align: justify;\"><span lang=\"ES-MX\">\u00abDesde hace aproximadamente un a\u00f1o se encuentran con tr\u00e1nsito de carga restringida, hay controles en ambos puentes, hay un flujo aproximado de 14 camiones que ingresan d\u00eda por medio o d\u00eda a d\u00eda y eso restringe la capacidad de carga hacia la regi\u00f3n de Ays\u00e9n. Al d\u00eda de hoy hay una mesa de trabajo junto con el seremi de la Regi\u00f3n de Los Lagos para establecer puertos secos al sur de Chait\u00e9n y en La Junta\u00bb, explic\u00f3.<\/span><\/p>\n<p class=\"v1MsoNormal\" style=\"text-align: justify;\"><span lang=\"ES-MX\">De este modo, mejora la calidad de los flujos viales, tanto para personas como carga.<\/span><\/p>\n<p class=\"v1MsoNormal\" style=\"text-align: justify;\"><span lang=\"ES-MX\">\u00abUno prevee que los flujos de carga, eventualmente, podr\u00edan mantenerse en la zona norte de la regi\u00f3n, es decir, son muy importantes los puentes Palena y Rosselot, pero tambi\u00e9n Puerto Cisnes. Hablamos de la urgencia que requiere el by pass de Puerto Cisnes para evitar accidente y molestias a los vecinos de Cisnes por el tr\u00e1nsito de carga\u00bb, concluy\u00f3.<\/span><\/p>\n<p class=\"v1MsoNormal\" style=\"text-align: justify;\"><span lang=\"ES-MX\">En este sentido recalc\u00f3 la necesidad de establecer un eje de tr\u00e1nsito de carga, derivado de una estrategia sectorial de inversiones, partiendo por la habilitaci\u00f3n de Puertos Secos en Chait\u00e9n y La Junta, en favor de una log\u00edstica segura y oportuna, para la transferencia de carga de camiones que ingresan por la ruta bimodal.<\/span><\/p>\n<\/div><\/section><\/div><\/p>\n<div  style='height:50px' class='hr hr-invisible   avia-builder-el-6  el_after_av_one_full  el_before_av_social_share '><span class='hr-inner ' ><span class='hr-inner-style'><\/span><\/span><\/div>\n<div  class='av-social-sharing-box  avia-builder-el-7  el_after_av_hr  el_before_av_hr  '><div class='av-share-box'><h5 class='av-share-link-description av-no-toc '>Compartir esta noticia<\/h5><ul class='av-share-box-list noLightbox'><li class='av-share-link av-social-link-facebook' ><a target=\"_blank\" aria-label=\"Compartir en Facebook\" href='https:\/\/www.facebook.com\/sharer.php?u=https:\/\/radiorevelacionfm.cl\/?p=5206&#038;t=Consejero%20Rudolphi%20pidi%C3%B3%20priorizar%20reposici%C3%B3n%20de%20puentes%20Palena%20y%20Rosselot%20en%20La%20Junta' aria-hidden='false' data-av_icon='\ue8f3' data-av_iconfont='entypo-fontello' title='' data-avia-related-tooltip='Compartir en Facebook' rel=\"noopener\"><span class='avia_hidden_link_text'>Compartir en Facebook<\/span><\/a><\/li><li class='av-share-link av-social-link-twitter' ><a target=\"_blank\" aria-label=\"Compartir en Twitter\" href='https:\/\/twitter.com\/share?text=Consejero%20Rudolphi%20pidi%C3%B3%20priorizar%20reposici%C3%B3n%20de%20puentes%20Palena%20y%20Rosselot%20en%20La%20Junta&#038;url=https:\/\/radiorevelacionfm.cl\/?p=5206' aria-hidden='false' data-av_icon='\ue8f1' data-av_iconfont='entypo-fontello' title='' data-avia-related-tooltip='Compartir en Twitter' rel=\"noopener\"><span class='avia_hidden_link_text'>Compartir en Twitter<\/span><\/a><\/li><li class='av-share-link av-social-link-whatsapp' ><a target=\"_blank\" aria-label=\"Compartir en Whatsapp\" href='https:\/\/api.whatsapp.com\/send?text=https:\/\/radiorevelacionfm.cl\/?p=5206' aria-hidden='false' data-av_icon='\uf232' data-av_iconfont='entypo-fontello' title='' data-avia-related-tooltip='Compartir en Whatsapp' rel=\"noopener\"><span class='avia_hidden_link_text'>Compartir en Whatsapp<\/span><\/a><\/li><li class='av-share-link av-social-link-linkedin' ><a target=\"_blank\" aria-label=\"Compartir en LinkedIn\" href='https:\/\/linkedin.com\/shareArticle?mini=true&#038;title=Consejero%20Rudolphi%20pidi%C3%B3%20priorizar%20reposici%C3%B3n%20de%20puentes%20Palena%20y%20Rosselot%20en%20La%20Junta&#038;url=https:\/\/radiorevelacionfm.cl\/?p=5206' aria-hidden='false' data-av_icon='\ue8fc' data-av_iconfont='entypo-fontello' title='' data-avia-related-tooltip='Compartir en LinkedIn' rel=\"noopener\"><span class='avia_hidden_link_text'>Compartir en LinkedIn<\/span><\/a><\/li><li class='av-share-link av-social-link-mail' ><a  aria-label=\"Compartir por correo\" href='mailto:?subject=Consejero%20Rudolphi%20pidi%C3%B3%20priorizar%20reposici%C3%B3n%20de%20puentes%20Palena%20y%20Rosselot%20en%20La%20Junta&#038;body=https:\/\/radiorevelacionfm.cl\/?p=5206' aria-hidden='false' data-av_icon='\ue805' data-av_iconfont='entypo-fontello' title='' data-avia-related-tooltip='Compartir por correo'><span class='avia_hidden_link_text'>Compartir por correo<\/span><\/a><\/li><\/ul><\/div><\/div>\n<div  style='height:50px' class='hr hr-invisible   avia-builder-el-8  el_after_av_social_share  el_before_av_comments_list '><span class='hr-inner ' ><span class='hr-inner-style'><\/span><\/span><\/div>\n<div  class='av-buildercomment  av-blog-meta-html-info-disabled av-blog-meta-tag-disabled  '><\/div>\n","protected":false},"excerpt":{"rendered":"","protected":false},"author":1,"featured_media":5209,"comment_status":"open","ping_status":"open","sticky":false,"template":"","format":"standard","meta":{"footnotes":""},"categories":[38],"tags":[],"class_list":["post-5206","post","type-post","status-publish","format-standard","has-post-thumbnail","hentry","category-regional"],"jetpack_featured_media_url":"https:\/\/radiorevelacionfm.cl\/wp-content\/uploads\/2021\/06\/puente_lajunta-1-1_optimized.jpg","_links":{"self":[{"href":"https:\/\/radiorevelacionfm.cl\/index.php?rest_route=\/wp\/v2\/posts\/5206","targetHints":{"allow":["GET"]}}],"collection":[{"href":"https:\/\/radiorevelacionfm.cl\/index.php?rest_route=\/wp\/v2\/posts"}],"about":[{"href":"https:\/\/radiorevelacionfm.cl\/index.php?rest_route=\/wp\/v2\/types\/post"}],"author":[{"embeddable":true,"href":"https:\/\/radiorevelacionfm.cl\/index.php?rest_route=\/wp\/v2\/users\/1"}],"replies":[{"embeddable":true,"href":"https:\/\/radiorevelacionfm.cl\/index.php?rest_route=%2Fwp%2Fv2%2Fcomments&post=5206"}],"version-history":[{"count":3,"href":"https:\/\/radiorevelacionfm.cl\/index.php?rest_route=\/wp\/v2\/posts\/5206\/revisions"}],"predecessor-version":[{"id":5212,"href":"https:\/\/radiorevelacionfm.cl\/index.php?rest_route=\/wp\/v2\/posts\/5206\/revisions\/5212"}],"wp:featuredmedia":[{"embeddable":true,"href":"https:\/\/radiorevelacionfm.cl\/index.php?rest_route=\/wp\/v2\/media\/5209"}],"wp:attachment":[{"href":"https:\/\/radiorevelacionfm.cl\/index.php?rest_route=%2Fwp%2Fv2%2Fmedia&parent=5206"}],"wp:term":[{"taxonomy":"category","embeddable":true,"href":"https:\/\/radiorevelacionfm.cl\/index.php?rest_route=%2Fwp%2Fv2%2Fcategories&post=5206"},{"taxonomy":"post_tag","embeddable":true,"href":"https:\/\/radiorevelacionfm.cl\/index.php?rest_route=%2Fwp%2Fv2%2Ftags&post=5206"}],"curies":[{"name":"wp","href":"https:\/\/api.w.org\/{rel}","templated":true}]}}