{"id":52058,"date":"2025-04-01T16:17:07","date_gmt":"2025-04-01T19:17:07","guid":{"rendered":"https:\/\/radiorevelacionfm.cl\/?p=52058"},"modified":"2025-04-01T16:17:07","modified_gmt":"2025-04-01T19:17:07","slug":"salud-desarrolla-operativo-de-vacunacion-en-puerto-gaviota-melimoyu-y-puerto-gala","status":"publish","type":"post","link":"https:\/\/radiorevelacionfm.cl\/?p=52058","title":{"rendered":"Salud desarrolla operativo de vacunaci\u00f3n en Puerto Gaviota, Melimoyu y Puerto Gala"},"content":{"rendered":"<div class=\"flex_column av_one_full  flex_column_div av-zero-column-padding first  avia-builder-el-0  el_before_av_one_full  avia-builder-el-first  \" style='border-radius:0px; '><div  class='avia-image-container  av-styling-    avia-builder-el-1  avia-builder-el-no-sibling  avia-align-center '  itemprop=\"image\" itemscope=\"itemscope\" itemtype=\"https:\/\/schema.org\/ImageObject\"  ><div class='avia-image-container-inner'><div class='avia-image-overlay-wrap'><img decoding=\"async\" class='wp-image-52059 avia-img-lazy-loading-not-52059 avia_image' src=\"https:\/\/radiorevelacionfm.cl\/wp-content\/uploads\/2025\/04\/vacunacion-litoral-1_optimized.jpeg\" alt='' title='vacunaci\u00f3n-litoral-(1)_optimized' height=\"655\" width=\"798\"  itemprop=\"thumbnailUrl\" srcset=\"https:\/\/radiorevelacionfm.cl\/wp-content\/uploads\/2025\/04\/vacunacion-litoral-1_optimized.jpeg 798w, https:\/\/radiorevelacionfm.cl\/wp-content\/uploads\/2025\/04\/vacunacion-litoral-1_optimized-300x246.jpeg 300w, https:\/\/radiorevelacionfm.cl\/wp-content\/uploads\/2025\/04\/vacunacion-litoral-1_optimized-768x630.jpeg 768w, https:\/\/radiorevelacionfm.cl\/wp-content\/uploads\/2025\/04\/vacunacion-litoral-1_optimized-705x579.jpeg 705w, https:\/\/radiorevelacionfm.cl\/wp-content\/uploads\/2025\/04\/vacunacion-litoral-1_optimized-450x369.jpeg 450w, https:\/\/radiorevelacionfm.cl\/wp-content\/uploads\/2025\/04\/vacunacion-litoral-1_optimized-600x492.jpeg 600w\" sizes=\"(max-width: 798px) 100vw, 798px\" \/><\/div><\/div><\/div><\/div><div class=\"flex_column av_one_full  flex_column_div av-zero-column-padding first  avia-builder-el-2  el_after_av_one_full  el_before_av_one_full  column-top-margin\" style='border-radius:0px; '><section class=\"av_textblock_section \"  itemscope=\"itemscope\" itemtype=\"https:\/\/schema.org\/BlogPosting\" itemprop=\"blogPost\" ><div class='avia_textblock  '   itemprop=\"text\" ><p style=\"text-align: center;\"><strong><span style=\"font-size: 18pt;\">Salud desarrolla operativo de vacunaci\u00f3n en Puerto Gaviota, Melimoyu y Puerto Gala<\/span><\/strong><\/p>\n<div id=\"gtx-trans\" style=\"position: absolute; left: -50px; top: 4.31534px;\">\n<div class=\"gtx-trans-icon\"><\/div>\n<\/div>\n<\/div><\/section><\/div><div class=\"flex_column av_one_full  flex_column_div av-zero-column-padding first  avia-builder-el-4  el_after_av_one_full  el_before_av_hr  column-top-margin\" style='border-radius:0px; '><section class=\"av_textblock_section \"  itemscope=\"itemscope\" itemtype=\"https:\/\/schema.org\/BlogPosting\" itemprop=\"blogPost\" ><div class='avia_textblock  '   itemprop=\"text\" ><ul>\n<li style=\"text-align: justify;\"><em>Hasta el momento, en la regi\u00f3n de Ays\u00e9n se han inmunizado m\u00e1s de 15 mil personas, quienes han recibido protecci\u00f3n contra la Influenza y COVID-19. <\/em><\/li>\n<li style=\"text-align: justify;\"><em>Autoridades de salud, hacen un llamado a la comunidad para que acceda a estas prestaciones, y se proteja antes que aumente la circulaci\u00f3n de virus respiratorios.<\/em><\/li>\n<\/ul>\n<p style=\"text-align: justify;\">Por espacio de tres d\u00edas, la Jefa Nacional del Programa Nacional de Inmunizaciones, Dra. Elizabeth L\u00f3pez, tuvo la oportunidad de conocer parte del trabajo que realizan los equipos de salud para llegar a distintos puntos del litoral norte de la regi\u00f3n, llegando a \u00a0las localidades de Puerto Gaviota, Melimoyu y Puerto Gala con la campa\u00f1a de vacunaci\u00f3n e inmunizaci\u00f3n que lleva adelante el Ministerio de Salud; ocasi\u00f3n donde destac\u00f3 el compromiso y esfuerzo que desarrollan los funcionarios por avanzar en los procesos de inmunizaci\u00f3n, especialmente en los puntos m\u00e1s aislados de Ays\u00e9n.<\/p>\n<p style=\"text-align: justify;\">\u201cEn nuestra visita por la regi\u00f3n de Ays\u00e9n pudimos conocer el importante trabajo que hace el equipo de salud, quienes acceden a las distintas islas, por v\u00eda a\u00e9rea, terrestre y mar\u00edtima, entregando atenciones de salud y entregando las vacunas que son necesarias dentro de la campa\u00f1a de vacunaci\u00f3n e inmunizaci\u00f3n de invierno. Pudimos ser testigo del compromiso que tienen el equipo de salud y las personas que accedieron a esta vacunaci\u00f3n. Por lo tanto, el llamado que yo hago es que ustedes puedan acceder a la campa\u00f1a de vacunaci\u00f3n de invierno contra la influenza, contra el Covid19. Ya son cerca de 3 millones de personas las que est\u00e1n vacunadas por lo que invitamos a la comunidad a sumarse a esta campa\u00f1a de vacunaci\u00f3n,\u201d puntualiz\u00f3 la Jefa Nacional del Programa Nacional de Inmunizaciones, Dra. Elizabeth L\u00f3pez.<\/p>\n<p style=\"text-align: justify;\">David Acevedo Cisterna, Pescador Artesanal de Puerto Gala, destac\u00f3 el operativo de vacunaci\u00f3n que se realiza en las zonas del litoral. \u201cBueno, para m\u00ed es bueno, porque en la ciudad cuesta colocarse la vacuna, Y ac\u00e1 te programan a tu voluntad y est\u00e1s vacunado. Y no ha fallado, desde que empezaron las vacunas, que me empec\u00e9 a vacunar ya hace bastantes a\u00f1os, no ha fallado nunca\u201d.<\/p>\n<p style=\"text-align: justify;\">Para la enfermera del Hospital de Cisnes, Leonor Painemilla Calfuleo, hizo un llamado a la comunidad para que aproveche la entrega de estos servicios. \u201cNosotros venimos desde el Hospital para hacer Rondas M\u00e9dicas ac\u00e1 hasta Puerto Gala o Toto en este caso. Y bueno, nosotros antes nos coordinamos con los t\u00e9cnicos de ac\u00e1, para que hagan un llamado a las personas que corresponden a la vacuna influenza. Entonces el llamado a la comunidad es para que vengan a vacunarse cuando se les llame\u201d.<\/p>\n<p style=\"text-align: justify;\">Finalmente, la Seremi Carmen Monsalve G\u00f3mez, valor\u00f3 estas acciones de salud p\u00fablica hacia la comunidad.\u00a0 \u201cHemos llevado a cabo esta acci\u00f3n para poder relevar la forma en que desde la regi\u00f3n de Ays\u00e9n se acerca la salud a toda la comunidad a pesar de las dificultades geogr\u00e1ficas o la dispersi\u00f3n de nuestra poblaci\u00f3n. Nos hemos acompa\u00f1ado de un equipo de la OPS, del Ministerio de Salud para que ellos conozcan la forma en que en este caso las vacunas se trasladan desde el Dep\u00f3sito de Vacunas Regional y pueden llegar a los brazos de todos nuestros usuarios que hoy d\u00eda se encuentran en el litoral.\u201d<\/p>\n<p style=\"text-align: justify;\">En este recorrido, se cont\u00f3 adem\u00e1s con la participaci\u00f3n de Olivia Brathwaite, Asesora Vigilancia de la Salud y prevenci\u00f3n y control de enfermedades (OPS\/OMS Chile), quien observ\u00f3 el trabajo que realiza el MINSAL para proteger a la poblaci\u00f3n contra la Influenza y el Covid19.<\/p>\n<\/div><\/section><\/div><div  style='height:50px' class='hr hr-invisible   avia-builder-el-6  el_after_av_one_full  el_before_av_social_share '><span class='hr-inner ' ><span class='hr-inner-style'><\/span><\/span><\/div><\/p>\n<div  class='av-social-sharing-box  avia-builder-el-7  el_after_av_hr  el_before_av_hr  '><div class='av-share-box'><h5 class='av-share-link-description av-no-toc '>Compartir esta noticia<\/h5><ul class='av-share-box-list noLightbox'><li class='av-share-link av-social-link-facebook' ><a target=\"_blank\" aria-label=\"Compartir en Facebook\" href='https:\/\/www.facebook.com\/sharer.php?u=https:\/\/radiorevelacionfm.cl\/?p=52058&#038;t=Salud%20desarrolla%20operativo%20de%20vacunaci%C3%B3n%20en%20Puerto%20Gaviota%2C%20Melimoyu%20y%20Puerto%20Gala' aria-hidden='false' data-av_icon='\ue8f3' data-av_iconfont='entypo-fontello' title='' data-avia-related-tooltip='Compartir en Facebook' rel=\"noopener\"><span class='avia_hidden_link_text'>Compartir en Facebook<\/span><\/a><\/li><li class='av-share-link av-social-link-twitter' ><a target=\"_blank\" aria-label=\"Compartir en Twitter\" href='https:\/\/twitter.com\/share?text=Salud%20desarrolla%20operativo%20de%20vacunaci%C3%B3n%20en%20Puerto%20Gaviota%2C%20Melimoyu%20y%20Puerto%20Gala&#038;url=https:\/\/radiorevelacionfm.cl\/?p=52058' aria-hidden='false' data-av_icon='\ue8f1' data-av_iconfont='entypo-fontello' title='' data-avia-related-tooltip='Compartir en Twitter' rel=\"noopener\"><span class='avia_hidden_link_text'>Compartir en Twitter<\/span><\/a><\/li><li class='av-share-link av-social-link-whatsapp' ><a target=\"_blank\" aria-label=\"Compartir en Whatsapp\" href='https:\/\/api.whatsapp.com\/send?text=https:\/\/radiorevelacionfm.cl\/?p=52058' aria-hidden='false' data-av_icon='\uf232' data-av_iconfont='entypo-fontello' title='' data-avia-related-tooltip='Compartir en Whatsapp' rel=\"noopener\"><span class='avia_hidden_link_text'>Compartir en Whatsapp<\/span><\/a><\/li><li class='av-share-link av-social-link-linkedin' ><a target=\"_blank\" aria-label=\"Compartir en LinkedIn\" href='https:\/\/linkedin.com\/shareArticle?mini=true&#038;title=Salud%20desarrolla%20operativo%20de%20vacunaci%C3%B3n%20en%20Puerto%20Gaviota%2C%20Melimoyu%20y%20Puerto%20Gala&#038;url=https:\/\/radiorevelacionfm.cl\/?p=52058' aria-hidden='false' data-av_icon='\ue8fc' data-av_iconfont='entypo-fontello' title='' data-avia-related-tooltip='Compartir en LinkedIn' rel=\"noopener\"><span class='avia_hidden_link_text'>Compartir en LinkedIn<\/span><\/a><\/li><li class='av-share-link av-social-link-mail' ><a  aria-label=\"Compartir por correo\" href='mailto:?subject=Salud%20desarrolla%20operativo%20de%20vacunaci%C3%B3n%20en%20Puerto%20Gaviota%2C%20Melimoyu%20y%20Puerto%20Gala&#038;body=https:\/\/radiorevelacionfm.cl\/?p=52058' aria-hidden='false' data-av_icon='\ue805' data-av_iconfont='entypo-fontello' title='' data-avia-related-tooltip='Compartir por correo'><span class='avia_hidden_link_text'>Compartir por correo<\/span><\/a><\/li><\/ul><\/div><\/div>\n<div  style='height:50px' class='hr hr-invisible   avia-builder-el-8  el_after_av_social_share  el_before_av_comments_list '><span class='hr-inner ' ><span class='hr-inner-style'><\/span><\/span><\/div>\n<div  class='av-buildercomment  av-blog-meta-html-info-disabled av-blog-meta-tag-disabled  '><\/div>\n","protected":false},"excerpt":{"rendered":"","protected":false},"author":1,"featured_media":52059,"comment_status":"closed","ping_status":"closed","sticky":false,"template":"","format":"standard","meta":{"footnotes":""},"categories":[46],"tags":[],"class_list":["post-52058","post","type-post","status-publish","format-standard","has-post-thumbnail","hentry","category-salud"],"jetpack_featured_media_url":"https:\/\/radiorevelacionfm.cl\/wp-content\/uploads\/2025\/04\/vacunacion-litoral-1_optimized.jpeg","_links":{"self":[{"href":"https:\/\/radiorevelacionfm.cl\/index.php?rest_route=\/wp\/v2\/posts\/52058","targetHints":{"allow":["GET"]}}],"collection":[{"href":"https:\/\/radiorevelacionfm.cl\/index.php?rest_route=\/wp\/v2\/posts"}],"about":[{"href":"https:\/\/radiorevelacionfm.cl\/index.php?rest_route=\/wp\/v2\/types\/post"}],"author":[{"embeddable":true,"href":"https:\/\/radiorevelacionfm.cl\/index.php?rest_route=\/wp\/v2\/users\/1"}],"replies":[{"embeddable":true,"href":"https:\/\/radiorevelacionfm.cl\/index.php?rest_route=%2Fwp%2Fv2%2Fcomments&post=52058"}],"version-history":[{"count":2,"href":"https:\/\/radiorevelacionfm.cl\/index.php?rest_route=\/wp\/v2\/posts\/52058\/revisions"}],"predecessor-version":[{"id":52061,"href":"https:\/\/radiorevelacionfm.cl\/index.php?rest_route=\/wp\/v2\/posts\/52058\/revisions\/52061"}],"wp:featuredmedia":[{"embeddable":true,"href":"https:\/\/radiorevelacionfm.cl\/index.php?rest_route=\/wp\/v2\/media\/52059"}],"wp:attachment":[{"href":"https:\/\/radiorevelacionfm.cl\/index.php?rest_route=%2Fwp%2Fv2%2Fmedia&parent=52058"}],"wp:term":[{"taxonomy":"category","embeddable":true,"href":"https:\/\/radiorevelacionfm.cl\/index.php?rest_route=%2Fwp%2Fv2%2Fcategories&post=52058"},{"taxonomy":"post_tag","embeddable":true,"href":"https:\/\/radiorevelacionfm.cl\/index.php?rest_route=%2Fwp%2Fv2%2Ftags&post=52058"}],"curies":[{"name":"wp","href":"https:\/\/api.w.org\/{rel}","templated":true}]}}