{"id":52054,"date":"2025-03-25T22:25:58","date_gmt":"2025-03-26T01:25:58","guid":{"rendered":"https:\/\/radiorevelacionfm.cl\/?p=52054"},"modified":"2025-04-01T16:10:35","modified_gmt":"2025-04-01T19:10:35","slug":"seremi-de-bienes-nacionales-visito-lago-verde-y-expuso-concesiones-de-terrenos-fiscales-a-autoridades-comunales","status":"publish","type":"post","link":"https:\/\/radiorevelacionfm.cl\/?p=52054","title":{"rendered":"Seremi de Bienes Nacionales visit\u00f3 Lago Verde y expuso concesiones de terrenos fiscales a autoridades comunales"},"content":{"rendered":"<div class=\"flex_column av_one_full  flex_column_div av-zero-column-padding first  avia-builder-el-0  el_before_av_one_full  avia-builder-el-first  \" style='border-radius:0px; '><div  class='avia-image-container  av-styling-    avia-builder-el-1  avia-builder-el-no-sibling  avia-align-center '  itemprop=\"image\" itemscope=\"itemscope\" itemtype=\"https:\/\/schema.org\/ImageObject\"  ><div class='avia-image-container-inner'><div class='avia-image-overlay-wrap'><img decoding=\"async\" class='wp-image-52055 avia-img-lazy-loading-not-52055 avia_image' src=\"https:\/\/radiorevelacionfm.cl\/wp-content\/uploads\/2025\/04\/481705176_1211910414268184_5504366289669023122_n-1-1.jpg\" alt='' title='481705176_1211910414268184_5504366289669023122_n (1) (1)' height=\"600\" width=\"800\"  itemprop=\"thumbnailUrl\" srcset=\"https:\/\/radiorevelacionfm.cl\/wp-content\/uploads\/2025\/04\/481705176_1211910414268184_5504366289669023122_n-1-1.jpg 800w, https:\/\/radiorevelacionfm.cl\/wp-content\/uploads\/2025\/04\/481705176_1211910414268184_5504366289669023122_n-1-1-300x225.jpg 300w, https:\/\/radiorevelacionfm.cl\/wp-content\/uploads\/2025\/04\/481705176_1211910414268184_5504366289669023122_n-1-1-768x576.jpg 768w, https:\/\/radiorevelacionfm.cl\/wp-content\/uploads\/2025\/04\/481705176_1211910414268184_5504366289669023122_n-1-1-705x529.jpg 705w, https:\/\/radiorevelacionfm.cl\/wp-content\/uploads\/2025\/04\/481705176_1211910414268184_5504366289669023122_n-1-1-450x338.jpg 450w, https:\/\/radiorevelacionfm.cl\/wp-content\/uploads\/2025\/04\/481705176_1211910414268184_5504366289669023122_n-1-1-600x450.jpg 600w\" sizes=\"(max-width: 800px) 100vw, 800px\" \/><\/div><\/div><\/div><\/div><div class=\"flex_column av_one_full  flex_column_div av-zero-column-padding first  avia-builder-el-2  el_after_av_one_full  el_before_av_one_full  column-top-margin\" style='border-radius:0px; '><section class=\"av_textblock_section \"  itemscope=\"itemscope\" itemtype=\"https:\/\/schema.org\/BlogPosting\" itemprop=\"blogPost\" ><div class='avia_textblock  '   itemprop=\"text\" ><p style=\"text-align: center;\"><strong><span style=\"font-size: 18pt;\">Seremi de Bienes Nacionales visit\u00f3 Lago Verde y expuso concesiones de terrenos fiscales a autoridades comunales<\/span><\/strong><\/p>\n<div id=\"gtx-trans\" style=\"position: absolute; left: -50px; top: 4.31534px;\">\n<div class=\"gtx-trans-icon\"><\/div>\n<\/div>\n<\/div><\/section><\/div><div class=\"flex_column av_one_full  flex_column_div av-zero-column-padding first  avia-builder-el-4  el_after_av_one_full  el_before_av_hr  column-top-margin\" style='border-radius:0px; '><section class=\"av_textblock_section \"  itemscope=\"itemscope\" itemtype=\"https:\/\/schema.org\/BlogPosting\" itemprop=\"blogPost\" ><div class='avia_textblock  '   itemprop=\"text\" ><p style=\"text-align: justify;\">La Seremi de Bienes Nacionales, Irina Morend Valdebenito visit\u00f3 Lago Verde con el objetivo de exponer ante el Concejo Municipal y sostener reuni\u00f3n bilateral con la alcaldesa Claudia Vald\u00e9s V\u00e1squez, a quienes inform\u00f3 respecto de cada una de las concesiones de uso gratuito de inmuebles fiscales que actualmente administra la Municipalidad y donde se espera la concreci\u00f3n de proyectos comunitarios.<\/p>\n<p style=\"text-align: justify;\">Esto es parte de una estrategia de trabajo que aplicar\u00e1 la Seremi con las administraciones municipales reci\u00e9n asumidas para informar a las autoridades y sus equipos t\u00e9cnicos respecto de los trabajos previos entre el Ministerio y los municipios que administran suelo fiscal \u2013v\u00eda concesiones- para implementar infraestructura comunitaria. \u201cEn Lago Verde, le contamos a la alcaldesa de los proyectos e iniciativas que tenemos en conjunto con el Municipio, tambi\u00e9n nos reunimos con el Concejo e hicimos una presentaci\u00f3n bastante detallada sobre cu\u00e1les son los lineamientos del Ministerio de Bienes Nacionales en nuestra regi\u00f3n y adem\u00e1s, cu\u00e1les son las instancias de concesiones que el municipio tiene, pero tambi\u00e9n es una instancia para ponernos de acuerdo y generar un v\u00ednculo a futuro de trabajo en conjunto, especialmente en el contexto de que ha asumido una nueva administraci\u00f3n\u201d, expres\u00f3 la Seremi Irina Morend Valdebenito.<\/p>\n<p style=\"text-align: justify;\">Entre los lineamientos ministeriales expuestos por la autoridad regional, destacan relevar el uso del suelo fiscal para promover proyectos productivos en \u00e1reas como seguridad alimentaria, turismo y energ\u00eda, y precisamente, la alcaldesa tom\u00f3 conocimiento respecto de ex usuarias de Bienes Nacionales, quienes podr\u00e1n postular a arriendos productivos y as\u00ed contar con apoyo de Indap, en el marco del convenio de colaboraci\u00f3n que tiene con Bienes Nacionales y est\u00e1 focalizado en mujeres y j\u00f3venes rurales.<\/p>\n<p style=\"text-align: justify;\">Respecto de las concesiones, el cuerpo colegiado en pleno conoci\u00f3 \u2013entre otras- la administraci\u00f3n del Parque Pan de Az\u00facar, adem\u00e1s de una concesi\u00f3n para proyecto multiusos el que revisar\u00e1n para ajustar y relevar proyectos de inter\u00e9s social pero tambi\u00e9n productivo. Misma informaci\u00f3n que recibieron de parte de concesiones otorgadas en Villa La Tapera y Villa Amengual.<\/p>\n<p style=\"text-align: justify;\">La autoridad regional se\u00f1al\u00f3 que ya ha sostenido reuniones bilaterales con el alcalde de Guaitecas, Bans Puinao y su equipo t\u00e9cnico, y pr\u00f3ximamente se reunir\u00e1 con su par de Ays\u00e9n, Luis Mart\u00ednez y de Chile Chico, Ariel Keim y sus respectivos Concejos Municipales.<\/p>\n<p style=\"text-align: justify;\">Por otro lado, es importante mencionar que tambi\u00e9n en esta visita, junto a la alcaldesa Vald\u00e9s, la Seremi Morend sostuvo di\u00e1logo con los propietarios colindantes al lago Verde, con quienes recorri\u00f3 accesos a playa con el fin de trabajar administrativamente para la creaci\u00f3n de un acceso p\u00fablico, acci\u00f3n demandada por la comunidad, lo que se espera pueda ser una oportunidad para potenciar tur\u00edsticamente esta \u00e1rea que requerir\u00e1 del trabajo conjunto entre propietarios, Municipalidad, Bienes Nacionales, Delegaci\u00f3n Presidencial Regional y la propia comunidad.<\/p>\n<\/div><\/section><\/div><div  style='height:50px' class='hr hr-invisible   avia-builder-el-6  el_after_av_one_full  el_before_av_social_share '><span class='hr-inner ' ><span class='hr-inner-style'><\/span><\/span><\/div><\/p>\n<div  class='av-social-sharing-box  avia-builder-el-7  el_after_av_hr  el_before_av_hr  '><div class='av-share-box'><h5 class='av-share-link-description av-no-toc '>Compartir esta noticia<\/h5><ul class='av-share-box-list noLightbox'><li class='av-share-link av-social-link-facebook' ><a target=\"_blank\" aria-label=\"Compartir en Facebook\" href='https:\/\/www.facebook.com\/sharer.php?u=https:\/\/radiorevelacionfm.cl\/?p=52054&#038;t=Seremi%20de%20Bienes%20Nacionales%20visit%C3%B3%20Lago%20Verde%20y%20expuso%20concesiones%20de%20terrenos%20fiscales%20a%20autoridades%20comunales' aria-hidden='false' data-av_icon='\ue8f3' data-av_iconfont='entypo-fontello' title='' data-avia-related-tooltip='Compartir en Facebook' rel=\"noopener\"><span class='avia_hidden_link_text'>Compartir en Facebook<\/span><\/a><\/li><li class='av-share-link av-social-link-twitter' ><a target=\"_blank\" aria-label=\"Compartir en Twitter\" href='https:\/\/twitter.com\/share?text=Seremi%20de%20Bienes%20Nacionales%20visit%C3%B3%20Lago%20Verde%20y%20expuso%20concesiones%20de%20terrenos%20fiscales%20a%20autoridades%20comunales&#038;url=https:\/\/radiorevelacionfm.cl\/?p=52054' aria-hidden='false' data-av_icon='\ue8f1' data-av_iconfont='entypo-fontello' title='' data-avia-related-tooltip='Compartir en Twitter' rel=\"noopener\"><span class='avia_hidden_link_text'>Compartir en Twitter<\/span><\/a><\/li><li class='av-share-link av-social-link-whatsapp' ><a target=\"_blank\" aria-label=\"Compartir en Whatsapp\" href='https:\/\/api.whatsapp.com\/send?text=https:\/\/radiorevelacionfm.cl\/?p=52054' aria-hidden='false' data-av_icon='\uf232' data-av_iconfont='entypo-fontello' title='' data-avia-related-tooltip='Compartir en Whatsapp' rel=\"noopener\"><span class='avia_hidden_link_text'>Compartir en Whatsapp<\/span><\/a><\/li><li class='av-share-link av-social-link-linkedin' ><a target=\"_blank\" aria-label=\"Compartir en LinkedIn\" href='https:\/\/linkedin.com\/shareArticle?mini=true&#038;title=Seremi%20de%20Bienes%20Nacionales%20visit%C3%B3%20Lago%20Verde%20y%20expuso%20concesiones%20de%20terrenos%20fiscales%20a%20autoridades%20comunales&#038;url=https:\/\/radiorevelacionfm.cl\/?p=52054' aria-hidden='false' data-av_icon='\ue8fc' data-av_iconfont='entypo-fontello' title='' data-avia-related-tooltip='Compartir en LinkedIn' rel=\"noopener\"><span class='avia_hidden_link_text'>Compartir en LinkedIn<\/span><\/a><\/li><li class='av-share-link av-social-link-mail' ><a  aria-label=\"Compartir por correo\" href='mailto:?subject=Seremi%20de%20Bienes%20Nacionales%20visit%C3%B3%20Lago%20Verde%20y%20expuso%20concesiones%20de%20terrenos%20fiscales%20a%20autoridades%20comunales&#038;body=https:\/\/radiorevelacionfm.cl\/?p=52054' aria-hidden='false' data-av_icon='\ue805' data-av_iconfont='entypo-fontello' title='' data-avia-related-tooltip='Compartir por correo'><span class='avia_hidden_link_text'>Compartir por correo<\/span><\/a><\/li><\/ul><\/div><\/div>\n<div  style='height:50px' class='hr hr-invisible   avia-builder-el-8  el_after_av_social_share  el_before_av_comments_list '><span class='hr-inner ' ><span class='hr-inner-style'><\/span><\/span><\/div>\n<div  class='av-buildercomment  av-blog-meta-html-info-disabled av-blog-meta-tag-disabled  '><\/div>\n","protected":false},"excerpt":{"rendered":"","protected":false},"author":1,"featured_media":52055,"comment_status":"closed","ping_status":"closed","sticky":false,"template":"","format":"standard","meta":{"footnotes":""},"categories":[38],"tags":[],"class_list":["post-52054","post","type-post","status-publish","format-standard","has-post-thumbnail","hentry","category-regional"],"jetpack_featured_media_url":"https:\/\/radiorevelacionfm.cl\/wp-content\/uploads\/2025\/04\/481705176_1211910414268184_5504366289669023122_n-1-1.jpg","_links":{"self":[{"href":"https:\/\/radiorevelacionfm.cl\/index.php?rest_route=\/wp\/v2\/posts\/52054","targetHints":{"allow":["GET"]}}],"collection":[{"href":"https:\/\/radiorevelacionfm.cl\/index.php?rest_route=\/wp\/v2\/posts"}],"about":[{"href":"https:\/\/radiorevelacionfm.cl\/index.php?rest_route=\/wp\/v2\/types\/post"}],"author":[{"embeddable":true,"href":"https:\/\/radiorevelacionfm.cl\/index.php?rest_route=\/wp\/v2\/users\/1"}],"replies":[{"embeddable":true,"href":"https:\/\/radiorevelacionfm.cl\/index.php?rest_route=%2Fwp%2Fv2%2Fcomments&post=52054"}],"version-history":[{"count":2,"href":"https:\/\/radiorevelacionfm.cl\/index.php?rest_route=\/wp\/v2\/posts\/52054\/revisions"}],"predecessor-version":[{"id":52057,"href":"https:\/\/radiorevelacionfm.cl\/index.php?rest_route=\/wp\/v2\/posts\/52054\/revisions\/52057"}],"wp:featuredmedia":[{"embeddable":true,"href":"https:\/\/radiorevelacionfm.cl\/index.php?rest_route=\/wp\/v2\/media\/52055"}],"wp:attachment":[{"href":"https:\/\/radiorevelacionfm.cl\/index.php?rest_route=%2Fwp%2Fv2%2Fmedia&parent=52054"}],"wp:term":[{"taxonomy":"category","embeddable":true,"href":"https:\/\/radiorevelacionfm.cl\/index.php?rest_route=%2Fwp%2Fv2%2Fcategories&post=52054"},{"taxonomy":"post_tag","embeddable":true,"href":"https:\/\/radiorevelacionfm.cl\/index.php?rest_route=%2Fwp%2Fv2%2Ftags&post=52054"}],"curies":[{"name":"wp","href":"https:\/\/api.w.org\/{rel}","templated":true}]}}