{"id":52050,"date":"2025-03-25T22:50:28","date_gmt":"2025-03-26T01:50:28","guid":{"rendered":"https:\/\/radiorevelacionfm.cl\/?p=52050"},"modified":"2025-04-01T16:05:20","modified_gmt":"2025-04-01T19:05:20","slug":"delegado-visito-empresas-que-obtendran-bonificacion-dfl-15-en-el-norte-de-la-region-de-aysen","status":"publish","type":"post","link":"https:\/\/radiorevelacionfm.cl\/?p=52050","title":{"rendered":"Delegado visit\u00f3 empresas que obtendr\u00e1n bonificaci\u00f3n DFL 15 en el norte de la regi\u00f3n de Ays\u00e9n"},"content":{"rendered":"<div class=\"flex_column av_one_full  flex_column_div av-zero-column-padding first  avia-builder-el-0  el_before_av_one_full  avia-builder-el-first  \" style='border-radius:0px; '><div  class='avia-image-container  av-styling-    avia-builder-el-1  avia-builder-el-no-sibling  avia-align-center '  itemprop=\"image\" itemscope=\"itemscope\" itemtype=\"https:\/\/schema.org\/ImageObject\"  ><div class='avia-image-container-inner'><div class='avia-image-overlay-wrap'><img decoding=\"async\" class='wp-image-52051 avia-img-lazy-loading-not-52051 avia_image' src=\"https:\/\/radiorevelacionfm.cl\/wp-content\/uploads\/2025\/04\/486175165_1211927910933101_8613308815358772024_n-1_optimized-1.jpg\" alt='' title='486175165_1211927910933101_8613308815358772024_n-(1)_optimized (1)' height=\"600\" width=\"950\"  itemprop=\"thumbnailUrl\" srcset=\"https:\/\/radiorevelacionfm.cl\/wp-content\/uploads\/2025\/04\/486175165_1211927910933101_8613308815358772024_n-1_optimized-1.jpg 950w, https:\/\/radiorevelacionfm.cl\/wp-content\/uploads\/2025\/04\/486175165_1211927910933101_8613308815358772024_n-1_optimized-1-300x189.jpg 300w, https:\/\/radiorevelacionfm.cl\/wp-content\/uploads\/2025\/04\/486175165_1211927910933101_8613308815358772024_n-1_optimized-1-768x485.jpg 768w, https:\/\/radiorevelacionfm.cl\/wp-content\/uploads\/2025\/04\/486175165_1211927910933101_8613308815358772024_n-1_optimized-1-705x445.jpg 705w, https:\/\/radiorevelacionfm.cl\/wp-content\/uploads\/2025\/04\/486175165_1211927910933101_8613308815358772024_n-1_optimized-1-450x284.jpg 450w, https:\/\/radiorevelacionfm.cl\/wp-content\/uploads\/2025\/04\/486175165_1211927910933101_8613308815358772024_n-1_optimized-1-600x379.jpg 600w\" sizes=\"(max-width: 950px) 100vw, 950px\" \/><\/div><\/div><\/div><\/div><div class=\"flex_column av_one_full  flex_column_div av-zero-column-padding first  avia-builder-el-2  el_after_av_one_full  el_before_av_one_full  column-top-margin\" style='border-radius:0px; '><section class=\"av_textblock_section \"  itemscope=\"itemscope\" itemtype=\"https:\/\/schema.org\/BlogPosting\" itemprop=\"blogPost\" ><div class='avia_textblock  '   itemprop=\"text\" ><p style=\"text-align: center;\"><strong><span style=\"font-size: 18pt;\">Delegado visit\u00f3 empresas que obtendr\u00e1n bonificaci\u00f3n DFL 15 en el norte de la regi\u00f3n de Ays\u00e9n<\/span><\/strong><\/p>\n<div id=\"gtx-trans\" style=\"position: absolute; left: -50px; top: 4.31534px;\">\n<div class=\"gtx-trans-icon\"><\/div>\n<\/div>\n<\/div><\/section><\/div><div class=\"flex_column av_one_full  flex_column_div av-zero-column-padding first  avia-builder-el-4  el_after_av_one_full  el_before_av_hr  column-top-margin\" style='border-radius:0px; '><section class=\"av_textblock_section \"  itemscope=\"itemscope\" itemtype=\"https:\/\/schema.org\/BlogPosting\" itemprop=\"blogPost\" ><div class='avia_textblock  '   itemprop=\"text\" ><p style=\"text-align: justify;\">Los recursos ser\u00e1n pagados por la Tesorer\u00eda Regional, entre abril y agosto pr\u00f3ximos, a m\u00e1s de 130 empresarias y empresarios de diferentes sectores productivos a nivel regional y local.<\/p>\n<p style=\"text-align: justify;\">La importancia de los recursos destinados a incentivar el desarrollo productivo a nivel regional y local, destac\u00f3 el Delegado Presidencial, Jorge D\u00edaz Guzm\u00e1n, al visitar a empresas del norte de la Regi\u00f3n de Ays\u00e9n, seleccionadas con la bonificaci\u00f3n DFL 15, administrada por CORFO, del Ministerio de Econom\u00eda.<\/p>\n<p style=\"text-align: justify;\">Entre ellas, S\u00e1nchez Construcciones, con diez a\u00f1os de trayectoria en obras habitacionales y de urbanizaci\u00f3n tanto en la localidad de La Junta como en Ra\u00fal Mar\u00edn Balmaceda, y que acceder\u00e1 a un 20% del monto utilizado para la adquisici\u00f3n de un cami\u00f3n hormigonero, que se suma a la maquinaria que administra la empresa.<\/p>\n<p style=\"text-align: justify;\">\u201cContentos de habernos adjudicado este financiamiento, agradecidos por lo r\u00e1pido que sali\u00f3, e incentivar a que la gente participe. Nosotros, gracias a la se\u00f1orita Magdalena Salas, que nos dio la idea, as\u00ed es que muy agradecidos, ya que ac\u00e1 siempre es estable todo lo que es construcci\u00f3n\u201d, se\u00f1al\u00f3 V\u00edctor S\u00e1nchez.<\/p>\n<p style=\"text-align: justify;\">El Delegado Jorge D\u00edaz Guzm\u00e1n indic\u00f3 que es \u201cuna empresa con muchas perspectivas, porque estamos invirtiendo ac\u00e1 en los dos puentes (Palena y Rosselot) y, seguramente, se va a demandar servicios. Esta es una regi\u00f3n que est\u00e1 en etapa de equipamiento, por lo tanto, las empresas constructoras pueden crecer y esta herramienta va a ser de gran apoyo para que sigan creciendo.<\/p>\n<p style=\"text-align: justify;\">Tambi\u00e9n est\u00e1 el Decreto Ley 889 y Sercotec, entre otros instrumentos que pueden ser de utilidad\u201d.<\/p>\n<p style=\"text-align: justify;\">Otra de las iniciativas corresponde a la mantenci\u00f3n y mejora de instalaciones del Hotel Espacio y Tiempo de La Junta, con m\u00e1s de 35 a\u00f1os en hoteler\u00eda y turismo, seis personas trabajando de forma permanente y certificaci\u00f3n de Buenas Pr\u00e1cticas Laborales de la Direcci\u00f3n del Trabajo, entre otros logros que destac\u00f3 su administrador Leandro L\u00f3pez Vidal durante la visita.<\/p>\n<p style=\"text-align: justify;\">\u201cEstamos aqu\u00ed en compa\u00f1\u00eda del Delegado Presidencial de Ays\u00e9n, en visita de nuestros proyectos obtenidos del DFL 15 para mejora y bienestar de la infraestructura y materiales de servicio a nuestros clientes, para mejora y facilidades de los servicios que prestamos por intermedio de nuestro personal\u201d, se\u00f1al\u00f3.<\/p>\n<p style=\"text-align: justify;\">En este caso, Jorge D\u00edaz Guzm\u00e1n coincidi\u00f3 en manifestar la importancia de que estas iniciativas \u201csigan creciendo, sigan modernizando el hotel y sean una oferta para los viajeros de esta zona norte. Estas herramientas como el DFL 15 y otros beneficios que tiene el Estado, es un premio a la perseverancia y un apoyo para quienes impulsan estos proyectos\u201d.<\/p>\n<p style=\"text-align: justify;\">El programa DFL 15 impulsa el desarrollo de las pymes en Ays\u00e9n con incentivos econ\u00f3micos para inversiones estrat\u00e9gicas, con m\u00e1s de 130 empresas beneficiadas este a\u00f1o con los recursos que ser\u00e1n pagados por la Tesorer\u00eda Regional, entre abril y agosto pr\u00f3ximos, por un monto total que supera los 1.200 millones de pesos, luego de ser verificadas las inversiones por profesionales de Corfo Ays\u00e9n.<\/p>\n<\/div><\/section><\/div><div  style='height:50px' class='hr hr-invisible   avia-builder-el-6  el_after_av_one_full  el_before_av_social_share '><span class='hr-inner ' ><span class='hr-inner-style'><\/span><\/span><\/div><\/p>\n<div  class='av-social-sharing-box  avia-builder-el-7  el_after_av_hr  el_before_av_hr  '><div class='av-share-box'><h5 class='av-share-link-description av-no-toc '>Compartir esta noticia<\/h5><ul class='av-share-box-list noLightbox'><li class='av-share-link av-social-link-facebook' ><a target=\"_blank\" aria-label=\"Compartir en Facebook\" href='https:\/\/www.facebook.com\/sharer.php?u=https:\/\/radiorevelacionfm.cl\/?p=52050&#038;t=Delegado%20visit%C3%B3%20empresas%20que%20obtendr%C3%A1n%20bonificaci%C3%B3n%20DFL%2015%20en%20el%20norte%20de%20la%20regi%C3%B3n%20de%20Ays%C3%A9n' aria-hidden='false' data-av_icon='\ue8f3' data-av_iconfont='entypo-fontello' title='' data-avia-related-tooltip='Compartir en Facebook' rel=\"noopener\"><span class='avia_hidden_link_text'>Compartir en Facebook<\/span><\/a><\/li><li class='av-share-link av-social-link-twitter' ><a target=\"_blank\" aria-label=\"Compartir en Twitter\" href='https:\/\/twitter.com\/share?text=Delegado%20visit%C3%B3%20empresas%20que%20obtendr%C3%A1n%20bonificaci%C3%B3n%20DFL%2015%20en%20el%20norte%20de%20la%20regi%C3%B3n%20de%20Ays%C3%A9n&#038;url=https:\/\/radiorevelacionfm.cl\/?p=52050' aria-hidden='false' data-av_icon='\ue8f1' data-av_iconfont='entypo-fontello' title='' data-avia-related-tooltip='Compartir en Twitter' rel=\"noopener\"><span class='avia_hidden_link_text'>Compartir en Twitter<\/span><\/a><\/li><li class='av-share-link av-social-link-whatsapp' ><a target=\"_blank\" aria-label=\"Compartir en Whatsapp\" href='https:\/\/api.whatsapp.com\/send?text=https:\/\/radiorevelacionfm.cl\/?p=52050' aria-hidden='false' data-av_icon='\uf232' data-av_iconfont='entypo-fontello' title='' data-avia-related-tooltip='Compartir en Whatsapp' rel=\"noopener\"><span class='avia_hidden_link_text'>Compartir en Whatsapp<\/span><\/a><\/li><li class='av-share-link av-social-link-linkedin' ><a target=\"_blank\" aria-label=\"Compartir en LinkedIn\" href='https:\/\/linkedin.com\/shareArticle?mini=true&#038;title=Delegado%20visit%C3%B3%20empresas%20que%20obtendr%C3%A1n%20bonificaci%C3%B3n%20DFL%2015%20en%20el%20norte%20de%20la%20regi%C3%B3n%20de%20Ays%C3%A9n&#038;url=https:\/\/radiorevelacionfm.cl\/?p=52050' aria-hidden='false' data-av_icon='\ue8fc' data-av_iconfont='entypo-fontello' title='' data-avia-related-tooltip='Compartir en LinkedIn' rel=\"noopener\"><span class='avia_hidden_link_text'>Compartir en LinkedIn<\/span><\/a><\/li><li class='av-share-link av-social-link-mail' ><a  aria-label=\"Compartir por correo\" href='mailto:?subject=Delegado%20visit%C3%B3%20empresas%20que%20obtendr%C3%A1n%20bonificaci%C3%B3n%20DFL%2015%20en%20el%20norte%20de%20la%20regi%C3%B3n%20de%20Ays%C3%A9n&#038;body=https:\/\/radiorevelacionfm.cl\/?p=52050' aria-hidden='false' data-av_icon='\ue805' data-av_iconfont='entypo-fontello' title='' data-avia-related-tooltip='Compartir por correo'><span class='avia_hidden_link_text'>Compartir por correo<\/span><\/a><\/li><\/ul><\/div><\/div>\n<div  style='height:50px' class='hr hr-invisible   avia-builder-el-8  el_after_av_social_share  el_before_av_comments_list '><span class='hr-inner ' ><span class='hr-inner-style'><\/span><\/span><\/div>\n<div  class='av-buildercomment  av-blog-meta-html-info-disabled av-blog-meta-tag-disabled  '><\/div>\n","protected":false},"excerpt":{"rendered":"","protected":false},"author":1,"featured_media":52051,"comment_status":"closed","ping_status":"closed","sticky":false,"template":"","format":"standard","meta":{"footnotes":""},"categories":[38],"tags":[],"class_list":["post-52050","post","type-post","status-publish","format-standard","has-post-thumbnail","hentry","category-regional"],"jetpack_featured_media_url":"https:\/\/radiorevelacionfm.cl\/wp-content\/uploads\/2025\/04\/486175165_1211927910933101_8613308815358772024_n-1_optimized-1.jpg","_links":{"self":[{"href":"https:\/\/radiorevelacionfm.cl\/index.php?rest_route=\/wp\/v2\/posts\/52050","targetHints":{"allow":["GET"]}}],"collection":[{"href":"https:\/\/radiorevelacionfm.cl\/index.php?rest_route=\/wp\/v2\/posts"}],"about":[{"href":"https:\/\/radiorevelacionfm.cl\/index.php?rest_route=\/wp\/v2\/types\/post"}],"author":[{"embeddable":true,"href":"https:\/\/radiorevelacionfm.cl\/index.php?rest_route=\/wp\/v2\/users\/1"}],"replies":[{"embeddable":true,"href":"https:\/\/radiorevelacionfm.cl\/index.php?rest_route=%2Fwp%2Fv2%2Fcomments&post=52050"}],"version-history":[{"count":2,"href":"https:\/\/radiorevelacionfm.cl\/index.php?rest_route=\/wp\/v2\/posts\/52050\/revisions"}],"predecessor-version":[{"id":52053,"href":"https:\/\/radiorevelacionfm.cl\/index.php?rest_route=\/wp\/v2\/posts\/52050\/revisions\/52053"}],"wp:featuredmedia":[{"embeddable":true,"href":"https:\/\/radiorevelacionfm.cl\/index.php?rest_route=\/wp\/v2\/media\/52051"}],"wp:attachment":[{"href":"https:\/\/radiorevelacionfm.cl\/index.php?rest_route=%2Fwp%2Fv2%2Fmedia&parent=52050"}],"wp:term":[{"taxonomy":"category","embeddable":true,"href":"https:\/\/radiorevelacionfm.cl\/index.php?rest_route=%2Fwp%2Fv2%2Fcategories&post=52050"},{"taxonomy":"post_tag","embeddable":true,"href":"https:\/\/radiorevelacionfm.cl\/index.php?rest_route=%2Fwp%2Fv2%2Ftags&post=52050"}],"curies":[{"name":"wp","href":"https:\/\/api.w.org\/{rel}","templated":true}]}}