{"id":52044,"date":"2025-04-01T15:37:33","date_gmt":"2025-04-01T18:37:33","guid":{"rendered":"https:\/\/radiorevelacionfm.cl\/?p=52044"},"modified":"2025-04-01T15:45:33","modified_gmt":"2025-04-01T18:45:33","slug":"prosigue-rebusca-de-tripulante-desaparecido-en-area-de-melinka","status":"publish","type":"post","link":"https:\/\/radiorevelacionfm.cl\/?p=52044","title":{"rendered":"Prosigue rebusca de tripulante desaparecido en \u00e1rea de Melinka"},"content":{"rendered":"<div class=\"flex_column av_one_full  flex_column_div av-zero-column-padding first  avia-builder-el-0  el_before_av_one_full  avia-builder-el-first  \" style='border-radius:0px; '><div  class='avia-image-container  av-styling-    avia-builder-el-1  avia-builder-el-no-sibling  avia-align-center '  itemprop=\"image\" itemscope=\"itemscope\" itemtype=\"https:\/\/schema.org\/ImageObject\"  ><div class='avia-image-container-inner'><div class='avia-image-overlay-wrap'><img decoding=\"async\" class='wp-image-52045 avia-img-lazy-loading-not-52045 avia_image' src=\"https:\/\/radiorevelacionfm.cl\/wp-content\/uploads\/2025\/04\/Armada-31.03.25-1-1.jpeg\" alt='' title='Armada 31.03.25 (1) (1)' height=\"785\" width=\"803\"  itemprop=\"thumbnailUrl\" srcset=\"https:\/\/radiorevelacionfm.cl\/wp-content\/uploads\/2025\/04\/Armada-31.03.25-1-1.jpeg 803w, https:\/\/radiorevelacionfm.cl\/wp-content\/uploads\/2025\/04\/Armada-31.03.25-1-1-300x293.jpeg 300w, https:\/\/radiorevelacionfm.cl\/wp-content\/uploads\/2025\/04\/Armada-31.03.25-1-1-768x751.jpeg 768w, https:\/\/radiorevelacionfm.cl\/wp-content\/uploads\/2025\/04\/Armada-31.03.25-1-1-36x36.jpeg 36w, https:\/\/radiorevelacionfm.cl\/wp-content\/uploads\/2025\/04\/Armada-31.03.25-1-1-705x689.jpeg 705w, https:\/\/radiorevelacionfm.cl\/wp-content\/uploads\/2025\/04\/Armada-31.03.25-1-1-450x440.jpeg 450w, https:\/\/radiorevelacionfm.cl\/wp-content\/uploads\/2025\/04\/Armada-31.03.25-1-1-600x587.jpeg 600w\" sizes=\"(max-width: 803px) 100vw, 803px\" \/><\/div><\/div><\/div><\/div>\n<div class=\"flex_column av_one_full  flex_column_div av-zero-column-padding first  avia-builder-el-2  el_after_av_one_full  el_before_av_one_full  column-top-margin\" style='border-radius:0px; '><section class=\"av_textblock_section \"  itemscope=\"itemscope\" itemtype=\"https:\/\/schema.org\/BlogPosting\" itemprop=\"blogPost\" ><div class='avia_textblock  '   itemprop=\"text\" ><p style=\"text-align: center;\"><strong><span style=\"font-size: 18pt;\">Prosigue rebusca de tripulante desaparecido en \u00e1rea de Melinka<\/span><\/strong><\/p>\n<\/div><\/section><\/div>\n<div class=\"flex_column av_one_full  flex_column_div av-zero-column-padding first  avia-builder-el-4  el_after_av_one_full  el_before_av_hr  column-top-margin\" style='border-radius:0px; '><section class=\"av_textblock_section \"  itemscope=\"itemscope\" itemtype=\"https:\/\/schema.org\/BlogPosting\" itemprop=\"blogPost\" ><div class='avia_textblock  '   itemprop=\"text\" ><p style=\"text-align: justify;\"><em>La Autoridad Mar\u00edtima ha desplegado diversos medios en el operativo de b\u00fasqueda.<\/em><\/p>\n<p style=\"text-align: justify;\">A primera hora de este lunes, se retomaron las labores de rebusca del tripulante que se encuentra desaparecido desde el pasado s\u00e1bado tras zarpar a bordo de una embarcaci\u00f3n menor desde el sector Repollal en la Regi\u00f3n de Ays\u00e9n, con destino a la isla de Melinka, en la comuna de Guaitecas, pese a que el puerto se encontraba cerrado por mal tiempo.<\/p>\n<p style=\"text-align: justify;\">El Capit\u00e1n de Puerto de Melinka, Teniente Primero Litoral Juan Pablo Allendes, detall\u00f3 que este lunes corresponde al segundo d\u00eda de operaciones de rebusca en el sector del canal Lagreze, luego que en dicha \u00e1rea se encontrara vac\u00eda la embarcaci\u00f3n.<\/p>\n<p style=\"text-align: justify;\">\u00abPor los modelos entregados de parte de la Gobernaci\u00f3n Mar\u00edtima para apoyar la rebusca, hoy se van a enfocar los esfuerzos en la desembocadura este del canal por la costa norte principalmente y de forma secundaria en la costa sur\u00bb, a\u00f1adi\u00f3 el Capit\u00e1n de Puerto.<\/p>\n<p style=\"text-align: justify;\">El Oficial agreg\u00f3 finalmente, que el trabajo terrestre estar\u00e1 a cargo de Bomberos, Carabineros y municipalidad; mientras que las labores mar\u00edtimas est\u00e1n siendo apoyadas por un bote goma y una lancha patrullera, con dos especialistas en buceo a bordo. Adem\u00e1s, se sumaron siete embarcaciones particulares y nueve buzos civiles, quienes corresponden a vecinos.<\/p>\n<\/div><\/section><\/div><div  style='height:50px' class='hr hr-invisible   avia-builder-el-6  el_after_av_one_full  el_before_av_social_share '><span class='hr-inner ' ><span class='hr-inner-style'><\/span><\/span><\/div><\/p>\n<div  class='av-social-sharing-box  avia-builder-el-7  el_after_av_hr  el_before_av_hr  '><div class='av-share-box'><h5 class='av-share-link-description av-no-toc '>Compartir esta noticia<\/h5><ul class='av-share-box-list noLightbox'><li class='av-share-link av-social-link-facebook' ><a target=\"_blank\" aria-label=\"Compartir en Facebook\" href='https:\/\/www.facebook.com\/sharer.php?u=https:\/\/radiorevelacionfm.cl\/?p=52044&#038;t=Prosigue%20rebusca%20de%20tripulante%20desaparecido%20en%20%C3%A1rea%20de%20Melinka' aria-hidden='false' data-av_icon='\ue8f3' data-av_iconfont='entypo-fontello' title='' data-avia-related-tooltip='Compartir en Facebook' rel=\"noopener\"><span class='avia_hidden_link_text'>Compartir en Facebook<\/span><\/a><\/li><li class='av-share-link av-social-link-twitter' ><a target=\"_blank\" aria-label=\"Compartir en Twitter\" href='https:\/\/twitter.com\/share?text=Prosigue%20rebusca%20de%20tripulante%20desaparecido%20en%20%C3%A1rea%20de%20Melinka&#038;url=https:\/\/radiorevelacionfm.cl\/?p=52044' aria-hidden='false' data-av_icon='\ue8f1' data-av_iconfont='entypo-fontello' title='' data-avia-related-tooltip='Compartir en Twitter' rel=\"noopener\"><span class='avia_hidden_link_text'>Compartir en Twitter<\/span><\/a><\/li><li class='av-share-link av-social-link-whatsapp' ><a target=\"_blank\" aria-label=\"Compartir en Whatsapp\" href='https:\/\/api.whatsapp.com\/send?text=https:\/\/radiorevelacionfm.cl\/?p=52044' aria-hidden='false' data-av_icon='\uf232' data-av_iconfont='entypo-fontello' title='' data-avia-related-tooltip='Compartir en Whatsapp' rel=\"noopener\"><span class='avia_hidden_link_text'>Compartir en Whatsapp<\/span><\/a><\/li><li class='av-share-link av-social-link-linkedin' ><a target=\"_blank\" aria-label=\"Compartir en LinkedIn\" href='https:\/\/linkedin.com\/shareArticle?mini=true&#038;title=Prosigue%20rebusca%20de%20tripulante%20desaparecido%20en%20%C3%A1rea%20de%20Melinka&#038;url=https:\/\/radiorevelacionfm.cl\/?p=52044' aria-hidden='false' data-av_icon='\ue8fc' data-av_iconfont='entypo-fontello' title='' data-avia-related-tooltip='Compartir en LinkedIn' rel=\"noopener\"><span class='avia_hidden_link_text'>Compartir en LinkedIn<\/span><\/a><\/li><li class='av-share-link av-social-link-mail' ><a  aria-label=\"Compartir por correo\" href='mailto:?subject=Prosigue%20rebusca%20de%20tripulante%20desaparecido%20en%20%C3%A1rea%20de%20Melinka&#038;body=https:\/\/radiorevelacionfm.cl\/?p=52044' aria-hidden='false' data-av_icon='\ue805' data-av_iconfont='entypo-fontello' title='' data-avia-related-tooltip='Compartir por correo'><span class='avia_hidden_link_text'>Compartir por correo<\/span><\/a><\/li><\/ul><\/div><\/div>\n<div  style='height:50px' class='hr hr-invisible   avia-builder-el-8  el_after_av_social_share  el_before_av_comments_list '><span class='hr-inner ' ><span class='hr-inner-style'><\/span><\/span><\/div>\n<div  class='av-buildercomment  av-blog-meta-html-info-disabled av-blog-meta-tag-disabled  '><\/div>\n","protected":false},"excerpt":{"rendered":"","protected":false},"author":1,"featured_media":52045,"comment_status":"closed","ping_status":"closed","sticky":false,"template":"","format":"standard","meta":{"footnotes":""},"categories":[38],"tags":[],"class_list":["post-52044","post","type-post","status-publish","format-standard","has-post-thumbnail","hentry","category-regional"],"jetpack_featured_media_url":"https:\/\/radiorevelacionfm.cl\/wp-content\/uploads\/2025\/04\/Armada-31.03.25-1-1.jpeg","_links":{"self":[{"href":"https:\/\/radiorevelacionfm.cl\/index.php?rest_route=\/wp\/v2\/posts\/52044","targetHints":{"allow":["GET"]}}],"collection":[{"href":"https:\/\/radiorevelacionfm.cl\/index.php?rest_route=\/wp\/v2\/posts"}],"about":[{"href":"https:\/\/radiorevelacionfm.cl\/index.php?rest_route=\/wp\/v2\/types\/post"}],"author":[{"embeddable":true,"href":"https:\/\/radiorevelacionfm.cl\/index.php?rest_route=\/wp\/v2\/users\/1"}],"replies":[{"embeddable":true,"href":"https:\/\/radiorevelacionfm.cl\/index.php?rest_route=%2Fwp%2Fv2%2Fcomments&post=52044"}],"version-history":[{"count":3,"href":"https:\/\/radiorevelacionfm.cl\/index.php?rest_route=\/wp\/v2\/posts\/52044\/revisions"}],"predecessor-version":[{"id":52048,"href":"https:\/\/radiorevelacionfm.cl\/index.php?rest_route=\/wp\/v2\/posts\/52044\/revisions\/52048"}],"wp:featuredmedia":[{"embeddable":true,"href":"https:\/\/radiorevelacionfm.cl\/index.php?rest_route=\/wp\/v2\/media\/52045"}],"wp:attachment":[{"href":"https:\/\/radiorevelacionfm.cl\/index.php?rest_route=%2Fwp%2Fv2%2Fmedia&parent=52044"}],"wp:term":[{"taxonomy":"category","embeddable":true,"href":"https:\/\/radiorevelacionfm.cl\/index.php?rest_route=%2Fwp%2Fv2%2Fcategories&post=52044"},{"taxonomy":"post_tag","embeddable":true,"href":"https:\/\/radiorevelacionfm.cl\/index.php?rest_route=%2Fwp%2Fv2%2Ftags&post=52044"}],"curies":[{"name":"wp","href":"https:\/\/api.w.org\/{rel}","templated":true}]}}