{"id":52041,"date":"2025-04-05T22:10:55","date_gmt":"2025-04-06T01:10:55","guid":{"rendered":"https:\/\/radiorevelacionfm.cl\/?p=52041"},"modified":"2025-04-05T22:10:55","modified_gmt":"2025-04-06T01:10:55","slug":"crece-la-economia-en-chile","status":"publish","type":"post","link":"https:\/\/radiorevelacionfm.cl\/?p=52041","title":{"rendered":"Crece la econom\u00eda en Chile"},"content":{"rendered":"<div class=\"flex_column av_one_full  flex_column_div av-zero-column-padding first  avia-builder-el-0  el_before_av_one_full  avia-builder-el-first  \" style='border-radius:0px; '><div  class='avia-image-container  av-styling-    avia-builder-el-1  avia-builder-el-no-sibling  avia-align-center '  itemprop=\"image\" itemscope=\"itemscope\" itemtype=\"https:\/\/schema.org\/ImageObject\"  ><div class='avia-image-container-inner'><div class='avia-image-overlay-wrap'><img decoding=\"async\" class='wp-image-52042 avia-img-lazy-loading-not-52042 avia_image' src=\"https:\/\/radiorevelacionfm.cl\/wp-content\/uploads\/2025\/04\/seremis-economia-y-gobierno-1_optimized.jpeg\" alt='' title='seremis-econom\u00eda-y-gobierno-(1)_optimized' height=\"650\" width=\"802\"  itemprop=\"thumbnailUrl\" srcset=\"https:\/\/radiorevelacionfm.cl\/wp-content\/uploads\/2025\/04\/seremis-economia-y-gobierno-1_optimized.jpeg 802w, https:\/\/radiorevelacionfm.cl\/wp-content\/uploads\/2025\/04\/seremis-economia-y-gobierno-1_optimized-300x243.jpeg 300w, https:\/\/radiorevelacionfm.cl\/wp-content\/uploads\/2025\/04\/seremis-economia-y-gobierno-1_optimized-768x622.jpeg 768w, https:\/\/radiorevelacionfm.cl\/wp-content\/uploads\/2025\/04\/seremis-economia-y-gobierno-1_optimized-495x400.jpeg 495w, https:\/\/radiorevelacionfm.cl\/wp-content\/uploads\/2025\/04\/seremis-economia-y-gobierno-1_optimized-705x571.jpeg 705w, https:\/\/radiorevelacionfm.cl\/wp-content\/uploads\/2025\/04\/seremis-economia-y-gobierno-1_optimized-450x365.jpeg 450w, https:\/\/radiorevelacionfm.cl\/wp-content\/uploads\/2025\/04\/seremis-economia-y-gobierno-1_optimized-600x486.jpeg 600w\" sizes=\"(max-width: 802px) 100vw, 802px\" \/><\/div><\/div><\/div><\/div><div class=\"flex_column av_one_full  flex_column_div av-zero-column-padding first  avia-builder-el-2  el_after_av_one_full  el_before_av_one_full  column-top-margin\" style='border-radius:0px; '><section class=\"av_textblock_section \"  itemscope=\"itemscope\" itemtype=\"https:\/\/schema.org\/BlogPosting\" itemprop=\"blogPost\" ><div class='avia_textblock  '   itemprop=\"text\" ><p style=\"text-align: center;\"><strong><span style=\"font-size: 18pt;\">Crece la econom\u00eda en Chile<\/span><\/strong><\/p>\n<div id=\"gtx-trans\" style=\"position: absolute; left: -50px; top: 4.31534px;\">\n<div class=\"gtx-trans-icon\"><\/div>\n<\/div>\n<\/div><\/section><\/div><div class=\"flex_column av_one_full  flex_column_div av-zero-column-padding first  avia-builder-el-4  el_after_av_one_full  el_before_av_hr  column-top-margin\" style='border-radius:0px; '><section class=\"av_textblock_section \"  itemscope=\"itemscope\" itemtype=\"https:\/\/schema.org\/BlogPosting\" itemprop=\"blogPost\" ><div class='avia_textblock  '   itemprop=\"text\" ><p style=\"text-align: justify;\">El \u00faltimo informe del Banco Central sobre las Cuentas Nacionales Trimestrales ha revelado un notable crecimiento en la actividad econ\u00f3mica de Chile, favorecido especialmente por sectores estrat\u00e9gicos. El Seremi de Econom\u00eda, Felipe Rojas, corrobor\u00f3 esta informaci\u00f3n, se\u00f1alando que \u201cel Banco Central de Chile present\u00f3 las cifras de crecimiento para la econom\u00eda nacional. Es as\u00ed como el a\u00f1o 2024 hubo un crecimiento de 2,6% impulsado principalmente por la miner\u00eda, comercio, los servicios personales y el transporte. Mientras que, en la perspectiva del gasto, que es otra forma de observar el crecimiento, destacaron fuertemente las exportaciones con un crecimiento del 6,6%, e inversi\u00f3n, relevante para el crecimiento a largo plazo, con un incremento del 1,0%. A su vez, otras cifras presentadas por el Banco Central corresponden al cuarto trimestre de 2024, sorprendiendo positivamente con un crecimiento de 4,0%, explicado principalmente por las exportaciones y la mayor inversi\u00f3n privada, que aument\u00f3 un 14,7%\u201d.<\/p>\n<p style=\"text-align: justify;\">Por otra parte, la Seremi de Gobierno, \u00darsula Mix Jim\u00e9nez dio cuenta de la importancia de impulsar la econom\u00eda en sectores claves \u201cel Gobierno debe mantener un enfoque sostenible y diversificado para asegurar que este crecimiento se mantenga. El fortalecimiento de la infraestructura y los sectores estrat\u00e9gicos es fundamental, as\u00ed como mantener la inversi\u00f3n en \u00e1reas que den un impulso a la econom\u00eda en la regi\u00f3n de Ays\u00e9n a largo plazo\u201d, se\u00f1al\u00f3.<\/p>\n<p style=\"text-align: justify;\">Es importante se\u00f1alar los avances que se contemplan en infraestructura con la implementaci\u00f3n de la cartera regional de obras p\u00fablicas, lo que fue destacado por la Seremi de Obras P\u00fablicas Paloma Jara: \u201cLos avances en ejecuci\u00f3n presupuestaria para el a\u00f1o 2025 ya son significativos en la regi\u00f3n superando un 20%, una cifra que es mayor a la de a\u00f1os anteriores. Tambi\u00e9n destacamos nuestro trabajo que hemos realizado a trav\u00e9s de la Direcci\u00f3n de Vialidad en la conservaci\u00f3n vial , pero tambi\u00e9n los nuevos proyectos y aquellos que se han retomado luego de la pandemia, tales como el acceso norte a Coyhaique, la rotonda Ays\u00e9n (&#8230;) Estamos retomando los contratos de ruta 7 despu\u00e9s de cuatro a\u00f1os pudimos adjudicar el primer contrato que es el tramo Confluencia Chacabuco, 17 km que vienen a dar mejor conectividad a la comuna de Cochrane, a la provincia de Capit\u00e1n Prat. Y por el otro extremo, en el norte, tenemos los Puentes Palena y Rosselot, dos puentes que van a cambiar la forma en que llegamos a nuestra regi\u00f3n, la forma en la que nos abastecemos y de esta forma hacer y poder mejorar la vida de todas las personas que habitan en la regi\u00f3n de Ays\u00e9n.<\/p>\n<p style=\"text-align: justify;\">El Ministro de Transportes y Comunicaciones destac\u00f3 recientemente el papel crucial del sistema log\u00edstico portuario en el crecimiento econ\u00f3mico del pa\u00eds, poniendo especial \u00e9nfasis en su importancia para garantizar el abastecimiento a lo largo del territorio nacional. En este contexto, el Seremi de Transportes y Telecomunicaciones, Hans Zimmermann, subray\u00f3 que el sector de transportes es un componente esencial no solo para la movilizaci\u00f3n de personas, sino tambi\u00e9n como un engranaje clave en la cadena log\u00edstica. \u201cEl aporte del rubro de transportes es esencial para cualquier econom\u00eda, ya que no solo consiste en la movilizaci\u00f3n de personas, sino que es un engranaje clave para el funcionamiento de la cadena log\u00edstica y el abastecimiento del territorio nacional\u00bb, indic\u00f3.<\/p>\n<p style=\"text-align: justify;\">Zimmermann tambi\u00e9n hizo hincapi\u00e9 en la relevancia de este sector en zonas aisladas como la regi\u00f3n de Ays\u00e9n, donde la conectividad es fundamental para el desarrollo local. Explic\u00f3 que los subsidios de transporte var\u00edan desde peque\u00f1os servicios rurales hasta grandes buques de carga, y que en el \u00faltimo a\u00f1o se han incrementado las frecuencias y capacidades de transporte. \u00abDurante el \u00faltimo a\u00f1o se han aumentado las frecuencias de viaje y por lo tanto la capacidad de carga de servicios&#8230; como el que opera en el litoral norte, que conecta la regi\u00f3n de los Lagos desde el puerto de Quell\u00f3n hacia la regi\u00f3n de Ays\u00e9n\u00bb, destac\u00f3. Adem\u00e1s, se\u00f1al\u00f3 la reciente incorporaci\u00f3n de una nueva barcaza en el tramo Puerto Chacabuco-Puerto Aguirre, lo que permitir\u00e1 el transporte de recursos pesqueros y combustibles, vitales para las econom\u00edas locales de comunidades en zonas aisladas.<\/p>\n<p style=\"text-align: justify;\">Este dinamismo en la actividad econ\u00f3mica es un indicio prometedor para la econom\u00eda en el pa\u00eds. Con un enfoque firme en la reactivaci\u00f3n y el crecimiento sostenido, el Gobierno contin\u00faa implementando pol\u00edticas econ\u00f3micas que buscan consolidar los avances logrados. A medida que estas estrategias sigan fortaleci\u00e9ndose, se espera que los indicadores clave mejoren en el futuro cercano, con la estabilidad y el compromiso del Ejecutivo como pilares esenciales para asegurar el \u00e9xito de estos esfuerzos.<\/p>\n<\/div><\/section><\/div><div  style='height:50px' class='hr hr-invisible   avia-builder-el-6  el_after_av_one_full  el_before_av_social_share '><span class='hr-inner ' ><span class='hr-inner-style'><\/span><\/span><\/div><\/p>\n<div  class='av-social-sharing-box  avia-builder-el-7  el_after_av_hr  el_before_av_hr  '><div class='av-share-box'><h5 class='av-share-link-description av-no-toc '>Compartir esta noticia<\/h5><ul class='av-share-box-list noLightbox'><li class='av-share-link av-social-link-facebook' ><a target=\"_blank\" aria-label=\"Compartir en Facebook\" href='https:\/\/www.facebook.com\/sharer.php?u=https:\/\/radiorevelacionfm.cl\/?p=52041&#038;t=Crece%20la%20econom%C3%ADa%20en%20Chile' aria-hidden='false' data-av_icon='\ue8f3' data-av_iconfont='entypo-fontello' title='' data-avia-related-tooltip='Compartir en Facebook' rel=\"noopener\"><span class='avia_hidden_link_text'>Compartir en Facebook<\/span><\/a><\/li><li class='av-share-link av-social-link-twitter' ><a target=\"_blank\" aria-label=\"Compartir en Twitter\" href='https:\/\/twitter.com\/share?text=Crece%20la%20econom%C3%ADa%20en%20Chile&#038;url=https:\/\/radiorevelacionfm.cl\/?p=52041' aria-hidden='false' data-av_icon='\ue8f1' data-av_iconfont='entypo-fontello' title='' data-avia-related-tooltip='Compartir en Twitter' rel=\"noopener\"><span class='avia_hidden_link_text'>Compartir en Twitter<\/span><\/a><\/li><li class='av-share-link av-social-link-whatsapp' ><a target=\"_blank\" aria-label=\"Compartir en Whatsapp\" href='https:\/\/api.whatsapp.com\/send?text=https:\/\/radiorevelacionfm.cl\/?p=52041' aria-hidden='false' data-av_icon='\uf232' data-av_iconfont='entypo-fontello' title='' data-avia-related-tooltip='Compartir en Whatsapp' rel=\"noopener\"><span class='avia_hidden_link_text'>Compartir en Whatsapp<\/span><\/a><\/li><li class='av-share-link av-social-link-linkedin' ><a target=\"_blank\" aria-label=\"Compartir en LinkedIn\" href='https:\/\/linkedin.com\/shareArticle?mini=true&#038;title=Crece%20la%20econom%C3%ADa%20en%20Chile&#038;url=https:\/\/radiorevelacionfm.cl\/?p=52041' aria-hidden='false' data-av_icon='\ue8fc' data-av_iconfont='entypo-fontello' title='' data-avia-related-tooltip='Compartir en LinkedIn' rel=\"noopener\"><span class='avia_hidden_link_text'>Compartir en LinkedIn<\/span><\/a><\/li><li class='av-share-link av-social-link-mail' ><a  aria-label=\"Compartir por correo\" href='mailto:?subject=Crece%20la%20econom%C3%ADa%20en%20Chile&#038;body=https:\/\/radiorevelacionfm.cl\/?p=52041' aria-hidden='false' data-av_icon='\ue805' data-av_iconfont='entypo-fontello' title='' data-avia-related-tooltip='Compartir por correo'><span class='avia_hidden_link_text'>Compartir por correo<\/span><\/a><\/li><\/ul><\/div><\/div>\n<div  style='height:50px' class='hr hr-invisible   avia-builder-el-8  el_after_av_social_share  el_before_av_comments_list '><span class='hr-inner ' ><span class='hr-inner-style'><\/span><\/span><\/div>\n<div  class='av-buildercomment  av-blog-meta-html-info-disabled av-blog-meta-tag-disabled  '><\/div>\n","protected":false},"excerpt":{"rendered":"","protected":false},"author":1,"featured_media":52042,"comment_status":"closed","ping_status":"closed","sticky":false,"template":"","format":"standard","meta":{"footnotes":""},"categories":[38],"tags":[],"class_list":["post-52041","post","type-post","status-publish","format-standard","has-post-thumbnail","hentry","category-regional"],"jetpack_featured_media_url":"https:\/\/radiorevelacionfm.cl\/wp-content\/uploads\/2025\/04\/seremis-economia-y-gobierno-1_optimized.jpeg","_links":{"self":[{"href":"https:\/\/radiorevelacionfm.cl\/index.php?rest_route=\/wp\/v2\/posts\/52041","targetHints":{"allow":["GET"]}}],"collection":[{"href":"https:\/\/radiorevelacionfm.cl\/index.php?rest_route=\/wp\/v2\/posts"}],"about":[{"href":"https:\/\/radiorevelacionfm.cl\/index.php?rest_route=\/wp\/v2\/types\/post"}],"author":[{"embeddable":true,"href":"https:\/\/radiorevelacionfm.cl\/index.php?rest_route=\/wp\/v2\/users\/1"}],"replies":[{"embeddable":true,"href":"https:\/\/radiorevelacionfm.cl\/index.php?rest_route=%2Fwp%2Fv2%2Fcomments&post=52041"}],"version-history":[{"count":2,"href":"https:\/\/radiorevelacionfm.cl\/index.php?rest_route=\/wp\/v2\/posts\/52041\/revisions"}],"predecessor-version":[{"id":52243,"href":"https:\/\/radiorevelacionfm.cl\/index.php?rest_route=\/wp\/v2\/posts\/52041\/revisions\/52243"}],"wp:featuredmedia":[{"embeddable":true,"href":"https:\/\/radiorevelacionfm.cl\/index.php?rest_route=\/wp\/v2\/media\/52042"}],"wp:attachment":[{"href":"https:\/\/radiorevelacionfm.cl\/index.php?rest_route=%2Fwp%2Fv2%2Fmedia&parent=52041"}],"wp:term":[{"taxonomy":"category","embeddable":true,"href":"https:\/\/radiorevelacionfm.cl\/index.php?rest_route=%2Fwp%2Fv2%2Fcategories&post=52041"},{"taxonomy":"post_tag","embeddable":true,"href":"https:\/\/radiorevelacionfm.cl\/index.php?rest_route=%2Fwp%2Fv2%2Ftags&post=52041"}],"curies":[{"name":"wp","href":"https:\/\/api.w.org\/{rel}","templated":true}]}}