{"id":52034,"date":"2025-04-01T15:06:53","date_gmt":"2025-04-01T18:06:53","guid":{"rendered":"https:\/\/radiorevelacionfm.cl\/?p=52034"},"modified":"2025-04-01T15:06:53","modified_gmt":"2025-04-01T18:06:53","slug":"mujeres-de-la-pesca-artesanal-fueron-reconocidas-en-mes-de-la-mujer","status":"publish","type":"post","link":"https:\/\/radiorevelacionfm.cl\/?p=52034","title":{"rendered":"Mujeres de la pesca artesanal fueron reconocidas en mes de la Mujer"},"content":{"rendered":"<div class=\"flex_column av_one_full  flex_column_div av-zero-column-padding first  avia-builder-el-0  el_before_av_one_full  avia-builder-el-first  \" style='border-radius:0px; '><div  class='avia-image-container  av-styling-    avia-builder-el-1  avia-builder-el-no-sibling  avia-align-center '  itemprop=\"image\" itemscope=\"itemscope\" itemtype=\"https:\/\/schema.org\/ImageObject\"  ><div class='avia-image-container-inner'><div class='avia-image-overlay-wrap'><img decoding=\"async\" class='wp-image-52035 avia-img-lazy-loading-not-52035 avia_image' src=\"https:\/\/radiorevelacionfm.cl\/wp-content\/uploads\/2025\/04\/foto-reconicimiento-mujeres-pesca-artesanal-1_optimized.jpg\" alt='' title='foto-reconicimiento-mujeres-pesca-artesanal-(1)_optimized' height=\"600\" width=\"900\"  itemprop=\"thumbnailUrl\" srcset=\"https:\/\/radiorevelacionfm.cl\/wp-content\/uploads\/2025\/04\/foto-reconicimiento-mujeres-pesca-artesanal-1_optimized.jpg 900w, https:\/\/radiorevelacionfm.cl\/wp-content\/uploads\/2025\/04\/foto-reconicimiento-mujeres-pesca-artesanal-1_optimized-300x200.jpg 300w, https:\/\/radiorevelacionfm.cl\/wp-content\/uploads\/2025\/04\/foto-reconicimiento-mujeres-pesca-artesanal-1_optimized-768x512.jpg 768w, https:\/\/radiorevelacionfm.cl\/wp-content\/uploads\/2025\/04\/foto-reconicimiento-mujeres-pesca-artesanal-1_optimized-705x470.jpg 705w, https:\/\/radiorevelacionfm.cl\/wp-content\/uploads\/2025\/04\/foto-reconicimiento-mujeres-pesca-artesanal-1_optimized-450x300.jpg 450w, https:\/\/radiorevelacionfm.cl\/wp-content\/uploads\/2025\/04\/foto-reconicimiento-mujeres-pesca-artesanal-1_optimized-600x400.jpg 600w\" sizes=\"(max-width: 900px) 100vw, 900px\" \/><\/div><\/div><\/div><\/div><div class=\"flex_column av_one_full  flex_column_div av-zero-column-padding first  avia-builder-el-2  el_after_av_one_full  el_before_av_one_full  column-top-margin\" style='border-radius:0px; '><section class=\"av_textblock_section \"  itemscope=\"itemscope\" itemtype=\"https:\/\/schema.org\/BlogPosting\" itemprop=\"blogPost\" ><div class='avia_textblock  '   itemprop=\"text\" ><p style=\"text-align: center;\"><strong><span style=\"font-size: 18pt;\">Mujeres de la pesca artesanal fueron reconocidas en mes de la Mujer <\/span><\/strong><\/p>\n<div id=\"gtx-trans\" style=\"position: absolute; left: -50px; top: 4.31534px;\">\n<div class=\"gtx-trans-icon\"><\/div>\n<\/div>\n<\/div><\/section><\/div><div class=\"flex_column av_one_full  flex_column_div av-zero-column-padding first  avia-builder-el-4  el_after_av_one_full  el_before_av_hr  column-top-margin\" style='border-radius:0px; '><section class=\"av_textblock_section \"  itemscope=\"itemscope\" itemtype=\"https:\/\/schema.org\/BlogPosting\" itemprop=\"blogPost\" ><div class='avia_textblock  '   itemprop=\"text\" ><p style=\"text-align: justify;\">Este martes se realiz\u00f3 actividad para mujeres del mar de la caleta de Ays\u00e9n con la finalidad de valorar su trabajo e impulsar la conectividad entre ellas. Este desayuno en el marco de la conmemoraci\u00f3n del mes de la Mujer, estuvo lleno de risas, reflexiones, m\u00fasica y reconocimientos.<\/p>\n<p style=\"text-align: justify;\">Durante la actividad estuvo presente el Delegado Presidencial provincial de Ays\u00e9n, Rodrigo Moreno Rivera, adem\u00e1s de Sernapesca, Mar\u00eda In\u00e9s Apablaza, la Seremi de la Mujer, Isidora Gacit\u00faa, la Directora de IFOP, Alejandra Lafon y el apoyo t\u00e9cnico en materia de genero para la mesa regional de Pesca Artesanal, Catalina Olavarr\u00eda.<\/p>\n<p style=\"text-align: justify;\">Isidora Gacit\u00faa Goles, se\u00f1al\u00f3 sobre la actividad, Este martes estuvimos junto con Delegaci\u00f3n Presidencial Provincial de Ays\u00e9n, Subpesca y Sernapesca en un encuentro con mujeres de la pesca artesanal en el marco del mes de la mujer. Relevar la presencia de mujeres en la pesca es fundamental, pues ellas a trav\u00e9s de sus experiencias han ido abriendo camino para otras generaciones de mujeres en espacios que hist\u00f3ricamente han sido de hombres. Pudimos acompa\u00f1ar tambi\u00e9n en el reconocimiento a tres mujeres que se han destacado en este camino y que, a trav\u00e9s de su historia inspiran a muchas mujeres a seguir avanzando para disminuir las brechas de g\u00e9nero en la regi\u00f3n de Ays\u00e9n\u201d.<\/p>\n<p style=\"text-align: justify;\">\u201cEn el marco de la conmemoraci\u00f3n del 8M la Direcci\u00f3n Zonal de Pesca de Ays\u00e9n organiz\u00f3 en conjunto con el Servicio Nacional de Pesca, IFOP, Aquachile y la Delegaci\u00f3n Presidencial Provincial, una actividad de conmemoraci\u00f3n y reconocimiento a las mujeres pescadoras de la Caleta de Ays\u00e9n. Esta actividad ayud\u00f3 a fortalecer los lazos de confianza y cooperaci\u00f3n entre las pescadoras artesanales y las autoridades que integran la mesa Regional de la Mujer en la Pesca Artesanal de la Regi\u00f3n de Ays\u00e9n. Estamos contentos con el resultado y esperamos poder seguir trabajando en el desarrollo y reconocimiento de nuestras usuarias, dando respuestas concretas a sus solicitudes y articulando acciones con los servicios p\u00fablicos. Esperamos seguir avanzando en distintas instancias no solo con la Caleta de Ays\u00e9n sino con todas las caletas de la Regi\u00f3n\u201d, recalc\u00f3, Catalina Olavarr\u00eda Administrativa y apoyo T\u00e9cnico en materia de G\u00e9nero de la Mesa Regional de mujeres en la Pesca Artesanal y actividades Conexas.<\/p>\n<p style=\"text-align: justify;\">Mar\u00eda In\u00e9s Apablaza, la Directora de Finanzas de Sernapesca, se\u00f1al\u00f3 que,\u00bb En el marco del mes de la mujer, Sernapesca quiso destacar la labor de las mujeres pescadores de la caleta de Puerto Ays\u00e9n, quienes realzan la actividad de la pesca artesanal\u201d.<\/p>\n<p style=\"text-align: justify;\">Rodrigo Moreno Rivera, \u00a0Delegado Presidencial Provincial de Ays\u00e9n, afirm\u00f3 que, \u201cEste encuentro que realizamos como reconocimiento para las mujeres del Mar nos inspira a continuar realizando acciones y gestiones necesarias para las mujeres que d\u00eda a d\u00eda se esfuerzan y salen a realizar su trabajo en el Mar, un trabajo con gran reconocimiento y que permite trasmitir un valor cultural para nuestra provincia de generaci\u00f3n en generaci\u00f3n\u201d.<\/p>\n<p style=\"text-align: justify;\">Frida Miranda Vidal, mujer pescadora, se\u00f1al\u00f3 que, \u201cEl d\u00eda de hoy fue una gran sorpresa para todas las mujeres pescadoras, y como vieron, con diferencias de edad, actualmente somos\u00a0 pocas las que salimos al mar. Para m\u00ed la pesca es lo m\u00e1ximo, porque uno hace lo que quiere, es lo mejor andar pescando, disfrutando el mar, porque all\u00ed yo me siento libre como un p\u00e1jaro\u201d.<\/p>\n<p style=\"text-align: justify;\">Marisol Antipani Bustamante, Dirigenta de la Mesa de la Mujer, nos coment\u00f3 que, \u201cfue una excelente actividad, que se debe volver a repetir, salimos de la casa con mi mam\u00e1 que tambi\u00e9n es pescadora artesanal, jubilada, que me ense\u00f1o todo este oficio. Agradecemos este espacio de reconocimiento y de reflexi\u00f3n frente a las mujeres del mar\u201d.<\/p>\n<\/div><\/section><\/div><div  style='height:50px' class='hr hr-invisible   avia-builder-el-6  el_after_av_one_full  el_before_av_social_share '><span class='hr-inner ' ><span class='hr-inner-style'><\/span><\/span><\/div><\/p>\n<div  class='av-social-sharing-box  avia-builder-el-7  el_after_av_hr  el_before_av_hr  '><div class='av-share-box'><h5 class='av-share-link-description av-no-toc '>Compartir esta noticia<\/h5><ul class='av-share-box-list noLightbox'><li class='av-share-link av-social-link-facebook' ><a target=\"_blank\" aria-label=\"Compartir en Facebook\" href='https:\/\/www.facebook.com\/sharer.php?u=https:\/\/radiorevelacionfm.cl\/?p=52034&#038;t=Mujeres%20de%20la%20pesca%20artesanal%20fueron%20reconocidas%20en%20mes%20de%20la%20Mujer' aria-hidden='false' data-av_icon='\ue8f3' data-av_iconfont='entypo-fontello' title='' data-avia-related-tooltip='Compartir en Facebook' rel=\"noopener\"><span class='avia_hidden_link_text'>Compartir en Facebook<\/span><\/a><\/li><li class='av-share-link av-social-link-twitter' ><a target=\"_blank\" aria-label=\"Compartir en Twitter\" href='https:\/\/twitter.com\/share?text=Mujeres%20de%20la%20pesca%20artesanal%20fueron%20reconocidas%20en%20mes%20de%20la%20Mujer&#038;url=https:\/\/radiorevelacionfm.cl\/?p=52034' aria-hidden='false' data-av_icon='\ue8f1' data-av_iconfont='entypo-fontello' title='' data-avia-related-tooltip='Compartir en Twitter' rel=\"noopener\"><span class='avia_hidden_link_text'>Compartir en Twitter<\/span><\/a><\/li><li class='av-share-link av-social-link-whatsapp' ><a target=\"_blank\" aria-label=\"Compartir en Whatsapp\" href='https:\/\/api.whatsapp.com\/send?text=https:\/\/radiorevelacionfm.cl\/?p=52034' aria-hidden='false' data-av_icon='\uf232' data-av_iconfont='entypo-fontello' title='' data-avia-related-tooltip='Compartir en Whatsapp' rel=\"noopener\"><span class='avia_hidden_link_text'>Compartir en Whatsapp<\/span><\/a><\/li><li class='av-share-link av-social-link-linkedin' ><a target=\"_blank\" aria-label=\"Compartir en LinkedIn\" href='https:\/\/linkedin.com\/shareArticle?mini=true&#038;title=Mujeres%20de%20la%20pesca%20artesanal%20fueron%20reconocidas%20en%20mes%20de%20la%20Mujer&#038;url=https:\/\/radiorevelacionfm.cl\/?p=52034' aria-hidden='false' data-av_icon='\ue8fc' data-av_iconfont='entypo-fontello' title='' data-avia-related-tooltip='Compartir en LinkedIn' rel=\"noopener\"><span class='avia_hidden_link_text'>Compartir en LinkedIn<\/span><\/a><\/li><li class='av-share-link av-social-link-mail' ><a  aria-label=\"Compartir por correo\" href='mailto:?subject=Mujeres%20de%20la%20pesca%20artesanal%20fueron%20reconocidas%20en%20mes%20de%20la%20Mujer&#038;body=https:\/\/radiorevelacionfm.cl\/?p=52034' aria-hidden='false' data-av_icon='\ue805' data-av_iconfont='entypo-fontello' title='' data-avia-related-tooltip='Compartir por correo'><span class='avia_hidden_link_text'>Compartir por correo<\/span><\/a><\/li><\/ul><\/div><\/div>\n<div  style='height:50px' class='hr hr-invisible   avia-builder-el-8  el_after_av_social_share  el_before_av_comments_list '><span class='hr-inner ' ><span class='hr-inner-style'><\/span><\/span><\/div>\n<div  class='av-buildercomment  av-blog-meta-html-info-disabled av-blog-meta-tag-disabled  '><\/div>\n","protected":false},"excerpt":{"rendered":"","protected":false},"author":1,"featured_media":52035,"comment_status":"closed","ping_status":"closed","sticky":false,"template":"","format":"standard","meta":{"footnotes":""},"categories":[38],"tags":[],"class_list":["post-52034","post","type-post","status-publish","format-standard","has-post-thumbnail","hentry","category-regional"],"jetpack_featured_media_url":"https:\/\/radiorevelacionfm.cl\/wp-content\/uploads\/2025\/04\/foto-reconicimiento-mujeres-pesca-artesanal-1_optimized.jpg","_links":{"self":[{"href":"https:\/\/radiorevelacionfm.cl\/index.php?rest_route=\/wp\/v2\/posts\/52034","targetHints":{"allow":["GET"]}}],"collection":[{"href":"https:\/\/radiorevelacionfm.cl\/index.php?rest_route=\/wp\/v2\/posts"}],"about":[{"href":"https:\/\/radiorevelacionfm.cl\/index.php?rest_route=\/wp\/v2\/types\/post"}],"author":[{"embeddable":true,"href":"https:\/\/radiorevelacionfm.cl\/index.php?rest_route=\/wp\/v2\/users\/1"}],"replies":[{"embeddable":true,"href":"https:\/\/radiorevelacionfm.cl\/index.php?rest_route=%2Fwp%2Fv2%2Fcomments&post=52034"}],"version-history":[{"count":2,"href":"https:\/\/radiorevelacionfm.cl\/index.php?rest_route=\/wp\/v2\/posts\/52034\/revisions"}],"predecessor-version":[{"id":52040,"href":"https:\/\/radiorevelacionfm.cl\/index.php?rest_route=\/wp\/v2\/posts\/52034\/revisions\/52040"}],"wp:featuredmedia":[{"embeddable":true,"href":"https:\/\/radiorevelacionfm.cl\/index.php?rest_route=\/wp\/v2\/media\/52035"}],"wp:attachment":[{"href":"https:\/\/radiorevelacionfm.cl\/index.php?rest_route=%2Fwp%2Fv2%2Fmedia&parent=52034"}],"wp:term":[{"taxonomy":"category","embeddable":true,"href":"https:\/\/radiorevelacionfm.cl\/index.php?rest_route=%2Fwp%2Fv2%2Fcategories&post=52034"},{"taxonomy":"post_tag","embeddable":true,"href":"https:\/\/radiorevelacionfm.cl\/index.php?rest_route=%2Fwp%2Fv2%2Ftags&post=52034"}],"curies":[{"name":"wp","href":"https:\/\/api.w.org\/{rel}","templated":true}]}}