{"id":52030,"date":"2025-04-01T11:03:19","date_gmt":"2025-04-01T14:03:19","guid":{"rendered":"https:\/\/radiorevelacionfm.cl\/?p=52030"},"modified":"2025-04-01T11:03:19","modified_gmt":"2025-04-01T14:03:19","slug":"dos-exitosas-exposiciones-dan-cierre-a-proyecto-de-patrimonio-arquitectonico-y-cultural","status":"publish","type":"post","link":"https:\/\/radiorevelacionfm.cl\/?p=52030","title":{"rendered":"Dos exitosas exposiciones dan cierre a proyecto de patrimonio arquitect\u00f3nico y cultural"},"content":{"rendered":"<div class=\"flex_column av_one_full  flex_column_div av-zero-column-padding first  avia-builder-el-0  el_before_av_one_full  avia-builder-el-first  \" style='border-radius:0px; '><div  class='avia-image-container  av-styling-    avia-builder-el-1  avia-builder-el-no-sibling  avia-align-center '  itemprop=\"image\" itemscope=\"itemscope\" itemtype=\"https:\/\/schema.org\/ImageObject\"  ><div class='avia-image-container-inner'><div class='avia-image-overlay-wrap'><img decoding=\"async\" class='wp-image-52031 avia-img-lazy-loading-not-52031 avia_image' src=\"https:\/\/radiorevelacionfm.cl\/wp-content\/uploads\/2025\/04\/WhatsApp-Image-2025-03-29-at-20.18.41-1-1.jpeg\" alt='' title='WhatsApp Image 2025-03-29 at 20.18.41 (1) (1)' height=\"600\" width=\"1337\"  itemprop=\"thumbnailUrl\" srcset=\"https:\/\/radiorevelacionfm.cl\/wp-content\/uploads\/2025\/04\/WhatsApp-Image-2025-03-29-at-20.18.41-1-1.jpeg 1337w, https:\/\/radiorevelacionfm.cl\/wp-content\/uploads\/2025\/04\/WhatsApp-Image-2025-03-29-at-20.18.41-1-1-300x135.jpeg 300w, https:\/\/radiorevelacionfm.cl\/wp-content\/uploads\/2025\/04\/WhatsApp-Image-2025-03-29-at-20.18.41-1-1-1030x462.jpeg 1030w, https:\/\/radiorevelacionfm.cl\/wp-content\/uploads\/2025\/04\/WhatsApp-Image-2025-03-29-at-20.18.41-1-1-768x345.jpeg 768w, https:\/\/radiorevelacionfm.cl\/wp-content\/uploads\/2025\/04\/WhatsApp-Image-2025-03-29-at-20.18.41-1-1-705x316.jpeg 705w, https:\/\/radiorevelacionfm.cl\/wp-content\/uploads\/2025\/04\/WhatsApp-Image-2025-03-29-at-20.18.41-1-1-450x202.jpeg 450w, https:\/\/radiorevelacionfm.cl\/wp-content\/uploads\/2025\/04\/WhatsApp-Image-2025-03-29-at-20.18.41-1-1-600x269.jpeg 600w\" sizes=\"(max-width: 1337px) 100vw, 1337px\" \/><\/div><\/div><\/div><\/div><div class=\"flex_column av_one_full  flex_column_div av-zero-column-padding first  avia-builder-el-2  el_after_av_one_full  el_before_av_one_full  column-top-margin\" style='border-radius:0px; '><section class=\"av_textblock_section \"  itemscope=\"itemscope\" itemtype=\"https:\/\/schema.org\/BlogPosting\" itemprop=\"blogPost\" ><div class='avia_textblock  '   itemprop=\"text\" ><p style=\"text-align: center;\"><strong><span style=\"font-size: 18pt;\">Dos exitosas exposiciones dan cierre a proyecto de patrimonio arquitect\u00f3nico y cultural<\/span><\/strong><\/p>\n<div id=\"gtx-trans\" style=\"position: absolute; left: -50px; top: 4.31534px;\">\n<div class=\"gtx-trans-icon\"><\/div>\n<\/div>\n<\/div><\/section><\/div><div class=\"flex_column av_one_full  flex_column_div av-zero-column-padding first  avia-builder-el-4  el_after_av_one_full  el_before_av_hr  column-top-margin\" style='border-radius:0px; '><section class=\"av_textblock_section \"  itemscope=\"itemscope\" itemtype=\"https:\/\/schema.org\/BlogPosting\" itemprop=\"blogPost\" ><div class='avia_textblock  '   itemprop=\"text\" ><p style=\"text-align: justify;\"><em>\u00abHogar Hoguera, Puesta en Valor de casas Patrimoniales del Eje Fronterizo Norte de Ais\u00e9n\u00bb, busc\u00f3 registrar a trav\u00e9s de un trabajo arquitect\u00f3nico y art\u00edstico antiguas casas de las localidades de La Junta, Puyuhuapi, Puerto Ra\u00fal Mar\u00edn Balmaceda, Melinka y Lago Verde.<\/em><\/p>\n<p style=\"text-align: justify;\">Financiado por el Ministerio de las Culturas, las Artes y el Patrimonio, L\u00ednea Culturas Regionales convocatoria 2024, esta iniciativa busc\u00f3 rescatar y valorar antiguas viviendas del norte de Ays\u00e9n, que culmin\u00f3 con dos hermosas muestras en La Junta y Puerto Ra\u00fal Mar\u00edn Balmaceda. A trav\u00e9s de visitas, dibujos de los planos y conversaciones con sus habitantes se fue creando una visi\u00f3n m\u00e1s completa de este habitar y sus inmuebles muchos en riesgo de desaparecer, ya sea por el paso del tiempo, abandono, o renovaciones.<\/p>\n<p style=\"text-align: justify;\">As\u00ed lo se\u00f1ala la arquitecta y ejecutora del proyecto Javiera Carvajal Aracena, \u201cen todos los hogares est\u00e1 presente el uso de las maderas, en cada uno de nuestros registros las casas fueron edificadas en sus estructuras y revestimientos con ella, y el hecho que nuestros bosques est\u00e9n desapareciendo tanto por el uso de la le\u00f1a como por la construcci\u00f3n nos recuerda la importancia que tuvieron y siguen teniendo. Algo hermoso que pude observar tambi\u00e9n en este trabajo de ilustrar, es que cada una de las familias que visitamos al llegar a la regi\u00f3n y construir su casita, sembraron y contribuyeron al bosque, en algunas de las obras se pueden apreciar enormes \u00e1rboles nativos, adem\u00e1s de frutales como el manzano, ciruelo y cerezo y los infaltables huertos, lo que hace a\u00fan m\u00e1s loable su existencia y permanencia en el paisaje de nuestras localidades\u201d.<\/p>\n<p style=\"text-align: justify;\">Todas las viviendas representadas en el proyecto fueron moldeadas por la ceramista Paulina Pinochet, quien retrata su proceso, \u201cobservando el registro fotogr\u00e1fico de las casas visitadas por Javiera, veo el dise\u00f1o, sus formas, sus ventanas, sus puertas, sus tipos de tejuelas, cada vivienda surge desde un bloque macizo de arcilla que voy modelando en etapas, primero le doy una forma general con las manos, y poco a poco voy ahuecando y d\u00e1ndoles formas m\u00e1s definidas. Una vez que est\u00e1n secas las piezas puedo hacer el dibujo de sus tejuelas, de los marcos de sus ventanas, todos sus detalles para as\u00ed poder retratar estas antiguas viviendas, de los primeros habitantes del eje norte de la regi\u00f3n\u201d.<\/p>\n<p style=\"text-align: justify;\">Una de las asistentes a la exposici\u00f3n, Katy Newlin, coment\u00f3, \u201ccon mucha suerte encontramos esta muesta, que fue una combinaci\u00f3n entre arte y cer\u00e1mica, consideramos muy hermoso e impresionante los detalles, colores y la representaci\u00f3n que nos compartieron como comunidad, como un patrimonio de la regi\u00f3n y sus localidades, para ver las casas de otra manera, entenderlas y apreciarlas. Sin duda un trabajo incre\u00edble.\u201d.<\/p>\n<p style=\"text-align: justify;\">Hogar Hoguera, fue un proyecto ejecutado por Ruka M\u00e1gica y apoyado por La Cooperativa Ruta del Jard\u00edn Austral junto al Hotel Terrazas del Palena. Para m\u00e1s informaci\u00f3n est\u00e1 disponible la p\u00e1gina web www.australgardenroute.com\/hogar-hoguera.<\/p>\n<\/div><\/section><\/div><div  style='height:50px' class='hr hr-invisible   avia-builder-el-6  el_after_av_one_full  el_before_av_social_share '><span class='hr-inner ' ><span class='hr-inner-style'><\/span><\/span><\/div><\/p>\n<div  class='av-social-sharing-box  avia-builder-el-7  el_after_av_hr  el_before_av_hr  '><div class='av-share-box'><h5 class='av-share-link-description av-no-toc '>Compartir esta noticia<\/h5><ul class='av-share-box-list noLightbox'><li class='av-share-link av-social-link-facebook' ><a target=\"_blank\" aria-label=\"Compartir en Facebook\" href='https:\/\/www.facebook.com\/sharer.php?u=https:\/\/radiorevelacionfm.cl\/?p=52030&#038;t=Dos%20exitosas%20exposiciones%20dan%20cierre%20a%20proyecto%20de%20patrimonio%20arquitect%C3%B3nico%20y%20cultural' aria-hidden='false' data-av_icon='\ue8f3' data-av_iconfont='entypo-fontello' title='' data-avia-related-tooltip='Compartir en Facebook' rel=\"noopener\"><span class='avia_hidden_link_text'>Compartir en Facebook<\/span><\/a><\/li><li class='av-share-link av-social-link-twitter' ><a target=\"_blank\" aria-label=\"Compartir en Twitter\" href='https:\/\/twitter.com\/share?text=Dos%20exitosas%20exposiciones%20dan%20cierre%20a%20proyecto%20de%20patrimonio%20arquitect%C3%B3nico%20y%20cultural&#038;url=https:\/\/radiorevelacionfm.cl\/?p=52030' aria-hidden='false' data-av_icon='\ue8f1' data-av_iconfont='entypo-fontello' title='' data-avia-related-tooltip='Compartir en Twitter' rel=\"noopener\"><span class='avia_hidden_link_text'>Compartir en Twitter<\/span><\/a><\/li><li class='av-share-link av-social-link-whatsapp' ><a target=\"_blank\" aria-label=\"Compartir en Whatsapp\" href='https:\/\/api.whatsapp.com\/send?text=https:\/\/radiorevelacionfm.cl\/?p=52030' aria-hidden='false' data-av_icon='\uf232' data-av_iconfont='entypo-fontello' title='' data-avia-related-tooltip='Compartir en Whatsapp' rel=\"noopener\"><span class='avia_hidden_link_text'>Compartir en Whatsapp<\/span><\/a><\/li><li class='av-share-link av-social-link-linkedin' ><a target=\"_blank\" aria-label=\"Compartir en LinkedIn\" href='https:\/\/linkedin.com\/shareArticle?mini=true&#038;title=Dos%20exitosas%20exposiciones%20dan%20cierre%20a%20proyecto%20de%20patrimonio%20arquitect%C3%B3nico%20y%20cultural&#038;url=https:\/\/radiorevelacionfm.cl\/?p=52030' aria-hidden='false' data-av_icon='\ue8fc' data-av_iconfont='entypo-fontello' title='' data-avia-related-tooltip='Compartir en LinkedIn' rel=\"noopener\"><span class='avia_hidden_link_text'>Compartir en LinkedIn<\/span><\/a><\/li><li class='av-share-link av-social-link-mail' ><a  aria-label=\"Compartir por correo\" href='mailto:?subject=Dos%20exitosas%20exposiciones%20dan%20cierre%20a%20proyecto%20de%20patrimonio%20arquitect%C3%B3nico%20y%20cultural&#038;body=https:\/\/radiorevelacionfm.cl\/?p=52030' aria-hidden='false' data-av_icon='\ue805' data-av_iconfont='entypo-fontello' title='' data-avia-related-tooltip='Compartir por correo'><span class='avia_hidden_link_text'>Compartir por correo<\/span><\/a><\/li><\/ul><\/div><\/div>\n<div  style='height:50px' class='hr hr-invisible   avia-builder-el-8  el_after_av_social_share  el_before_av_comments_list '><span class='hr-inner ' ><span class='hr-inner-style'><\/span><\/span><\/div>\n<div  class='av-buildercomment  av-blog-meta-html-info-disabled av-blog-meta-tag-disabled  '><\/div>\n","protected":false},"excerpt":{"rendered":"","protected":false},"author":1,"featured_media":52031,"comment_status":"closed","ping_status":"closed","sticky":false,"template":"","format":"standard","meta":{"footnotes":""},"categories":[52],"tags":[],"class_list":["post-52030","post","type-post","status-publish","format-standard","has-post-thumbnail","hentry","category-cultura"],"jetpack_featured_media_url":"https:\/\/radiorevelacionfm.cl\/wp-content\/uploads\/2025\/04\/WhatsApp-Image-2025-03-29-at-20.18.41-1-1.jpeg","_links":{"self":[{"href":"https:\/\/radiorevelacionfm.cl\/index.php?rest_route=\/wp\/v2\/posts\/52030","targetHints":{"allow":["GET"]}}],"collection":[{"href":"https:\/\/radiorevelacionfm.cl\/index.php?rest_route=\/wp\/v2\/posts"}],"about":[{"href":"https:\/\/radiorevelacionfm.cl\/index.php?rest_route=\/wp\/v2\/types\/post"}],"author":[{"embeddable":true,"href":"https:\/\/radiorevelacionfm.cl\/index.php?rest_route=\/wp\/v2\/users\/1"}],"replies":[{"embeddable":true,"href":"https:\/\/radiorevelacionfm.cl\/index.php?rest_route=%2Fwp%2Fv2%2Fcomments&post=52030"}],"version-history":[{"count":2,"href":"https:\/\/radiorevelacionfm.cl\/index.php?rest_route=\/wp\/v2\/posts\/52030\/revisions"}],"predecessor-version":[{"id":52033,"href":"https:\/\/radiorevelacionfm.cl\/index.php?rest_route=\/wp\/v2\/posts\/52030\/revisions\/52033"}],"wp:featuredmedia":[{"embeddable":true,"href":"https:\/\/radiorevelacionfm.cl\/index.php?rest_route=\/wp\/v2\/media\/52031"}],"wp:attachment":[{"href":"https:\/\/radiorevelacionfm.cl\/index.php?rest_route=%2Fwp%2Fv2%2Fmedia&parent=52030"}],"wp:term":[{"taxonomy":"category","embeddable":true,"href":"https:\/\/radiorevelacionfm.cl\/index.php?rest_route=%2Fwp%2Fv2%2Fcategories&post=52030"},{"taxonomy":"post_tag","embeddable":true,"href":"https:\/\/radiorevelacionfm.cl\/index.php?rest_route=%2Fwp%2Fv2%2Ftags&post=52030"}],"curies":[{"name":"wp","href":"https:\/\/api.w.org\/{rel}","templated":true}]}}