{"id":52027,"date":"2025-04-02T15:00:29","date_gmt":"2025-04-02T18:00:29","guid":{"rendered":"https:\/\/radiorevelacionfm.cl\/?p=52027"},"modified":"2025-04-02T15:00:29","modified_gmt":"2025-04-02T18:00:29","slug":"2-de-abril-dia-mundial-del-autismo-la-importancia-del-diagnostico-temprano","status":"publish","type":"post","link":"https:\/\/radiorevelacionfm.cl\/?p=52027","title":{"rendered":"2 de Abril D\u00eda Mundial del Autismo: La importancia del diagn\u00f3stico temprano"},"content":{"rendered":"<div class=\"flex_column av_one_full  flex_column_div av-zero-column-padding first  avia-builder-el-0  el_before_av_one_full  avia-builder-el-first  \" style='border-radius:0px; '><div  class='avia-image-container  av-styling-    avia-builder-el-1  avia-builder-el-no-sibling  avia-align-center '  itemprop=\"image\" itemscope=\"itemscope\" itemtype=\"https:\/\/schema.org\/ImageObject\"  ><div class='avia-image-container-inner'><div class='avia-image-overlay-wrap'><img decoding=\"async\" class='wp-image-52028 avia-img-lazy-loading-not-52028 avia_image' src=\"https:\/\/radiorevelacionfm.cl\/wp-content\/uploads\/2025\/04\/2-de-abril-dia-mundial-del-autismo-1-1_optimized.jpg\" alt='' title='2-de-abril-dia-mundial-del-autismo-(1)-(1)_optimized' height=\"721\" width=\"800\"  itemprop=\"thumbnailUrl\" srcset=\"https:\/\/radiorevelacionfm.cl\/wp-content\/uploads\/2025\/04\/2-de-abril-dia-mundial-del-autismo-1-1_optimized.jpg 800w, https:\/\/radiorevelacionfm.cl\/wp-content\/uploads\/2025\/04\/2-de-abril-dia-mundial-del-autismo-1-1_optimized-300x270.jpg 300w, https:\/\/radiorevelacionfm.cl\/wp-content\/uploads\/2025\/04\/2-de-abril-dia-mundial-del-autismo-1-1_optimized-768x692.jpg 768w, https:\/\/radiorevelacionfm.cl\/wp-content\/uploads\/2025\/04\/2-de-abril-dia-mundial-del-autismo-1-1_optimized-705x635.jpg 705w, https:\/\/radiorevelacionfm.cl\/wp-content\/uploads\/2025\/04\/2-de-abril-dia-mundial-del-autismo-1-1_optimized-450x406.jpg 450w, https:\/\/radiorevelacionfm.cl\/wp-content\/uploads\/2025\/04\/2-de-abril-dia-mundial-del-autismo-1-1_optimized-600x541.jpg 600w\" sizes=\"(max-width: 800px) 100vw, 800px\" \/><\/div><\/div><\/div><\/div><div class=\"flex_column av_one_full  flex_column_div av-zero-column-padding first  avia-builder-el-2  el_after_av_one_full  el_before_av_one_full  column-top-margin\" style='border-radius:0px; '><section class=\"av_textblock_section \"  itemscope=\"itemscope\" itemtype=\"https:\/\/schema.org\/BlogPosting\" itemprop=\"blogPost\" ><div class='avia_textblock  '   itemprop=\"text\" ><p style=\"text-align: center;\"><strong><span style=\"font-size: 18pt;\">2 de Abril D\u00eda Mundial del Autismo: La importancia del diagn\u00f3stico temprano<\/span><\/strong><\/p>\n<div id=\"gtx-trans\" style=\"position: absolute; left: -50px; top: 4.31534px;\">\n<div class=\"gtx-trans-icon\"><\/div>\n<\/div>\n<\/div><\/section><\/div><div class=\"flex_column av_one_full  flex_column_div av-zero-column-padding first  avia-builder-el-4  el_after_av_one_full  el_before_av_hr  column-top-margin\" style='border-radius:0px; '><section class=\"av_textblock_section \"  itemscope=\"itemscope\" itemtype=\"https:\/\/schema.org\/BlogPosting\" itemprop=\"blogPost\" ><div class='avia_textblock  '   itemprop=\"text\" ><p style=\"text-align: justify;\"><em>Se estima afecta entre el 1% y 2% de la poblaci\u00f3n chilena, siendo hist\u00f3ricamente m\u00e1s prevalente en los hombres.<\/em><\/p>\n<p style=\"text-align: justify;\">Cada 2 de abril se celebra el D\u00eda Mundial de Concienciaci\u00f3n sobre el Autismo, una fecha que tiene como objetivo visibilizar, promover la inclusi\u00f3n y el respeto hacia las personas dentro del espectro autista.<\/p>\n<p style=\"text-align: justify;\">Si bien en los \u00faltimos a\u00f1os las cifras de diagn\u00f3sticos han aumentado a nivel mundial, esto no necesariamente indica un alza en los casos, sino un mayor conocimiento del espectro autista y mejores herramientas para su identificaci\u00f3n.<\/p>\n<p style=\"text-align: justify;\">El Trastorno del Espectro Autista (TEA) es una variaci\u00f3n del desarrollo neurol\u00f3gico caracterizada por dificultades cr\u00f3nicas en la interacci\u00f3n social y la comunicaci\u00f3n, adem\u00e1s de patrones de pensamiento y comportamiento r\u00edgidos. \u201cSi bien el autismo siempre se inicia en la infancia temprana, su diagn\u00f3stico puede realizarse en cualquier etapa de la vida. Su identificaci\u00f3n temprana permite iniciar tratamientos que mejoran significativamente la calidad de vida de quienes lo presentan\u201d, comenta el Dr. Sebasti\u00e1n Robert, psiquiatra de Cl\u00ednica Universidad de los Andes.<\/p>\n<p style=\"text-align: justify;\">El diagn\u00f3stico precoz es fundamental para as\u00ed poder implementar estrategias de apoyo y rehabilitaci\u00f3n que favorezcan el desarrollo de diferentes habilidades, entre ellas las m\u00e1s comunes son las comunicativas, las sociales y las conductuales.<\/p>\n<p style=\"text-align: justify;\">El abordaje requiere de un equipo multidisciplinario y depender\u00e1 de la cantidad de apoyos que se requieran. Sin embargo, por lo general este equipo est\u00e1 conformado por psiquiatras, neur\u00f3logos, psic\u00f3logos, terapeutas ocupacionales y fonoaudi\u00f3logos. Adem\u00e1s, en algunos casos pueden requerirse evaluaciones por especialistas en gen\u00e9tica, gastroenterolog\u00eda, oftalmolog\u00eda y otras \u00e1reas m\u00e9dicas. Este trabajo asegura una evaluaci\u00f3n completa y la implementaci\u00f3n de estrategias personalizadas que abordan las necesidades espec\u00edficas de cada individuo.<\/p>\n<p style=\"text-align: justify;\">\u201cLa participaci\u00f3n del entorno educativo y el apoyo de asistentes sociales tambi\u00e9n son claves para una adecuada inclusi\u00f3n. Las intervenciones en edades tempranas tienen un impacto significativo en la evoluci\u00f3n del cuadro\u201d, a\u00f1ade el especialista.<\/p>\n<p style=\"text-align: justify;\">El TEA tiene un fuerte componente gen\u00e9tico y suele presentarse en familias con antecedentes similares. Sin embargo, no existe un marcador gen\u00e9tico \u00fanico que determine su presencia. Es esencial que el diagn\u00f3stico sea realizado por profesionales capacitados, evitando autodiagn\u00f3sticos basados en informaci\u00f3n parcial. \u201cEl proceso debe considerar la historia de desarrollo del paciente y no solo sus caracter\u00edsticas actuales\u201d, concluye el Dr. Robert.<\/p>\n<p style=\"text-align: justify;\">En este D\u00eda Mundial del Autismo, hacemos un llamado a la concientizaci\u00f3n, la empat\u00eda y el apoyo a las personas dentro del espectro autista y sus familias, promoviendo entornos inclusivos y oportunidades de desarrollo para todos.<\/p>\n<\/div><\/section><\/div><div  style='height:50px' class='hr hr-invisible   avia-builder-el-6  el_after_av_one_full  el_before_av_social_share '><span class='hr-inner ' ><span class='hr-inner-style'><\/span><\/span><\/div><\/p>\n<div  class='av-social-sharing-box  avia-builder-el-7  el_after_av_hr  el_before_av_hr  '><div class='av-share-box'><h5 class='av-share-link-description av-no-toc '>Compartir esta noticia<\/h5><ul class='av-share-box-list noLightbox'><li class='av-share-link av-social-link-facebook' ><a target=\"_blank\" aria-label=\"Compartir en Facebook\" href='https:\/\/www.facebook.com\/sharer.php?u=https:\/\/radiorevelacionfm.cl\/?p=52027&#038;t=2%20de%20Abril%20D%C3%ADa%20Mundial%20del%20Autismo%3A%20La%20importancia%20del%20diagn%C3%B3stico%20temprano' aria-hidden='false' data-av_icon='\ue8f3' data-av_iconfont='entypo-fontello' title='' data-avia-related-tooltip='Compartir en Facebook' rel=\"noopener\"><span class='avia_hidden_link_text'>Compartir en Facebook<\/span><\/a><\/li><li class='av-share-link av-social-link-twitter' ><a target=\"_blank\" aria-label=\"Compartir en Twitter\" href='https:\/\/twitter.com\/share?text=2%20de%20Abril%20D%C3%ADa%20Mundial%20del%20Autismo%3A%20La%20importancia%20del%20diagn%C3%B3stico%20temprano&#038;url=https:\/\/radiorevelacionfm.cl\/?p=52027' aria-hidden='false' data-av_icon='\ue8f1' data-av_iconfont='entypo-fontello' title='' data-avia-related-tooltip='Compartir en Twitter' rel=\"noopener\"><span class='avia_hidden_link_text'>Compartir en Twitter<\/span><\/a><\/li><li class='av-share-link av-social-link-whatsapp' ><a target=\"_blank\" aria-label=\"Compartir en Whatsapp\" href='https:\/\/api.whatsapp.com\/send?text=https:\/\/radiorevelacionfm.cl\/?p=52027' aria-hidden='false' data-av_icon='\uf232' data-av_iconfont='entypo-fontello' title='' data-avia-related-tooltip='Compartir en Whatsapp' rel=\"noopener\"><span class='avia_hidden_link_text'>Compartir en Whatsapp<\/span><\/a><\/li><li class='av-share-link av-social-link-linkedin' ><a target=\"_blank\" aria-label=\"Compartir en LinkedIn\" href='https:\/\/linkedin.com\/shareArticle?mini=true&#038;title=2%20de%20Abril%20D%C3%ADa%20Mundial%20del%20Autismo%3A%20La%20importancia%20del%20diagn%C3%B3stico%20temprano&#038;url=https:\/\/radiorevelacionfm.cl\/?p=52027' aria-hidden='false' data-av_icon='\ue8fc' data-av_iconfont='entypo-fontello' title='' data-avia-related-tooltip='Compartir en LinkedIn' rel=\"noopener\"><span class='avia_hidden_link_text'>Compartir en LinkedIn<\/span><\/a><\/li><li class='av-share-link av-social-link-mail' ><a  aria-label=\"Compartir por correo\" href='mailto:?subject=2%20de%20Abril%20D%C3%ADa%20Mundial%20del%20Autismo%3A%20La%20importancia%20del%20diagn%C3%B3stico%20temprano&#038;body=https:\/\/radiorevelacionfm.cl\/?p=52027' aria-hidden='false' data-av_icon='\ue805' data-av_iconfont='entypo-fontello' title='' data-avia-related-tooltip='Compartir por correo'><span class='avia_hidden_link_text'>Compartir por correo<\/span><\/a><\/li><\/ul><\/div><\/div>\n<div  style='height:50px' class='hr hr-invisible   avia-builder-el-8  el_after_av_social_share  el_before_av_comments_list '><span class='hr-inner ' ><span class='hr-inner-style'><\/span><\/span><\/div>\n<div  class='av-buildercomment  av-blog-meta-html-info-disabled av-blog-meta-tag-disabled  '><\/div>\n","protected":false},"excerpt":{"rendered":"","protected":false},"author":1,"featured_media":52028,"comment_status":"closed","ping_status":"closed","sticky":false,"template":"","format":"standard","meta":{"footnotes":""},"categories":[61],"tags":[],"class_list":["post-52027","post","type-post","status-publish","format-standard","has-post-thumbnail","hentry","category-nacional"],"jetpack_featured_media_url":"https:\/\/radiorevelacionfm.cl\/wp-content\/uploads\/2025\/04\/2-de-abril-dia-mundial-del-autismo-1-1_optimized.jpg","_links":{"self":[{"href":"https:\/\/radiorevelacionfm.cl\/index.php?rest_route=\/wp\/v2\/posts\/52027","targetHints":{"allow":["GET"]}}],"collection":[{"href":"https:\/\/radiorevelacionfm.cl\/index.php?rest_route=\/wp\/v2\/posts"}],"about":[{"href":"https:\/\/radiorevelacionfm.cl\/index.php?rest_route=\/wp\/v2\/types\/post"}],"author":[{"embeddable":true,"href":"https:\/\/radiorevelacionfm.cl\/index.php?rest_route=\/wp\/v2\/users\/1"}],"replies":[{"embeddable":true,"href":"https:\/\/radiorevelacionfm.cl\/index.php?rest_route=%2Fwp%2Fv2%2Fcomments&post=52027"}],"version-history":[{"count":2,"href":"https:\/\/radiorevelacionfm.cl\/index.php?rest_route=\/wp\/v2\/posts\/52027\/revisions"}],"predecessor-version":[{"id":52095,"href":"https:\/\/radiorevelacionfm.cl\/index.php?rest_route=\/wp\/v2\/posts\/52027\/revisions\/52095"}],"wp:featuredmedia":[{"embeddable":true,"href":"https:\/\/radiorevelacionfm.cl\/index.php?rest_route=\/wp\/v2\/media\/52028"}],"wp:attachment":[{"href":"https:\/\/radiorevelacionfm.cl\/index.php?rest_route=%2Fwp%2Fv2%2Fmedia&parent=52027"}],"wp:term":[{"taxonomy":"category","embeddable":true,"href":"https:\/\/radiorevelacionfm.cl\/index.php?rest_route=%2Fwp%2Fv2%2Fcategories&post=52027"},{"taxonomy":"post_tag","embeddable":true,"href":"https:\/\/radiorevelacionfm.cl\/index.php?rest_route=%2Fwp%2Fv2%2Ftags&post=52027"}],"curies":[{"name":"wp","href":"https:\/\/api.w.org\/{rel}","templated":true}]}}