{"id":52023,"date":"2025-04-01T21:30:15","date_gmt":"2025-04-02T00:30:15","guid":{"rendered":"https:\/\/radiorevelacionfm.cl\/?p=52023"},"modified":"2025-04-01T21:30:15","modified_gmt":"2025-04-02T00:30:15","slug":"consejero-pablo-guglielmi-llama-a-fortalecer-el-trabajo-con-los-adultos-mayores-en-aysen","status":"publish","type":"post","link":"https:\/\/radiorevelacionfm.cl\/?p=52023","title":{"rendered":"Consejero Pablo Guglielmi llama a fortalecer el trabajo con los adultos mayores en Ays\u00e9n"},"content":{"rendered":"<div class=\"flex_column av_one_full  flex_column_div av-zero-column-padding first  avia-builder-el-0  el_before_av_one_full  avia-builder-el-first  \" style='border-radius:0px; '><div  class='avia-image-container  av-styling-    avia-builder-el-1  avia-builder-el-no-sibling  avia-align-center '  itemprop=\"image\" itemscope=\"itemscope\" itemtype=\"https:\/\/schema.org\/ImageObject\"  ><div class='avia-image-container-inner'><div class='avia-image-overlay-wrap'><img decoding=\"async\" class='wp-image-52024 avia-img-lazy-loading-not-52024 avia_image' src=\"https:\/\/radiorevelacionfm.cl\/wp-content\/uploads\/2025\/04\/guglielmi-adultos-mayores-2-1_optimized.jpg\" alt='' title='guglielmi-adultos-mayores-2-(1)_optimized' height=\"600\" width=\"1067\"  itemprop=\"thumbnailUrl\" srcset=\"https:\/\/radiorevelacionfm.cl\/wp-content\/uploads\/2025\/04\/guglielmi-adultos-mayores-2-1_optimized.jpg 1067w, https:\/\/radiorevelacionfm.cl\/wp-content\/uploads\/2025\/04\/guglielmi-adultos-mayores-2-1_optimized-300x169.jpg 300w, https:\/\/radiorevelacionfm.cl\/wp-content\/uploads\/2025\/04\/guglielmi-adultos-mayores-2-1_optimized-1030x579.jpg 1030w, https:\/\/radiorevelacionfm.cl\/wp-content\/uploads\/2025\/04\/guglielmi-adultos-mayores-2-1_optimized-768x432.jpg 768w, https:\/\/radiorevelacionfm.cl\/wp-content\/uploads\/2025\/04\/guglielmi-adultos-mayores-2-1_optimized-705x396.jpg 705w, https:\/\/radiorevelacionfm.cl\/wp-content\/uploads\/2025\/04\/guglielmi-adultos-mayores-2-1_optimized-450x253.jpg 450w, https:\/\/radiorevelacionfm.cl\/wp-content\/uploads\/2025\/04\/guglielmi-adultos-mayores-2-1_optimized-600x337.jpg 600w\" sizes=\"(max-width: 1067px) 100vw, 1067px\" \/><\/div><\/div><\/div><\/div><div class=\"flex_column av_one_full  flex_column_div av-zero-column-padding first  avia-builder-el-2  el_after_av_one_full  el_before_av_one_full  column-top-margin\" style='border-radius:0px; '><section class=\"av_textblock_section \"  itemscope=\"itemscope\" itemtype=\"https:\/\/schema.org\/BlogPosting\" itemprop=\"blogPost\" ><div class='avia_textblock  '   itemprop=\"text\" ><p style=\"text-align: center;\"><strong><span style=\"font-size: 18pt;\">Consejero Pablo Guglielmi llama a fortalecer el trabajo con los adultos mayores en Ays\u00e9n<\/span><\/strong><\/p>\n<div id=\"gtx-trans\" style=\"position: absolute; left: -50px; top: 4.31534px;\">\n<div class=\"gtx-trans-icon\"><\/div>\n<\/div>\n<\/div><\/section><\/div><div class=\"flex_column av_one_full  flex_column_div av-zero-column-padding first  avia-builder-el-4  el_after_av_one_full  el_before_av_hr  column-top-margin\" style='border-radius:0px; '><section class=\"av_textblock_section \"  itemscope=\"itemscope\" itemtype=\"https:\/\/schema.org\/BlogPosting\" itemprop=\"blogPost\" ><div class='avia_textblock  '   itemprop=\"text\" ><p style=\"text-align: justify;\">El envejecimiento de la poblaci\u00f3n en Chile y en la regi\u00f3n de Ays\u00e9n es un desaf\u00edo inminente que requiere acci\u00f3n urgente. As\u00ed lo manifest\u00f3 el consejero regional Pablo Guglielmi, quien hizo un llamado a fortalecer el trabajo con los adultos mayores a trav\u00e9s del Gobierno Regional y la Comisi\u00f3n de Adulto Mayor y Familia, destacando la importancia de contar con recursos y una planificaci\u00f3n adecuada para abordar sus necesidades.<\/p>\n<p style=\"text-align: justify;\">\u00abUrge trabajar con nuestros adultos mayores a nivel nacional y regional. El \u00faltimo censo refleja que cada vez nos envejecemos m\u00e1s, lo que reduce la brecha entre ni\u00f1os y adultos mayores. Hoy, como Gobierno Regional y consejeros regionales, necesitamos comenzar a levantar temas prioritarios que releven la importancia del trabajo, el acompa\u00f1amiento y las oportunidades para la tercera edad\u00bb, declar\u00f3 Guglielmi.<\/p>\n<p style=\"text-align: justify;\">El consejero destac\u00f3 que la baja natalidad y el envejecimiento poblacional presentan un gran desaf\u00edo para las pol\u00edticas p\u00fablicas del pa\u00eds y de la regi\u00f3n. En este sentido, indic\u00f3 que actualmente la capacidad de los Establecimientos de Larga Estad\u00eda para Adultos Mayores (ELEAM) solo cubre un 10% de la demanda estimada a nivel nacional. Esto obliga a muchas familias a buscar alternativas informales, sin regulaci\u00f3n ni garant\u00edas de calidad. Adem\u00e1s, seg\u00fan datos oficiales, solo el 19% de los ELEAM son p\u00fablicos, el 30% pertenece a organizaciones sin fines de lucro y un 67,9% son privados, principalmente peque\u00f1as y medianas empresas.<\/p>\n<p style=\"text-align: justify;\">\u00abDebemos preguntarnos cu\u00e1les van a ser los desaf\u00edos con nuestros adultos mayores y c\u00f3mo trabajaremos para que tengan un buen vivir. La palabra &#8216;j\u00fabilo&#8217; deber\u00eda reflejar la posibilidad de que los adultos mayores disfruten de sus \u00faltimos a\u00f1os sin preocupaciones. Sin embargo, hoy enfrentamos una realidad donde muchos de ellos no logran acceder a un cupo en el sistema estatal o en establecimientos sin fines de lucro, quedando sin alternativas de atenci\u00f3n y sin la posibilidad de mejorar su calidad de vida\u00bb, agreg\u00f3 el consejero.<\/p>\n<p style=\"text-align: justify;\">En el sector rural, el panorama es a\u00fan m\u00e1s complejo, con un aumento constante de la poblaci\u00f3n de adultos mayores que no cuenta con suficientes oportunidades para mejorar su bienestar. Adem\u00e1s, la seguridad es otro aspecto preocupante: \u00abLos adultos mayores tambi\u00e9n son v\u00edctimas de delitos, y es un tema que no ha recibido la atenci\u00f3n necesaria. En Ays\u00e9n, los delitos contra adultos mayores han aumentado un 24% sobre el promedio nacional. Esta es una cifra que debe alertarnos y motivarnos a tomar medidas serias desde el Gobierno Regional y la Comisi\u00f3n de Adulto Mayor y Familia\u00bb, enfatiz\u00f3 Guglielmi.<\/p>\n<p style=\"text-align: justify;\">El consejero concluy\u00f3 se\u00f1alando que este es un compromiso que debe ser asumido no solo por las autoridades, sino tambi\u00e9n por toda la sociedad. \u00abAl fin y al cabo, todos llegaremos a esa edad.<\/p>\n<p style=\"text-align: justify;\">Debemos construir una regi\u00f3n que asegure bienestar, dignidad y seguridad para nuestros adultos mayores, con una planificaci\u00f3n seria y recursos adecuados para responder a sus necesidades\u00bb.<\/p>\n<\/div><\/section><\/div><div  style='height:50px' class='hr hr-invisible   avia-builder-el-6  el_after_av_one_full  el_before_av_social_share '><span class='hr-inner ' ><span class='hr-inner-style'><\/span><\/span><\/div><\/p>\n<div  class='av-social-sharing-box  avia-builder-el-7  el_after_av_hr  el_before_av_hr  '><div class='av-share-box'><h5 class='av-share-link-description av-no-toc '>Compartir esta noticia<\/h5><ul class='av-share-box-list noLightbox'><li class='av-share-link av-social-link-facebook' ><a target=\"_blank\" aria-label=\"Compartir en Facebook\" href='https:\/\/www.facebook.com\/sharer.php?u=https:\/\/radiorevelacionfm.cl\/?p=52023&#038;t=Consejero%20Pablo%20Guglielmi%20llama%20a%20fortalecer%20el%20trabajo%20con%20los%20adultos%20mayores%20en%20Ays%C3%A9n' aria-hidden='false' data-av_icon='\ue8f3' data-av_iconfont='entypo-fontello' title='' data-avia-related-tooltip='Compartir en Facebook' rel=\"noopener\"><span class='avia_hidden_link_text'>Compartir en Facebook<\/span><\/a><\/li><li class='av-share-link av-social-link-twitter' ><a target=\"_blank\" aria-label=\"Compartir en Twitter\" href='https:\/\/twitter.com\/share?text=Consejero%20Pablo%20Guglielmi%20llama%20a%20fortalecer%20el%20trabajo%20con%20los%20adultos%20mayores%20en%20Ays%C3%A9n&#038;url=https:\/\/radiorevelacionfm.cl\/?p=52023' aria-hidden='false' data-av_icon='\ue8f1' data-av_iconfont='entypo-fontello' title='' data-avia-related-tooltip='Compartir en Twitter' rel=\"noopener\"><span class='avia_hidden_link_text'>Compartir en Twitter<\/span><\/a><\/li><li class='av-share-link av-social-link-whatsapp' ><a target=\"_blank\" aria-label=\"Compartir en Whatsapp\" href='https:\/\/api.whatsapp.com\/send?text=https:\/\/radiorevelacionfm.cl\/?p=52023' aria-hidden='false' data-av_icon='\uf232' data-av_iconfont='entypo-fontello' title='' data-avia-related-tooltip='Compartir en Whatsapp' rel=\"noopener\"><span class='avia_hidden_link_text'>Compartir en Whatsapp<\/span><\/a><\/li><li class='av-share-link av-social-link-linkedin' ><a target=\"_blank\" aria-label=\"Compartir en LinkedIn\" href='https:\/\/linkedin.com\/shareArticle?mini=true&#038;title=Consejero%20Pablo%20Guglielmi%20llama%20a%20fortalecer%20el%20trabajo%20con%20los%20adultos%20mayores%20en%20Ays%C3%A9n&#038;url=https:\/\/radiorevelacionfm.cl\/?p=52023' aria-hidden='false' data-av_icon='\ue8fc' data-av_iconfont='entypo-fontello' title='' data-avia-related-tooltip='Compartir en LinkedIn' rel=\"noopener\"><span class='avia_hidden_link_text'>Compartir en LinkedIn<\/span><\/a><\/li><li class='av-share-link av-social-link-mail' ><a  aria-label=\"Compartir por correo\" href='mailto:?subject=Consejero%20Pablo%20Guglielmi%20llama%20a%20fortalecer%20el%20trabajo%20con%20los%20adultos%20mayores%20en%20Ays%C3%A9n&#038;body=https:\/\/radiorevelacionfm.cl\/?p=52023' aria-hidden='false' data-av_icon='\ue805' data-av_iconfont='entypo-fontello' title='' data-avia-related-tooltip='Compartir por correo'><span class='avia_hidden_link_text'>Compartir por correo<\/span><\/a><\/li><\/ul><\/div><\/div>\n<div  style='height:50px' class='hr hr-invisible   avia-builder-el-8  el_after_av_social_share  el_before_av_comments_list '><span class='hr-inner ' ><span class='hr-inner-style'><\/span><\/span><\/div>\n<div  class='av-buildercomment  av-blog-meta-html-info-disabled av-blog-meta-tag-disabled  '><\/div>\n","protected":false},"excerpt":{"rendered":"","protected":false},"author":1,"featured_media":52024,"comment_status":"closed","ping_status":"closed","sticky":false,"template":"","format":"standard","meta":{"footnotes":""},"categories":[38],"tags":[],"class_list":["post-52023","post","type-post","status-publish","format-standard","has-post-thumbnail","hentry","category-regional"],"jetpack_featured_media_url":"https:\/\/radiorevelacionfm.cl\/wp-content\/uploads\/2025\/04\/guglielmi-adultos-mayores-2-1_optimized.jpg","_links":{"self":[{"href":"https:\/\/radiorevelacionfm.cl\/index.php?rest_route=\/wp\/v2\/posts\/52023","targetHints":{"allow":["GET"]}}],"collection":[{"href":"https:\/\/radiorevelacionfm.cl\/index.php?rest_route=\/wp\/v2\/posts"}],"about":[{"href":"https:\/\/radiorevelacionfm.cl\/index.php?rest_route=\/wp\/v2\/types\/post"}],"author":[{"embeddable":true,"href":"https:\/\/radiorevelacionfm.cl\/index.php?rest_route=\/wp\/v2\/users\/1"}],"replies":[{"embeddable":true,"href":"https:\/\/radiorevelacionfm.cl\/index.php?rest_route=%2Fwp%2Fv2%2Fcomments&post=52023"}],"version-history":[{"count":2,"href":"https:\/\/radiorevelacionfm.cl\/index.php?rest_route=\/wp\/v2\/posts\/52023\/revisions"}],"predecessor-version":[{"id":52078,"href":"https:\/\/radiorevelacionfm.cl\/index.php?rest_route=\/wp\/v2\/posts\/52023\/revisions\/52078"}],"wp:featuredmedia":[{"embeddable":true,"href":"https:\/\/radiorevelacionfm.cl\/index.php?rest_route=\/wp\/v2\/media\/52024"}],"wp:attachment":[{"href":"https:\/\/radiorevelacionfm.cl\/index.php?rest_route=%2Fwp%2Fv2%2Fmedia&parent=52023"}],"wp:term":[{"taxonomy":"category","embeddable":true,"href":"https:\/\/radiorevelacionfm.cl\/index.php?rest_route=%2Fwp%2Fv2%2Fcategories&post=52023"},{"taxonomy":"post_tag","embeddable":true,"href":"https:\/\/radiorevelacionfm.cl\/index.php?rest_route=%2Fwp%2Fv2%2Ftags&post=52023"}],"curies":[{"name":"wp","href":"https:\/\/api.w.org\/{rel}","templated":true}]}}